{"id":329837,"date":"2025-08-19T18:21:10","date_gmt":"2025-08-19T18:21:10","guid":{"rendered":"https:\/\/www.europesays.com\/fr\/329837\/"},"modified":"2025-08-19T18:21:10","modified_gmt":"2025-08-19T18:21:10","slug":"fait-il-plus-chaud-a-rennes-aujourdhui-quil-y-a-30-ans-ce-meteorologue-repond","status":"publish","type":"post","link":"https:\/\/www.europesays.com\/fr\/329837\/","title":{"rendered":"Fait-il plus chaud \u00e0 Rennes aujourd\u2019hui qu\u2019il y a 30 ans ? Ce m\u00e9t\u00e9orologue r\u00e9pond"},"content":{"rendered":"<p>            Par<br \/>\n        <strong><br \/>\n            <a href=\"https:\/\/actu.fr\/auteur\/lou-batteux\" title=\"Consulter tous les articles de Lou Batteux\" target=\"_blank\" rel=\"noopener\">Lou Batteux<\/a><br \/>\n        <\/strong><\/p>\n<p>        Publi\u00e9 le<\/p>\n<p>            19 ao\u00fbt 2025 \u00e0 14h24        <\/p>\n<p>Depuis le d\u00e9but de l\u2019ann\u00e9e 2025, <strong>22 journ\u00e9es de fortes chaleurs<\/strong> ont \u00e9t\u00e9 recens\u00e9es \u00e0 <a href=\"https:\/\/actu.fr\/rennes\/\" target=\"_blank\" rel=\"noopener\">Rennes<\/a> par <a href=\"https:\/\/www.meteo.bzh\/\" target=\"_blank\" rel=\"noopener\">M\u00e9t\u00e9o Bretagne<\/a>. C\u2019est autant qu\u2019\u00e0 <strong>l\u2019\u00e9t\u00e9 1976<\/strong>, marqu\u00e9 par une canicule intense et longue qui a conduit \u00e0 une s\u00e9cheresse dans l\u2019ensemble du pays.<\/p>\n<p class=\" wall-content\">La forte chaleur est atteinte quand les temp\u00e9ratures \u00e9galent ou d\u00e9passent <strong>30\u00a0\u00b0C<\/strong>. Cette ann\u00e9e, c\u2019est environ 2,5 fois plus que la moyenne sur la p\u00e9riode 1991 \u2013 2020.<\/p>\n<p>Des apr\u00e8s-midi d\u2019\u00e9t\u00e9 \u00e0 25\u00a0\u00b0C<\/p>\n<p class=\" wall-content\">Entre\u00a01991 et\u00a02020, en effet, on a enregistr\u00e9 en moyenne <strong>8,9 journ\u00e9es de fortes chaleurs par an<\/strong>. \u00ab\u2009Les fortes chaleurs ne sont pas souvent atteintes au nord de la France\u2009\u00bb, explique <strong>S\u00e9bastien Decaux<\/strong>, m\u00e9t\u00e9orologue \u00e0 <a href=\"https:\/\/actu.fr\/rennes\/meteo\" target=\"_blank\" rel=\"noopener\">M\u00e9t\u00e9o Bretagne<\/a>.<\/p>\n<p class=\" wall-content\">\u00c0 Rennes, la temp\u00e9rature moyenne des <strong>apr\u00e8s-midi d\u2019\u00e9t\u00e9 est de 25\u00a0\u00b0C<\/strong>. Cet \u00e9t\u00e9, <a href=\"https:\/\/actu.fr\/bretagne\/rennes_35238\/canicule-en-ille-et-vilaine-et-a-rennes-le-departement-place-en-vigilance-par-meteo-france_63031931.html\" target=\"_blank\" rel=\"noopener\">l\u2019Ille-et-Vilaine a d\u2019ailleurs \u00e9t\u00e9 plac\u00e9e en <strong>vigilance canicule<\/strong><\/a> \u00e0 plusieurs reprises.<\/p>\n<p>Rennes\u2009: ville la plus chaude de Bretagne\u2009?<\/p>\n<p class=\" wall-content\">Ces fortes chaleurs s\u2019observent g\u00e9n\u00e9ralement <strong>\u00e0 partir du mois de mai<\/strong> et peuvent durer <strong>jusqu\u2019\u00e0 fin septembre<\/strong> dans la r\u00e9gion. En 2025, M\u00e9t\u00e9o Bretagne a pu observer une journ\u00e9e de fortes chaleurs en mai, neuf en juin, six en juillet et \u00e9galement six en ao\u00fbt\u2026 \u00ab\u2009pour l\u2019instant\u2009\u00bb.<\/p>\n<p class=\" wall-content\">Aux c\u00f4t\u00e9s de Redon et de La Guerche-de-Bretagne, Rennes fait partie des <strong>villes bretonnes qui ont subi le plus de journ\u00e9es de fortes chaleurs\u2009:<\/strong><\/p>\n<p>Votre r\u00e9gion, votre actu !<\/p>\n<p>Recevez chaque jour les infos qui comptent pour vous.<\/p>\n<p>\t<a href=\"https:\/\/actu.fr\/newsletter\" class=\"ac-btn ac-btn--corner ac-btn--medium ac-btn--blue800\" target=\"_blank\" rel=\"noopener\">S&rsquo;incrire<\/a><\/p>\n<blockquote class=\"ac-article-quote wall-content\">\n<p>C&rsquo;est parce qu&rsquo;elles sont davantage situ\u00e9es dans l&rsquo;arri\u00e8re-pays. Cette ann\u00e9e, aucune journ\u00e9e de fortes chaleurs n\u2019a \u00e9t\u00e9 relev\u00e9e \u00e0 Ouessant par exemple.<\/p>\n<p>    <strong>S\u00e9bastien Decaux<\/strong><br \/>\n        M\u00e9t\u00e9orologue    <\/p><\/blockquote>\n<p>La faute au r\u00e9chauffement climatique\u2009?<\/p>\n<p class=\" wall-content\">Ces \u00e9pisodes de hausses marqu\u00e9es des temp\u00e9ratures sont \u00ab\u2009de plus en plus souvent atteints avec le temps\u2009\u00bb, selon le m\u00e9t\u00e9orologue.<\/p>\n<blockquote class=\"ac-article-quote wall-content\">\n<p>Les chaleurs deviennent plus intenses et les p\u00e9riodes de fortes chaleurs s&rsquo;\u00e9talent (et s&rsquo;\u00e9taleront) de plus en plus dans le temps.<\/p>\n<p>    <strong>S\u00e9bastien Decaux<\/strong><br \/>\n        M\u00e9t\u00e9orologue \u00e0 M\u00e9t\u00e9o Bretagne    <\/p><\/blockquote>\n<p class=\" wall-content\">Alors cela s\u2019explique-t-il par le <strong>r\u00e9chauffement climatique<\/strong>\u2009? Ce dernier y joue pour quelque chose, \u00ab\u2009c\u2019est une \u00e9vidence\u2009\u00bb, pointe S\u00e9bastien Decaux. Mais \u00ab\u2009il n\u2019y a pas que \u00e7a\u2009\u00bb. Masses d\u2019air chaud, pr\u00e9sence de nuages\u2026 La <strong>\u00ab\u2009conjoncture m\u00e9t\u00e9orologique\u2009\u00bb<\/strong> est aussi \u00e0 prendre en compte.<\/p>\n<p class=\" wall-content\">Celle-ci est principalement gouvern\u00e9e par la <strong>pr\u00e9sence et la position d\u2019un anticyclone<\/strong>. Cette \u00ab\u2009zone de haute pression atmosph\u00e9rique\u2009\u00bb repousse le vent et les nuages et fait descendre une masse d\u2019air chaud \u00e0 la surface de la Terre. Cela favorise donc <strong>l\u2019ensoleillement et le beau temps<\/strong>.<\/p>\n<p>Quelles cons\u00e9quences\u2009?<\/p>\n<p class=\" wall-content\">\u00c0 terme, quelles seront donc les <strong>cons\u00e9quences<\/strong> de cette variabilit\u00e9 du climat en Bretagne\u2009? \u00ab\u2009La carte de nos cultures pourrait \u00eatre modifi\u00e9e\u2009\u00bb, note S\u00e9bastien Decaux.<\/p>\n<p class=\" wall-content\">Ce dernier rel\u00e8ve d\u2019ailleurs que \u00ab\u2009les vignes poussent d\u00e9j\u00e0 dans certains secteurs bretons, comme \u00e0 Saint-Suliac\u2009\u00bb. \u00c0 cela s\u2019ajoute <strong>l\u2019irr\u00e9gularit\u00e9 croissante dans les r\u00e9gimes de pr\u00e9cipitations<\/strong> qu\u2019il \u00ab\u2009faut g\u00e9rer\u2009\u00bb.<\/p>\n<p class=\" wall-content\">Personnalisez votre actualit\u00e9 en ajoutant vos villes et m\u00e9dias en favori avec <a href=\"https:\/\/moncompte.actu.fr\" title=\"D\u00e9couvez Mon Actu\" rel=\"nofollow noopener\" data-trk=\"{&quot;cta&quot;:{&quot;action&quot;:&quot;https:\\\/\\\/moncompte.actu.fr&quot;,&quot;category&quot;:&quot;mon compte&quot;,&quot;from&quot;:&quot;article footer&quot;,&quot;name&quot;:&quot;Mon actu&quot;,&quot;type&quot;:&quot;cta&quot;}}\" target=\"_blank\">Mon Actu<\/a>.<\/p>\n","protected":false},"excerpt":{"rendered":"Par Lou Batteux Publi\u00e9 le 19 ao\u00fbt 2025 \u00e0 14h24 Depuis le d\u00e9but de l\u2019ann\u00e9e 2025, 22 journ\u00e9es&hellip;\n","protected":false},"author":2,"featured_media":329838,"comment_status":"","ping_status":"","sticky":false,"template":"","format":"standard","meta":{"footnotes":""},"categories":[2821],"tags":[1111,11,829,6698,1777,674,1011,27,2487,12,5140,584,25,15637],"class_list":{"0":"post-329837","1":"post","2":"type-post","3":"status-publish","4":"format-standard","5":"has-post-thumbnail","7":"category-rennes","8":"tag-actu","9":"tag-actualites","10":"tag-bretagne","11":"tag-canicule","12":"tag-eu","13":"tag-europe","14":"tag-fr","15":"tag-france","16":"tag-meteo","17":"tag-news","18":"tag-rechauffement-climatique","19":"tag-rennes","20":"tag-republique-francaise","21":"tag-vague-de-chaleur"},"share_on_mastodon":{"url":"https:\/\/pubeurope.com\/@fr\/115056822361020841","error":""},"_links":{"self":[{"href":"https:\/\/www.europesays.com\/fr\/wp-json\/wp\/v2\/posts\/329837","targetHints":{"allow":["GET"]}}],"collection":[{"href":"https:\/\/www.europesays.com\/fr\/wp-json\/wp\/v2\/posts"}],"about":[{"href":"https:\/\/www.europesays.com\/fr\/wp-json\/wp\/v2\/types\/post"}],"author":[{"embeddable":true,"href":"https:\/\/www.europesays.com\/fr\/wp-json\/wp\/v2\/users\/2"}],"replies":[{"embeddable":true,"href":"https:\/\/www.europesays.com\/fr\/wp-json\/wp\/v2\/comments?post=329837"}],"version-history":[{"count":0,"href":"https:\/\/www.europesays.com\/fr\/wp-json\/wp\/v2\/posts\/329837\/revisions"}],"wp:featuredmedia":[{"embeddable":true,"href":"https:\/\/www.europesays.com\/fr\/wp-json\/wp\/v2\/media\/329838"}],"wp:attachment":[{"href":"https:\/\/www.europesays.com\/fr\/wp-json\/wp\/v2\/media?parent=329837"}],"wp:term":[{"taxonomy":"category","embeddable":true,"href":"https:\/\/www.europesays.com\/fr\/wp-json\/wp\/v2\/categories?post=329837"},{"taxonomy":"post_tag","embeddable":true,"href":"https:\/\/www.europesays.com\/fr\/wp-json\/wp\/v2\/tags?post=329837"}],"curies":[{"name":"wp","href":"https:\/\/api.w.org\/{rel}","templated":true}]}}