{"id":329841,"date":"2025-08-19T18:23:11","date_gmt":"2025-08-19T18:23:11","guid":{"rendered":"https:\/\/www.europesays.com\/fr\/329841\/"},"modified":"2025-08-19T18:23:11","modified_gmt":"2025-08-19T18:23:11","slug":"strasbourg-un-commercant-pique-par-une-seringue-son-agresseur-pretend-quil-est-atteint-du-sida","status":"publish","type":"post","link":"https:\/\/www.europesays.com\/fr\/329841\/","title":{"rendered":"Strasbourg. Un commer\u00e7ant piqu\u00e9 par une seringue, son agresseur pr\u00e9tend qu\u2019il est atteint du sida"},"content":{"rendered":"<p>Le g\u00e9rant de cette boutique \u00e9tait derri\u00e8re sa caisse, dimanche 17\u00a0ao\u00fbt vers 18\u00a0h. \u00ab\u00a0J\u2019ai aper\u00e7u une personne qui prenait une horloge, puis une deuxi\u00e8me dans mes rayons. Sauf que je n\u2019ai vu personne venir payer\u00a0\u00bb, raconte\u00a0le sexag\u00e9naire qui tient la boutique Au Palais Rohan Souvenirs, place de la Cath\u00e9drale \u00e0 Strasbourg, depuis une quinzaine d\u2019ann\u00e9es \u2013 il n\u2019a pas souhait\u00e9 donner son nom.<\/p>\n<p>\u00ab\u00a0Je suis sorti pr\u00e9cipitamment et j\u2019ai aper\u00e7u la personne avec un sac en tissu sur le dos. J\u2019ai r\u00e9ussi \u00e0 m\u2019approcher discr\u00e8tement.\u00a0\u00bb Dans la pochette de cet individu \u00ab\u00a0\ufeffmaigre\u00a0\u00bb et \u00ab\u00a0p\u00e2le\u00a0\u00bb, il a \u00ab\u00a0rep\u00e9r\u00e9\u00a0\u00bb les deux horloges \u00e0 coucou \u00e0 19,80\u00a0euros pi\u00e8ce qui venaient de lui \u00eatre d\u00e9rob\u00e9es.<\/p>\n<p>  Mordu jusqu\u2019au sang<\/p>\n<p>\u00ab\u00a0Je l\u2019ai chop\u00e9. Il a montr\u00e9 une r\u00e9sistance. Il a couru vers la rue du Maroquin, continue le patron. Mon voisin de la boutique Blanc du Nil est venu m\u2019aider \u2013 il en garde d\u2019ailleurs des \u00e9raflures.\u00a0\u00bb Les deux hommes ont \u00ab\u00a0r\u00e9ussi \u00e0 mettre par terre\u00a0\u00bb le voleur, entre les boules de neige et les torchons brod\u00e9s, \u00ab\u00a0en attendant la police\u00a0\u00bb.<\/p>\n<p>\u00ab\u00a0Il a dit\u00a0: \u201cSi vous ne me l\u00e2chez pas, je vais vous mordre. J\u2019ai une seringue, je vais vous piquer, j\u2019ai le sida\u201d. Moi, j\u2019avais peur. J\u2019ai tent\u00e9 de me prot\u00e9ger. Il a quand m\u00eame r\u00e9ussi \u00e0 me mordre jusqu\u2019au sang \u00e0 l\u2019avant-bras gauche et il m\u2019a piqu\u00e9 avec la seringue sur le dos de la main droite\u00a0\u00bb, relate-t-il en montrant ses blessures.<\/p>\n<p>  \u00ab\u00a0Je dois prendre un traitement pr\u00e9ventif\u00a0\u00bb<\/p>\n<p>\u00c0 l\u2019arriv\u00e9e des forces de l\u2019ordre, le voleur \u00ab\u00a0tenait encore sa seringue en main\u00a0\u00bb, poursuit la victime. \u00ab\u00a0Un policier a pos\u00e9 la main sur son pistolet et il lui a demand\u00e9 de vider ses poches.\u00a0\u00bb Au cours de sa garde \u00e0 vue, l\u2019individu, \u00e2g\u00e9 de 57 ans, a r\u00e9affirm\u00e9 \u00eatre infect\u00e9 par le VIH. Il a n\u00e9anmoins refus\u00e9 de se soumettre \u00e0 une prise de sang qui aurait permis de le v\u00e9rifier.<\/p>\n<p>D\u00e9j\u00e0 connu pour des vols, des violences et des affaires en lien avec les stup\u00e9fiants, le quinquag\u00e9naire a \u00e9t\u00e9 d\u00e9f\u00e9r\u00e9 devant la justice mardi 19\u00a0ao\u00fbt. Le parquet de Strasbourg a ouvert \u00e0 son encontre une information judiciaire pour administration de substances nuisibles. Son placement en d\u00e9tention provisoire a \u00e9t\u00e9 requis.<\/p>\n<p>\ufeffLe commer\u00e7ant, qui a pass\u00e9 son dimanche soir aux urgences, vit avec une certaine crainte\u00a0: \u00ab\u00a0J\ufeffe dois prendre un traitement pr\u00e9ventif\u00a0\u00bb, explique-t-il, en pr\u00e9sentant son tube d\u2019antir\u00e9troviraux. \u00ab\u00a0Ensuite, j\u2019aurai un rendez-vous au service des maladies infectieuses du Nouvel h\u00f4pital civil.\u00a0\u00bb Il devra subir des examens m\u00e9dicaux sur plusieurs semaines afin d\u2019\u00e9tablir s\u2019il a \u00e9t\u00e9 infect\u00e9 par le virus du sida.<\/p>\n<p>  Habitu\u00e9 des vols \u00e0 l\u2019\u00e9talage<\/p>\n<p>Dans le quartier le plus touristique de Strasbourg, le commer\u00e7ant est habitu\u00e9 des vols \u00e0 l\u2019\u00e9talage.\u00a0Mais c\u2019est \u00ab\u00a0la premi\u00e8re fois\u00a0\u00bb qu\u2019il subit une telle violence. \u00ab\u00a0Qu\u2019est-ce qu\u2019on doit faire face \u00e0 une seringue\u00a0? s\u2019interroge-t-il. Si on c\u00e8de, le voleur recommence\u2026\u00a0\u00bb Son agresseur \u00e9tait d\u00e9j\u00e0 venu d\u00e9rober deux horloges dans son magasin, dimanche 27\u00a0juillet. \u00ab\u00a0Il semble \u00eatre toxicomane. Peut-\u00eatre qu\u2019il les revend pour acheter de la drogue\u00a0\u00bb, suppose le responsable. La police l\u2019avait interpell\u00e9 \u00e0 la sortie de la boutique. \u00c0 l\u2019issue de sa premi\u00e8re garde \u00e0 vue, le quinquag\u00e9naire avait \u00e9t\u00e9 convoqu\u00e9 devant le tribunal en f\u00e9vrier\u00a02026.<\/p>\n","protected":false},"excerpt":{"rendered":"Le g\u00e9rant de cette boutique \u00e9tait derri\u00e8re sa caisse, dimanche 17\u00a0ao\u00fbt vers 18\u00a0h. \u00ab\u00a0J\u2019ai aper\u00e7u une personne qui&hellip;\n","protected":false},"author":2,"featured_media":329842,"comment_status":"","ping_status":"","sticky":false,"template":"","format":"standard","meta":{"footnotes":""},"categories":[2820],"tags":[1111,11,2389,2649,2880,1777,674,274,107,1011,27,775,12,25,640,2879],"class_list":{"0":"post-329841","1":"post","2":"type-post","3":"status-publish","4":"format-standard","5":"has-post-thumbnail","7":"category-strasbourg","8":"tag-actu","9":"tag-actualites","10":"tag-alsace","11":"tag-bas-rhin","12":"tag-edition-strasbourg","13":"tag-eu","14":"tag-europe","15":"tag-faits-divers-justice","16":"tag-fil-info","17":"tag-fr","18":"tag-france","19":"tag-grand-est","20":"tag-news","21":"tag-republique-francaise","22":"tag-strasbourg","23":"tag-strasbourg-ville"},"share_on_mastodon":{"url":"https:\/\/pubeurope.com\/@fr\/115056830251394826","error":""},"_links":{"self":[{"href":"https:\/\/www.europesays.com\/fr\/wp-json\/wp\/v2\/posts\/329841","targetHints":{"allow":["GET"]}}],"collection":[{"href":"https:\/\/www.europesays.com\/fr\/wp-json\/wp\/v2\/posts"}],"about":[{"href":"https:\/\/www.europesays.com\/fr\/wp-json\/wp\/v2\/types\/post"}],"author":[{"embeddable":true,"href":"https:\/\/www.europesays.com\/fr\/wp-json\/wp\/v2\/users\/2"}],"replies":[{"embeddable":true,"href":"https:\/\/www.europesays.com\/fr\/wp-json\/wp\/v2\/comments?post=329841"}],"version-history":[{"count":0,"href":"https:\/\/www.europesays.com\/fr\/wp-json\/wp\/v2\/posts\/329841\/revisions"}],"wp:featuredmedia":[{"embeddable":true,"href":"https:\/\/www.europesays.com\/fr\/wp-json\/wp\/v2\/media\/329842"}],"wp:attachment":[{"href":"https:\/\/www.europesays.com\/fr\/wp-json\/wp\/v2\/media?parent=329841"}],"wp:term":[{"taxonomy":"category","embeddable":true,"href":"https:\/\/www.europesays.com\/fr\/wp-json\/wp\/v2\/categories?post=329841"},{"taxonomy":"post_tag","embeddable":true,"href":"https:\/\/www.europesays.com\/fr\/wp-json\/wp\/v2\/tags?post=329841"}],"curies":[{"name":"wp","href":"https:\/\/api.w.org\/{rel}","templated":true}]}}