{"id":329843,"date":"2025-08-19T18:24:10","date_gmt":"2025-08-19T18:24:10","guid":{"rendered":"https:\/\/www.europesays.com\/fr\/329843\/"},"modified":"2025-08-19T18:24:10","modified_gmt":"2025-08-19T18:24:10","slug":"strasbourg-brondby-en-clair-le-coup-de-gueule-de-pierre-menes","status":"publish","type":"post","link":"https:\/\/www.europesays.com\/fr\/329843\/","title":{"rendered":"Strasbourg-Brondby en clair, le coup de gueule de Pierre M\u00e9n\u00e8s"},"content":{"rendered":"<p class=\"p1\"><strong>Le RC Strasbourg va d\u00e9buter sa campagne europ\u00e9enne, mais n&rsquo;aura pas les honneurs de Canal+ pour son barrage d&rsquo;accession.\u00a0<\/strong><\/p>\n<p class=\"p1\"><a href=\"https:\/\/www.foot01.com\/equipe\/strasbourg\/\" rel=\"nofollow noopener\" target=\"_blank\">Le RC Strasbourg<\/a>, fort de sa tr\u00e8s belle saison derni\u00e8re, a valid\u00e9 son billet pour les barrages de la Conf\u00e9rence League. Des retrouvailles avec l\u2019Europe qui seront forc\u00e9ment tr\u00e8s attendues, m\u00eame s\u2019il faut tout de m\u00eame passer les barrages qui d\u00e9butent ce jeudi contre Brondby. Pour cette rencontre face \u00e0 la formation danoise, c\u2019est RMC Sport qui a obtenu les droits pour diffuser ce match, qui sera disponible en clair sur les chaines et r\u00e9seaux de RMC. Un accord trouv\u00e9 en raison de l\u2019absence de mouvement du c\u00f4t\u00e9 de Canal+, qui n\u2019a pas souhait\u00e9 r\u00e9cup\u00e9rer un match qui n\u2019entre pas encore dans son contrat avec l&rsquo;UEFA lui permettant de diffuser toutes les Coupes d\u2019Europe de la saison. <\/p>\n<blockquote class=\"twitter-tweet\"><p>&#13;<\/p>\n<p lang=\"fr\" dir=\"ltr\">Apr\u00e8s avoir snob\u00e9 Nice canal ignore le match de Strasbourg confirmant ainsi son d\u00e9sint\u00e9r\u00eat absolu du foot fran\u00e7ais. Voire pire sa rancoeur . Et \u00e7a me contrarie de la part d\u2019une cha\u00eene qui a tant \u0153uvr\u00e9 pour notre football<\/p>\n<p>&#13;<br \/>\n\u2014 Pierre M\u00e9n\u00e8s (@PierreMenes) <a href=\"https:\/\/twitter.com\/PierreMenes\/status\/1957805212095164773?ref_src=twsrc%5Etfw\" rel=\"nofollow noopener\" target=\"_blank\">August 19, 2025<\/a><\/p><\/blockquote>\n<p class=\"p1\">Cela avait d\u00e9j\u00e0 \u00e9t\u00e9 le cas avec la double confrontation en tour pr\u00e9liminaire de la Ligue des Champions entre Nice et le Benfica Lisbonne, rendant le match difficilement visible en France m\u00eame si la \u00ab\u00a0performance\u00a0\u00bb des Aiglons n\u2019a pas aid\u00e9. Mais pour le coup, ce d\u00e9sint\u00e9ressement de Canal+ a eu le don d\u2019agacer Pierre M\u00e9n\u00e8s, ancien de la maison mais aussi grand passionn\u00e9 du Racing et qui trouve ce d\u00e9laissement injuste. \u00ab\u00a0Apr\u00e8s avoir snob\u00e9 Nice canal ignore le match de Strasbourg confirmant ainsi son d\u00e9sint\u00e9r\u00eat absolu du foot fran\u00e7ais. Voire pire sa rancoeur. Et \u00e7a me contrarie de la part d\u2019une cha\u00eene qui a tant \u0153uvr\u00e9 pour notre football\u00a0\u00bb, a d\u00e9plor\u00e9 Pierre M\u00e9n\u00e8s, qui estime que Canal+ met en avant sa couverture exceptionnelle des Coupes d\u2019Europe mais pas forc\u00e9ment compl\u00e8te quand il s\u2019agit de soutenir les clubs fran\u00e7ais en tour pr\u00e9liminaire. <\/p>\n<p>          <script async src=\"https:\/\/platform.twitter.com\/widgets.js\" charset=\"utf-8\"><\/script><\/p>\n","protected":false},"excerpt":{"rendered":"Le RC Strasbourg va d\u00e9buter sa campagne europ\u00e9enne, mais n&rsquo;aura pas les honneurs de Canal+ pour son barrage&hellip;\n","protected":false},"author":2,"featured_media":329844,"comment_status":"","ping_status":"","sticky":false,"template":"","format":"standard","meta":{"footnotes":""},"categories":[2820],"tags":[1111,11,1777,674,1011,27,775,12,25,640],"class_list":{"0":"post-329843","1":"post","2":"type-post","3":"status-publish","4":"format-standard","5":"has-post-thumbnail","7":"category-strasbourg","8":"tag-actu","9":"tag-actualites","10":"tag-eu","11":"tag-europe","12":"tag-fr","13":"tag-france","14":"tag-grand-est","15":"tag-news","16":"tag-republique-francaise","17":"tag-strasbourg"},"share_on_mastodon":{"url":"https:\/\/pubeurope.com\/@fr\/115056834176228728","error":""},"_links":{"self":[{"href":"https:\/\/www.europesays.com\/fr\/wp-json\/wp\/v2\/posts\/329843","targetHints":{"allow":["GET"]}}],"collection":[{"href":"https:\/\/www.europesays.com\/fr\/wp-json\/wp\/v2\/posts"}],"about":[{"href":"https:\/\/www.europesays.com\/fr\/wp-json\/wp\/v2\/types\/post"}],"author":[{"embeddable":true,"href":"https:\/\/www.europesays.com\/fr\/wp-json\/wp\/v2\/users\/2"}],"replies":[{"embeddable":true,"href":"https:\/\/www.europesays.com\/fr\/wp-json\/wp\/v2\/comments?post=329843"}],"version-history":[{"count":0,"href":"https:\/\/www.europesays.com\/fr\/wp-json\/wp\/v2\/posts\/329843\/revisions"}],"wp:featuredmedia":[{"embeddable":true,"href":"https:\/\/www.europesays.com\/fr\/wp-json\/wp\/v2\/media\/329844"}],"wp:attachment":[{"href":"https:\/\/www.europesays.com\/fr\/wp-json\/wp\/v2\/media?parent=329843"}],"wp:term":[{"taxonomy":"category","embeddable":true,"href":"https:\/\/www.europesays.com\/fr\/wp-json\/wp\/v2\/categories?post=329843"},{"taxonomy":"post_tag","embeddable":true,"href":"https:\/\/www.europesays.com\/fr\/wp-json\/wp\/v2\/tags?post=329843"}],"curies":[{"name":"wp","href":"https:\/\/api.w.org\/{rel}","templated":true}]}}