{"id":329845,"date":"2025-08-19T18:25:10","date_gmt":"2025-08-19T18:25:10","guid":{"rendered":"https:\/\/www.europesays.com\/fr\/329845\/"},"modified":"2025-08-19T18:25:10","modified_gmt":"2025-08-19T18:25:10","slug":"il-blesse-un-homme-a-coups-de-machette-a-une-station-de-lavage-de-nice-un-pere-de-famille-condamne-a-2-ans-de-prison","status":"publish","type":"post","link":"https:\/\/www.europesays.com\/fr\/329845\/","title":{"rendered":"Il blesse un homme \u00e0 coups de machette \u00e0 une station de lavage de Nice: un p\u00e8re de famille condamn\u00e9 \u00e0 2 ans de prison"},"content":{"rendered":"<p>Alors qu\u2019ils patientaient dans la file d\u2019attente d\u2019une station de lavage de l\u2019avenue de la Californie, \u00e0 Nice, ce 14 juin en soir\u00e9e, des automobilistes ont assist\u00e9 \u00e0 une <strong>sc\u00e8ne d\u2019une violence inou\u00efe<\/strong>.<\/p>\n<p><a href=\"https:\/\/www.nicematin.com\/justice\/un-differend-de-voisinage-se-termine-a-coups-de-machette-a-nice-990843\" rel=\"nofollow noopener\" target=\"_blank\">Un individu, arm\u00e9 d\u2019une machette, s\u2019est pr\u00e9cipit\u00e9 sur un homme et l\u2019a gri\u00e8vement bless\u00e9 au bras avant d\u2019abattre une nouvelle fois son arme dans le bas du dos de sa victime<\/a>. Interpell\u00e9 dans la nuit \u00e0 la gare de Cagnes-sur-Mer par la brigade anticriminalit\u00e9, Badre Sghaier a comparu ce mardi devant le tribunal correctionnel de Nice.<\/p>\n<p>\u00ab\u00a0Interrog\u00e9e, la victime indique que vous aviez un diff\u00e9rend autour d\u2019un appartement mis \u00e0 la disposition d\u2019un cousin et que vous lui avez donn\u00e9 rendez-vous \u00e0 la station de lavage pour r\u00e9gler le probl\u00e8me\u00a0\u00bb, r\u00e9sume la pr\u00e9sidente Marion Menot en lisant les d\u00e9clarations de la partie civile, absente \u00e0 l\u2019audience.<\/p>\n<p><strong>\u00ab\u00a0C\u2019\u00e9tait un objet d\u00e9coratif\u00a0\u00bb<\/strong><\/p>\n<p>\u00ab\u00a0Cette histoire d\u2019appartement, c\u2019est faux!, d\u00e9ment Badre Sghaier, depuis le box des d\u00e9tenus. Cet homme est dangereux. Il m\u2019a vol\u00e9 un bateau pneumatique, prend du crack. C\u2019est lui qui m\u2019a t\u00e9l\u00e9phon\u00e9 pour me donner rendez-vous \u00e0 proximit\u00e9 de chez moi. J\u2019ai eu peur qu\u2019il monte. J\u2019\u00e9tais avec mes deux enfants de 2 et 4 ans, alors, avant de descendre, j\u2019ai pris une machette. C\u2019\u00e9tait un objet d\u00e9coratif\u00a0\u00bb.<\/p>\n<p>\u00ab\u00a0Vous l\u2019avez quand m\u00eame gravement bless\u00e9 avec. Le m\u00e9decin l\u00e9giste d\u00e9crit une plaie profonde avec atteinte nerveuse et musculaire \u00e0 l\u2019avant-bras droit et une plaie superficielle \u00e0 la fesse droite avec ITT de deux mois et demi minimum\u00a0\u00bb, reprend la pr\u00e9sidente.<\/p>\n<p>\u00ab\u00a0Je ne peux pas tol\u00e9rer des violences avec arme de cette nature sur la voie publique. Que se passerait-il si tout le monde se faisait justice soi-m\u00eame?\u00a0\u00bb, s\u2019agace la procureure Julie Andr\u00e9 qui requiert 30 mois de prison, tenant compte des trois condamnations inscrites au casier judiciaire du pr\u00e9venu, notamment pour violences.<\/p>\n<p>\u00ab\u00a0Il a agit\u00e9 son arme, mis des coups en l\u2019air pour \u00e9loigner la partie civile avant de l\u2019atteindre\u00a0\u00bb, plaide en d\u00e9fense Me Anne-C\u00e9cile No\u00ebl.<\/p>\n<p>Le p\u00e8re de famille, monteur d\u2019\u00e9chafaudage \u00e0 Monaco, est <strong>condamn\u00e9 \u00e0 2 ans de prison<\/strong>, avec interdiction de porter une arme pendant 5 ans et d\u2019entrer en contact avec la partie civile pendant 3 ans.<\/p>\n","protected":false},"excerpt":{"rendered":"Alors qu\u2019ils patientaient dans la file d\u2019attente d\u2019une station de lavage de l\u2019avenue de la Californie, \u00e0 Nice,&hellip;\n","protected":false},"author":2,"featured_media":329846,"comment_status":"","ping_status":"","sticky":false,"template":"","format":"standard","meta":{"footnotes":""},"categories":[2819],"tags":[1111,11,1777,674,118,1011,27,303,12,2401,882,25],"class_list":{"0":"post-329845","1":"post","2":"type-post","3":"status-publish","4":"format-standard","5":"has-post-thumbnail","7":"category-nice","8":"tag-actu","9":"tag-actualites","10":"tag-eu","11":"tag-europe","12":"tag-faits-divers","13":"tag-fr","14":"tag-france","15":"tag-justice","16":"tag-news","17":"tag-nice","18":"tag-provence-alpes-cote-dazur","19":"tag-republique-francaise"},"share_on_mastodon":{"url":"https:\/\/pubeurope.com\/@fr\/115056838105938411","error":""},"_links":{"self":[{"href":"https:\/\/www.europesays.com\/fr\/wp-json\/wp\/v2\/posts\/329845","targetHints":{"allow":["GET"]}}],"collection":[{"href":"https:\/\/www.europesays.com\/fr\/wp-json\/wp\/v2\/posts"}],"about":[{"href":"https:\/\/www.europesays.com\/fr\/wp-json\/wp\/v2\/types\/post"}],"author":[{"embeddable":true,"href":"https:\/\/www.europesays.com\/fr\/wp-json\/wp\/v2\/users\/2"}],"replies":[{"embeddable":true,"href":"https:\/\/www.europesays.com\/fr\/wp-json\/wp\/v2\/comments?post=329845"}],"version-history":[{"count":0,"href":"https:\/\/www.europesays.com\/fr\/wp-json\/wp\/v2\/posts\/329845\/revisions"}],"wp:featuredmedia":[{"embeddable":true,"href":"https:\/\/www.europesays.com\/fr\/wp-json\/wp\/v2\/media\/329846"}],"wp:attachment":[{"href":"https:\/\/www.europesays.com\/fr\/wp-json\/wp\/v2\/media?parent=329845"}],"wp:term":[{"taxonomy":"category","embeddable":true,"href":"https:\/\/www.europesays.com\/fr\/wp-json\/wp\/v2\/categories?post=329845"},{"taxonomy":"post_tag","embeddable":true,"href":"https:\/\/www.europesays.com\/fr\/wp-json\/wp\/v2\/tags?post=329845"}],"curies":[{"name":"wp","href":"https:\/\/api.w.org\/{rel}","templated":true}]}}