{"id":329847,"date":"2025-08-19T18:26:10","date_gmt":"2025-08-19T18:26:10","guid":{"rendered":"https:\/\/www.europesays.com\/fr\/329847\/"},"modified":"2025-08-19T18:26:10","modified_gmt":"2025-08-19T18:26:10","slug":"jai-trouve-quatre-anes-qui-divaguaient-mais-on-ne-trouve-pas-leur-proprietaire-drole-de-rencontre-pour-cette-habitante-de-nice","status":"publish","type":"post","link":"https:\/\/www.europesays.com\/fr\/329847\/","title":{"rendered":"\u00ab\u00a0J\u2019ai trouv\u00e9 quatre \u00e2nes qui divaguaient mais on ne trouve pas leur propri\u00e9taire\u00a0\u00bb: dr\u00f4le de rencontre pour cette habitante de Nice"},"content":{"rendered":"<p>A qui sont ces \u00e2nes? Emmanuelle Mercier se pose la question depuis qu\u2019elle est tomb\u00e9e nez \u00e0 nez avec quatre animaux, ce mardi 19 ao\u00fbt 2025, juste \u00e0 c\u00f4t\u00e9 de chez elle, chemin du Cal du Mont Gros.<\/p>\n<p>Elle raconte: \u00ab\u00a0Il devait \u00eatre environ 16 heures lorsque j\u2019ai vu ces quatre \u00e2nes qui divaguaient. Nous sommes au niveau d\u2019une petite voie mais comme elle d\u00e9bouche sur le boulevard Bischoffsheim, j\u2019ai pens\u00e9 qu\u2019il fallait les emp\u00eacher d\u2019y aller car cela aurait pu \u00eatre dangeureux. J\u2019ai donc demand\u00e9 \u00e0 un voisin s\u2019il voulait bien ouvrir son jardin afin qu\u2019on puisse les mettre en s\u00e9curit\u00e9. En m\u00eame temps, nous avons appel\u00e9 la police et les pompiers. Mais ils n\u2019arrivent pas \u00e0 retrouver leur propri\u00e9taire.\u00a0\u00bb<\/p>\n<p>Car le probl\u00e8me est que le chemin du Cal du Mont Gros est en partie effondr\u00e9, ce qui ne permet pas d\u2019\u00e9vacuer facilement les b\u00eates qui, elles, semblent impassibles.<\/p>\n<p>Si le ma\u00eetre des \u00e2nes les reconna\u00eet, il peut contacter la police municipale de Nice au 04.93.53.53.53.<\/p>\n","protected":false},"excerpt":{"rendered":"A qui sont ces \u00e2nes? Emmanuelle Mercier se pose la question depuis qu\u2019elle est tomb\u00e9e nez \u00e0 nez&hellip;\n","protected":false},"author":2,"featured_media":329848,"comment_status":"","ping_status":"","sticky":false,"template":"","format":"standard","meta":{"footnotes":""},"categories":[2819],"tags":[1111,11,1867,11130,1777,674,1011,27,12,2401,882,25,3366],"class_list":{"0":"post-329847","1":"post","2":"type-post","3":"status-publish","4":"format-standard","5":"has-post-thumbnail","7":"category-nice","8":"tag-actu","9":"tag-actualites","10":"tag-animaux","11":"tag-belle-histoire","12":"tag-eu","13":"tag-europe","14":"tag-fr","15":"tag-france","16":"tag-news","17":"tag-nice","18":"tag-provence-alpes-cote-dazur","19":"tag-republique-francaise","20":"tag-vie-locale"},"share_on_mastodon":{"url":"https:\/\/pubeurope.com\/@fr\/115056842024963977","error":""},"_links":{"self":[{"href":"https:\/\/www.europesays.com\/fr\/wp-json\/wp\/v2\/posts\/329847","targetHints":{"allow":["GET"]}}],"collection":[{"href":"https:\/\/www.europesays.com\/fr\/wp-json\/wp\/v2\/posts"}],"about":[{"href":"https:\/\/www.europesays.com\/fr\/wp-json\/wp\/v2\/types\/post"}],"author":[{"embeddable":true,"href":"https:\/\/www.europesays.com\/fr\/wp-json\/wp\/v2\/users\/2"}],"replies":[{"embeddable":true,"href":"https:\/\/www.europesays.com\/fr\/wp-json\/wp\/v2\/comments?post=329847"}],"version-history":[{"count":0,"href":"https:\/\/www.europesays.com\/fr\/wp-json\/wp\/v2\/posts\/329847\/revisions"}],"wp:featuredmedia":[{"embeddable":true,"href":"https:\/\/www.europesays.com\/fr\/wp-json\/wp\/v2\/media\/329848"}],"wp:attachment":[{"href":"https:\/\/www.europesays.com\/fr\/wp-json\/wp\/v2\/media?parent=329847"}],"wp:term":[{"taxonomy":"category","embeddable":true,"href":"https:\/\/www.europesays.com\/fr\/wp-json\/wp\/v2\/categories?post=329847"},{"taxonomy":"post_tag","embeddable":true,"href":"https:\/\/www.europesays.com\/fr\/wp-json\/wp\/v2\/tags?post=329847"}],"curies":[{"name":"wp","href":"https:\/\/api.w.org\/{rel}","templated":true}]}}