{"id":329849,"date":"2025-08-19T18:29:10","date_gmt":"2025-08-19T18:29:10","guid":{"rendered":"https:\/\/www.europesays.com\/fr\/329849\/"},"modified":"2025-08-19T18:29:10","modified_gmt":"2025-08-19T18:29:10","slug":"abline-a-eu-droit-a-un-debrief-muscle-de-la-part-de-castro-dans-le-vestiaire","status":"publish","type":"post","link":"https:\/\/www.europesays.com\/fr\/329849\/","title":{"rendered":"Abline a eu droit a un d\u00e9brief muscl\u00e9 de la part de Castro dans le vestiaire"},"content":{"rendered":"<p>Candidat au d\u00e9part lors du mercato estival, Matthis Abline a eu droit \u00e0 un d\u00e9brief muscl\u00e9 de la part de Luis Castro apr\u00e8s la d\u00e9faite contre le Paris Saint-Germain selon les informations de RMC Sport.<\/p>\n<p>Une sc\u00e8ne inhabituelle a eu lieu dans le vestiaire du FC Nantes, dimanche, apr\u00e8s la d\u00e9faite face au <a href=\"https:\/\/rmcsport.bfmtv.com\/football\/ligue-1\/nantes-psg-une-conversation-personnelle-l-entourage-de-kita-reagit-a-sa-phrase-polemique-sur-l-adaptation-des-bresiliens-en-france_AV-202508180418.html\" title=\"Nantes-PSG: &quot;Une conversation personnelle&quot;, l\u2019entourage de Kita r\u00e9agit \u00e0 sa phrase pol\u00e9mique sur &quot;l\u2019adaptation&quot; des Br\u00e9siliens en France\" class=\"internal_link\" rel=\"nofollow noopener\" target=\"_blank\">PSG<\/a> lors de la premi\u00e8re journ\u00e9e de Ligue 1 (0-1). Luis Castro, le coach des Canaris, a pris \u00e0 partie <a href=\"https:\/\/rmcsport.bfmtv.com\/football\/ligue-1\/nantes-psg-luis-castro-justifie-le-peu-de-temps-de-jeu-donne-a-matthis-abline_AV-202508180062.html\" title=\"Nantes-PSG: Luis Castro justifie le peu de temps de jeu donn\u00e9 \u00e0 Matthis Abline\" class=\"internal_link\" rel=\"nofollow noopener\" target=\"_blank\">Matthis Abline<\/a> pour lui d\u00e9briefer son entr\u00e9e en jeu. Pendant une dizaine de minutes, et devant tout le vestiaire nantais (staff compris), l\u2019entra\u00eeneur portugais s\u2019est servi des images du match pour reprocher plusieurs \u00e9l\u00e9ments \u00e0 son attaquant de 22 ans, qui souhaite quitter le club cet \u00e9t\u00e9.<\/p>\n<p>Le technicien lusitanien lui a montr\u00e9, quasiment action par action, les erreurs qu\u2019il a commises \u00e0 ses yeux face aux Parisiens, en lui expliquant ce qu\u2019il aurait d\u00fb faire ou ne pas faire dans plusieurs situations. Avec la volont\u00e9 de mettre Matthis Abline face \u00e0 ses responsabilit\u00e9s.<\/p>\n<p>Le coach, qui a longtemps \u0153uvr\u00e9 aupr\u00e8s de sa direction pour conserver l&rsquo;international Espoirs, a notamment reproch\u00e9 un manque de rigueur d\u00e9fensive lors de certaines actions parisiennes, notamment celle menant au but.<\/p>\n<p><a href=\"https:\/\/rmcsport.bfmtv.com\/football\/transferts\/direct-mercato-vers-un-depart-de-zakaria-en-arabie-saoudite_LN-202508180118.html\" title=\"DIRECT. Mercato: Rennes va faire une nouvelle offre pour Esteban Lepaul\" class=\"internal_link\" rel=\"nofollow noopener\" target=\"_blank\">&gt;&gt; Toutes les infos et rumeurs du mercato<\/a><\/p>\n<p>Une rupture totale entre Abline et Castro?<\/p>\n<p>Une d\u00e9marche qui a surpris les t\u00e9moins pr\u00e9sents, et notamment les joueurs nantais. Cette explication sal\u00e9e a eu lieu dans un contexte tendu autour de la situation du num\u00e9r 10 des Canaris. D\u00e9sireux de changer d\u2019air cet \u00e9t\u00e9, Matthis Abline, recrut\u00e9 au Stade Rennais pendant l\u2019\u00e9t\u00e9 2024 (10 millions d\u2019euros) et sous contrat jusqu\u2019en 2028, a clairement fait savoir \u00e0 ses dirigeants qu\u2019il souhaitait \u00eatre transf\u00e9r\u00e9 d&rsquo;ici \u00e0 la fin du mercato.<\/p>\n<p>Le FC Nantes souhaite le conserver sauf offre exceptionnelle, comprendre 40 millions d&rsquo;euros qui ne sont pas arriv\u00e9s sur la table. Le d\u00e9brief inhabituel de <a href=\"https:\/\/rmcsport.bfmtv.com\/football\/ligue-1\/video-nantes-si-besoin-on-va-mourir-pour-le-club-previent-luis-castro_VN-202508150282.html\" title=\"Nantes : &quot;Si besoin, on va mourir pour le club&quot; pr\u00e9vient Luis Castro\" class=\"internal_link\" rel=\"nofollow noopener\" target=\"_blank\">Luis Castro<\/a> ne risque pas de d\u00e9tendre l\u2019atmosph\u00e8re. Cet \u00e9pisode pourrait m\u00eame avoir act\u00e9 la rupture totale entre les deux hommes. Difficile aujourd\u2019hui d\u2019imaginer le natif d\u2019Angers poursuivre son aventure en Loire-Atlantique en collaborant avec l\u2019ancien entra\u00eeneur de Dunkerque, \u00e2g\u00e9 de 45 ans.<\/p>\n","protected":false},"excerpt":{"rendered":"Candidat au d\u00e9part lors du mercato estival, Matthis Abline a eu droit \u00e0 un d\u00e9brief muscl\u00e9 de la&hellip;\n","protected":false},"author":2,"featured_media":329850,"comment_status":"","ping_status":"","sticky":false,"template":"","format":"standard","meta":{"footnotes":""},"categories":[2818],"tags":[1111,11,1777,674,1011,27,766,12,2636,25],"class_list":{"0":"post-329849","1":"post","2":"type-post","3":"status-publish","4":"format-standard","5":"has-post-thumbnail","7":"category-nantes","8":"tag-actu","9":"tag-actualites","10":"tag-eu","11":"tag-europe","12":"tag-fr","13":"tag-france","14":"tag-nantes","15":"tag-news","16":"tag-pays-de-la-loire","17":"tag-republique-francaise"},"share_on_mastodon":{"url":"https:\/\/pubeurope.com\/@fr\/115056853900507926","error":""},"_links":{"self":[{"href":"https:\/\/www.europesays.com\/fr\/wp-json\/wp\/v2\/posts\/329849","targetHints":{"allow":["GET"]}}],"collection":[{"href":"https:\/\/www.europesays.com\/fr\/wp-json\/wp\/v2\/posts"}],"about":[{"href":"https:\/\/www.europesays.com\/fr\/wp-json\/wp\/v2\/types\/post"}],"author":[{"embeddable":true,"href":"https:\/\/www.europesays.com\/fr\/wp-json\/wp\/v2\/users\/2"}],"replies":[{"embeddable":true,"href":"https:\/\/www.europesays.com\/fr\/wp-json\/wp\/v2\/comments?post=329849"}],"version-history":[{"count":0,"href":"https:\/\/www.europesays.com\/fr\/wp-json\/wp\/v2\/posts\/329849\/revisions"}],"wp:featuredmedia":[{"embeddable":true,"href":"https:\/\/www.europesays.com\/fr\/wp-json\/wp\/v2\/media\/329850"}],"wp:attachment":[{"href":"https:\/\/www.europesays.com\/fr\/wp-json\/wp\/v2\/media?parent=329849"}],"wp:term":[{"taxonomy":"category","embeddable":true,"href":"https:\/\/www.europesays.com\/fr\/wp-json\/wp\/v2\/categories?post=329849"},{"taxonomy":"post_tag","embeddable":true,"href":"https:\/\/www.europesays.com\/fr\/wp-json\/wp\/v2\/tags?post=329849"}],"curies":[{"name":"wp","href":"https:\/\/api.w.org\/{rel}","templated":true}]}}