{"id":329851,"date":"2025-08-19T18:30:10","date_gmt":"2025-08-19T18:30:10","guid":{"rendered":"https:\/\/www.europesays.com\/fr\/329851\/"},"modified":"2025-08-19T18:30:10","modified_gmt":"2025-08-19T18:30:10","slug":"a-bordeaux-la-bibliotheque-de-meriadeck-retrouve-son-public","status":"publish","type":"post","link":"https:\/\/www.europesays.com\/fr\/329851\/","title":{"rendered":"\u00e0 Bordeaux, la biblioth\u00e8que de M\u00e9riadeck retrouve son public"},"content":{"rendered":"<p>\u00ab\u00a0Je voudrais m\u2019inscrire s\u2019il vous pla\u00eet, j\u2019ai rempli le formulaire en ligne.\u00a0\u00bb Le hall de <a href=\"https:\/\/www.sudouest.fr\/gironde\/bordeaux-a-la-bibliotheque-de-meriadeck-le-dimanche-figure-parmi-les-meilleurs-jours-de-la-semaine-23625914.php\" target=\"_blank\" rel=\"follow nofollow noopener\">la biblioth\u00e8que de M\u00e9riadeck<\/a> fourmille de monde. L\u2019\u00e9tablissement, le plus imposant de la m\u00e9tropole bordelaise, a rouvert ses portes ce mardi 19\u00a0ao\u00fbt, apr\u00e8s quinze jours de fermeture estivale. L\u2019occasion pour les lecteurs assidus et les curieux de reprendre le chemin de ses rang\u00e9es d\u2019ouvrages.<\/p>\n<p>Pour le plus grand plaisir des biblioth\u00e9caires, le public d\u00e9file \u00e0 l\u2019accueil de l\u2019\u00e9tablissement et les inscriptions se multiplient. Entre 60\u00a0000\u00a0et 70\u00a0000\u00a0personnes sont abonn\u00e9es. Philippe, assistant de conservation, est le premier ravi. \u00ab\u00a0Pour une premi\u00e8re journ\u00e9e, il y a beaucoup de monde. La biblioth\u00e8que a tr\u00e8s bien fonctionn\u00e9 cet \u00e9t\u00e9, donc on n\u2019est pas \u00e9tonn\u00e9 du flux de visiteurs que nous avons aujourd\u2019hui. Et visiblement, on a beaucoup de nouveaux inscrits\u00a0\u00bb, s\u2019exclame-t-il dans un rire.<\/p>\n<p>Victor est de ceux-l\u00e0. Install\u00e9 face \u00e0 un ordinateur, le jeune homme cherche avec avidit\u00e9 sa prochaine lecture. \u00ab\u00a0Quand j\u2019\u00e9tais \u00e9tudiant, je venais l\u00e0 chaque semaine pour r\u00e9viser et j\u2019empruntais syst\u00e9matiquement deux ou trois bandes dessin\u00e9es. Je me suis construit une v\u00e9ritable culture sur ce m\u00e9dia.\u00a0\u00bb<\/p>\n<blockquote><p>\u00ab\u00a0Quand j\u2019\u00e9tais \u00e9tudiant, je venais l\u00e0 chaque semaine pour r\u00e9viser et j\u2019empruntais syst\u00e9matiquement deux ou trois bandes dessin\u00e9es\u00a0\u00bb<\/p><\/blockquote>\n<p>Pour sa part, Aurore ne se lasse pas du fonds propos\u00e9 par la biblioth\u00e8que. Ancienne Parisienne, elle n\u2019h\u00e9site pas \u00e0 se perdre dans les rayonnages et se laisse surprendre par le million de r\u00e9f\u00e9rences propos\u00e9es. \u00ab\u00a0J\u2019ai v\u00e9cu \u00e0 Paris et je trouve que la vari\u00e9t\u00e9 de service ici est incroyable. Mais je me suis laiss\u00e9e surprendre par la fermeture\u00a0!\u00a0\u00bb Florent, lui, s\u2019\u00e9tait pr\u00e9par\u00e9. Habitu\u00e9 des lieux depuis plus de cinq\u00a0ans, il avait fait son stock pour l\u2019\u00e9t\u00e9\u00a0: \u00ab\u00a0On peut emprunter 30\u00a0r\u00e9f\u00e9rences pour l\u2019\u00e9t\u00e9, c\u2019est pratique\u00a0\u00bb, explique-t-il, en scannant une dizaine de CD.<\/p>\n<p>Une fermeture n\u00e9cessaire<\/p>\n<p>Cette fermeture estivale est de mise depuis l\u2019ouverture de la biblioth\u00e8que en 1991. Chaque \u00e9t\u00e9, deux semaines sont consacr\u00e9es aux travaux d\u2019entretien du b\u00e2timent. Il faut dire que, avec 27\u00a0000\u00a0m\u00e8tres carr\u00e9s de surface, remettre les lieux en ordre pour une nouvelle ann\u00e9e prend du temps. \u00ab\u00a0On profite de chaque \u00e9t\u00e9 pour \u00e9galement apporter des am\u00e9liorations au b\u00e2timent, comme sur la climatisation\u00a0\u00bb, explique Matthieu Gerbault, conservateur au sein de l\u2019institution.<\/p>\n<p>Face aux canicules de plus en plus r\u00e9currentes, l\u2019ouverture de la biblioth\u00e8que de M\u00e9riadeck tout l\u2019\u00e9t\u00e9 est un d\u00e9sir que partagent de plus en plus de Bordelais. Vaste et central, le b\u00e2timent offrirait un \u00eelot de fra\u00eecheur aux habitants de la m\u00e9tropole. \u00ab\u00a0C\u2019est vrai que la p\u00e9riode de canicule a co\u00efncid\u00e9 avec la p\u00e9riode de fermeture. L\u2019\u00e9t\u00e9 2024\u00a0avait \u00e9t\u00e9 plus humide. Si ces \u00e9pisodes se r\u00e9p\u00e8tent, c\u2019est une question qui finira par se poser\u00a0\u00bb, conc\u00e8de-t-il.<\/p>\n<blockquote><p>\u00ab\u00a0Si on veut ouvrir, il faut le personnel n\u00e9cessaire, c\u2019est-\u00e0-dire entre 20\u00a0et\u00a024\u00a0personnes pour assurer l\u2019accueil et renseigner le public\u00a0\u00bb<\/p><\/blockquote>\n<p>Mais beaucoup de param\u00e8tres rentrent en compte pour garantir un accueil correct du public. \u00ab\u00a0Si on veut ouvrir, il faut le personnel n\u00e9cessaire, c\u2019est-\u00e0-dire entre 20\u00a0et\u00a024\u00a0personnes pour assurer l\u2019accueil et renseigner les personnes pr\u00e9sentes. Il y a \u00e9galement le co\u00fbt de l\u2019\u00e9nergie. En raison de sa taille, le b\u00e2timent est vorace. Il faudrait changer le mode d\u2019organisation pour rendre \u00e7a possible et \u00e9galement avoir des financements.\u00a0\u00bb<\/p>\n","protected":false},"excerpt":{"rendered":"\u00ab\u00a0Je voudrais m\u2019inscrire s\u2019il vous pla\u00eet, j\u2019ai rempli le formulaire en ligne.\u00a0\u00bb Le hall de la biblioth\u00e8que de&hellip;\n","protected":false},"author":2,"featured_media":329852,"comment_status":"","ping_status":"","sticky":false,"template":"","format":"standard","meta":{"footnotes":""},"categories":[2817],"tags":[1111,11,1997,1777,674,1011,27,12,2219,25],"class_list":{"0":"post-329851","1":"post","2":"type-post","3":"status-publish","4":"format-standard","5":"has-post-thumbnail","7":"category-bordeaux","8":"tag-actu","9":"tag-actualites","10":"tag-bordeaux","11":"tag-eu","12":"tag-europe","13":"tag-fr","14":"tag-france","15":"tag-news","16":"tag-nouvelle-aquitaine","17":"tag-republique-francaise"},"share_on_mastodon":{"url":"https:\/\/pubeurope.com\/@fr\/115056857866639381","error":""},"_links":{"self":[{"href":"https:\/\/www.europesays.com\/fr\/wp-json\/wp\/v2\/posts\/329851","targetHints":{"allow":["GET"]}}],"collection":[{"href":"https:\/\/www.europesays.com\/fr\/wp-json\/wp\/v2\/posts"}],"about":[{"href":"https:\/\/www.europesays.com\/fr\/wp-json\/wp\/v2\/types\/post"}],"author":[{"embeddable":true,"href":"https:\/\/www.europesays.com\/fr\/wp-json\/wp\/v2\/users\/2"}],"replies":[{"embeddable":true,"href":"https:\/\/www.europesays.com\/fr\/wp-json\/wp\/v2\/comments?post=329851"}],"version-history":[{"count":0,"href":"https:\/\/www.europesays.com\/fr\/wp-json\/wp\/v2\/posts\/329851\/revisions"}],"wp:featuredmedia":[{"embeddable":true,"href":"https:\/\/www.europesays.com\/fr\/wp-json\/wp\/v2\/media\/329852"}],"wp:attachment":[{"href":"https:\/\/www.europesays.com\/fr\/wp-json\/wp\/v2\/media?parent=329851"}],"wp:term":[{"taxonomy":"category","embeddable":true,"href":"https:\/\/www.europesays.com\/fr\/wp-json\/wp\/v2\/categories?post=329851"},{"taxonomy":"post_tag","embeddable":true,"href":"https:\/\/www.europesays.com\/fr\/wp-json\/wp\/v2\/tags?post=329851"}],"curies":[{"name":"wp","href":"https:\/\/api.w.org\/{rel}","templated":true}]}}