{"id":329855,"date":"2025-08-19T18:32:12","date_gmt":"2025-08-19T18:32:12","guid":{"rendered":"https:\/\/www.europesays.com\/fr\/329855\/"},"modified":"2025-08-19T18:32:12","modified_gmt":"2025-08-19T18:32:12","slug":"lete-toulousain-une-fin-de-saison-estivale-rythmee-et-rafraichissante-haute-garonne-toulouse","status":"publish","type":"post","link":"https:\/\/www.europesays.com\/fr\/329855\/","title":{"rendered":"L&rsquo;\u00e9t\u00e9 toulousain : une fin de saison estivale rythm\u00e9e et rafra\u00eechissante &#8211; Haute Garonne &#8211; Toulouse"},"content":{"rendered":"<p><strong>L\u2019\u00e9t\u00e9 toulousain joue les prolongations : de nombreux rendez-vous sont propos\u00e9s pour profiter jusqu\u2019au bout de la saison estivale. Au programme :\u00a0<\/strong>&#13;<br \/>\n&#13;<br \/>\nJeudi 28 ao\u00fbt : vers 21h45 &#8211; projection d\u2019un film d\u2019animation \u00e0 regarder depuis un paddle sur le lac de la Reynerie et vendredi de 16h \u00e0 19h : animations sportives (matchs mixtes) et cr\u00e9atives (confection de banderole de supporters) avec le TFC (Toulouse Football Club).&#13;<br \/>\n&#13;<br \/>\nGuinguette estivale, le 29 ao\u00fbt : soir\u00e9e festive et gratuite dans le cadre exceptionnel du Couvent des Jacobins avec en point d\u2019orgue le concert en plein air du groupe\u00a0Quidam Trio qui proposera un voyage musical color\u00e9 entre Europe de l\u2019Est et Am\u00e9rique Latine. Chaises longues pour la d\u00e9tente, jeux de plateau en bois dans les galeries et espace d\u00e9di\u00e9 aux d\u00e9couvertes culturelles dans la salle capitulaire. Vendredi 29 ao\u00fbt, de 18h \u00e0 22h30, entr\u00e9e gratuite.&#13;<br \/>\n&#13;<br \/>\nExposition &#8211;\u00a0\u00c0 toute vitesse ! L\u2019\u00e2ge d\u2019or de la bicyclette, jusqu\u2019au 31 ao\u00fbt :\u00a0\u00c0 partir de sa riche collection d\u2019affiches publicitaires, le mus\u00e9e des Arts Pr\u00e9cieux Paul-Dupuy (13 rue de la Pleau) pr\u00e9sente une \u00e9vocation de l\u2019\u00e2ge d\u2019or de la bicyclette entre 1890 et 1930 marqu\u00e9 par les innovations techniques, la concurrence commerciale entre pays, les \u00e9volutions soci\u00e9tales et la naissance des courses cyclistes. Du mardi au dimanche de 10h \u00e0 18h, Tarif entr\u00e9e mus\u00e9e : 5\u20ac. Tarif r\u00e9duit : 3\u20ac.&#13;<br \/>\n&#13;<br \/>\nExposition &#8211;\u00a0Tatouages et Prisons. Des murs sur la peau, jusqu\u2019au 31 ao\u00fbt :\u00a0Le Castelet accueille une exposition in\u00e9dite et poignante sur l\u2019univers du tatouage carc\u00e9ral.\u00a0Acc\u00e8s gratuit. Visite guid\u00e9e 3\u20ac\u00a0sur inscription.&#13;<br \/>\n&#13;<br \/>\nFestival Latino Graff, jusqu\u2019au 31 ao\u00fbt : r\u00e9alisation d&rsquo;une fresque monumentale sur la fa\u00e7ade de la Maison des Solidarit\u00e9s, 21 rue Jules Amilhau (inauguration le 30 ao\u00fbt). Un grand concert se tiendra aura lieu \u00e0 partir de 17h. Au programme : une soir\u00e9e de fusion entre cumbia traditionnelle et sonorit\u00e9s contemporaines.<\/p>\n<p>                Cet article est r\u00e9serv\u00e9 aux abonn\u00e9s.<\/p>\n<p class=\"signature\" itemscope=\"\" itemprop=\"Author\" itemtype=\"http:\/\/schema.org\/Person\">\n                VLoz\n            <\/p>\n","protected":false},"excerpt":{"rendered":"L\u2019\u00e9t\u00e9 toulousain joue les prolongations : de nombreux rendez-vous sont propos\u00e9s pour profiter jusqu\u2019au bout de la saison&hellip;\n","protected":false},"author":2,"featured_media":23669,"comment_status":"","ping_status":"","sticky":false,"template":"","format":"standard","meta":{"footnotes":""},"categories":[2816],"tags":[1111,11,1777,674,1011,27,12,2680,301,25,2312],"class_list":{"0":"post-329855","1":"post","2":"type-post","3":"status-publish","4":"format-standard","5":"has-post-thumbnail","7":"category-toulouse","8":"tag-actu","9":"tag-actualites","10":"tag-eu","11":"tag-europe","12":"tag-fr","13":"tag-france","14":"tag-news","15":"tag-occitanie","16":"tag-premium","17":"tag-republique-francaise","18":"tag-toulouse"},"share_on_mastodon":{"url":"https:\/\/pubeurope.com\/@fr\/115056865720828301","error":""},"_links":{"self":[{"href":"https:\/\/www.europesays.com\/fr\/wp-json\/wp\/v2\/posts\/329855","targetHints":{"allow":["GET"]}}],"collection":[{"href":"https:\/\/www.europesays.com\/fr\/wp-json\/wp\/v2\/posts"}],"about":[{"href":"https:\/\/www.europesays.com\/fr\/wp-json\/wp\/v2\/types\/post"}],"author":[{"embeddable":true,"href":"https:\/\/www.europesays.com\/fr\/wp-json\/wp\/v2\/users\/2"}],"replies":[{"embeddable":true,"href":"https:\/\/www.europesays.com\/fr\/wp-json\/wp\/v2\/comments?post=329855"}],"version-history":[{"count":0,"href":"https:\/\/www.europesays.com\/fr\/wp-json\/wp\/v2\/posts\/329855\/revisions"}],"wp:featuredmedia":[{"embeddable":true,"href":"https:\/\/www.europesays.com\/fr\/wp-json\/wp\/v2\/media\/23669"}],"wp:attachment":[{"href":"https:\/\/www.europesays.com\/fr\/wp-json\/wp\/v2\/media?parent=329855"}],"wp:term":[{"taxonomy":"category","embeddable":true,"href":"https:\/\/www.europesays.com\/fr\/wp-json\/wp\/v2\/categories?post=329855"},{"taxonomy":"post_tag","embeddable":true,"href":"https:\/\/www.europesays.com\/fr\/wp-json\/wp\/v2\/tags?post=329855"}],"curies":[{"name":"wp","href":"https:\/\/api.w.org\/{rel}","templated":true}]}}