{"id":329858,"date":"2025-08-19T18:34:16","date_gmt":"2025-08-19T18:34:16","guid":{"rendered":"https:\/\/www.europesays.com\/fr\/329858\/"},"modified":"2025-08-19T18:34:16","modified_gmt":"2025-08-19T18:34:16","slug":"en-septembre-un-coffee-shop-arty-et-local-ouvre-dans-le-vieux-lille-19-08-2025","status":"publish","type":"post","link":"https:\/\/www.europesays.com\/fr\/329858\/","title":{"rendered":"En septembre, un coffee shop arty et local ouvre dans le Vieux-Lille &#8211; 19\/08\/2025"},"content":{"rendered":"<p>Un nouveau spot d\u00e9barque en septembre au 79 rue Esquermoise \u00e0 Lille : The Coffee Shop, un caf\u00e9 artistico-musico-gourmand cr\u00e9\u00e9 par un Lillois passionn\u00e9. On vous en dit plus sur l&rsquo;ambiance et ce qu&rsquo;on pourra retrouver dans les assiettes.<\/p>\n<p>Quand il en parle, on sent direct la passion. Jean-Lin Spiret, 46 ans, a boss\u00e9 dans la mode, le luxe et chez Apple avant de se lancer dans le v\u00e9lo haut de gamme (car c&rsquo;est un cycliste assidu depuis une quinzaine d&rsquo;ann\u00e9es). Mais il voulait plus d\u2019affect avec son taf : \u00ab\u00a0J\u2019avais besoin d\u2019aimer ce que je propose et d\u2019\u00eatre fier de mon produit\u00a0\u00bb, l\u00e2che-t-il.<\/p>\n<p>Et son (autre) kiff, c\u2019est le caf\u00e9. \u00ab\u00a0J\u2019adore le contact avec les clients, cr\u00e9er une \u00e9quipe, un environnement cool\u00a0\u00bb. Alors en mars dernier, il d\u00e9cide d\u2019ouvrir son propre coffee shop, qu&rsquo;il appelle <b>The Coffee Shop<\/b>. Deux mois plus tard, il visite le 79 rue Esquermoise, dans le Vieux-Lille et c\u2019est le crush total : <b>moulures, poutres apparentes, vitrine ancienne, chemin\u00e9e, verri\u00e8re<\/b>\u2026 \u00ab\u00a0C\u2019est un b\u00e2timent class\u00e9 ABF (ce sont\u00a0les architectes des b\u00e2timents de France), donc prot\u00e9g\u00e9. J\u2019ai tout gard\u00e9 pour respecter le patrimoine. On refait juste un petit coup de neuf au niveau de la peinture et on installe de nouveaux meubles\u00a0\u00bb.<\/p>\n<p>Le spot est tellement grand que Jean-Lin ne voulait pas se limiter \u00e0 servir des cappuccinos.\u00a0\u00ab\u00a0Pour moi, les personnes sont la plus belle des d\u00e9corations\u00a0\u00bb, explique-t-il. R\u00e9sultat : un lieu vivant avec des <b>concerts en journ\u00e9e<\/b> (merci au barista musicien), des expos d\u2019artistes, des soir\u00e9es \u00e0 th\u00e8me o\u00f9 la bouffe collera \u00e0 la playlist (ambiance Italie, par exemple). Et comme la voisine est jazzwoman, attendez-vous \u00e0 du jazz d\u00e8s l\u2019ouverture.<\/p>\n<p>On y mange et on y boit quoi ?<\/p>\n<p>La carte sera simple mais quali&rsquo;, avec des produits locaux. C\u00f4t\u00e9 sucr\u00e9, Jean-Lin a fait appel \u00e0\u00a0<a target=\"_blank\" href=\"https:\/\/www.vozer.fr\/2023\/12\/05\/d-ici-janvier-dona-bica-va-debarquer-dans-les-halles-de-wazemmes-avec-ses-produits-portugais\/\" rel=\"nofollow noopener\">Dona Bica<\/a>\u00a0(rue de la Monnaie) pour les pasteis sucr\u00e9s et sal\u00e9s, et\u00a0<a target=\"_blank\" href=\"https:\/\/www.vozer.fr\/2024\/06\/03\/papote-la-cantine-saine-et-gourmande-a-ouvert-a-marcq-en-baroeul\/\" rel=\"nofollow noopener\">Papote<\/a>\u00a0\u00e0 Marcq pour les cookies, g\u00e2teaux et buns sal\u00e9s.\u00a0<\/p>\n<p>Pour le caf\u00e9, il a choisi\u00a0<a target=\"_blank\" href=\"https:\/\/www.instagram.com\/corazondecafe.fr\/\" rel=\"nofollow noopener\">Caf\u00e9 Coroz\u00f3n<\/a>, torr\u00e9fi\u00e9 directement en Colombie. \u00ab\u00a0Ce qui m\u2019a plu, c\u2019est la d\u00e9marche : laisser la valeur ajout\u00e9e dans le pays, faire en sorte que le caf\u00e9 permette \u00e0 la Colombie de se d\u00e9velopper\u00a0\u00bb, raconte-t-il. En gros : du<b>\u00a0caf\u00e9 \u00e9thique, des matcha, chocolat chaud, boissons fra\u00eeches et quelques trucs sal\u00e9s<\/b> pour caler une petite faim. Pour le lancement, tout vient de partenaires locaux mais la team compte rapidement pr\u00e9parer ses propres recettes maison.<\/p>\n<p>L&rsquo;ambiance est sobre, avec des tons cuivr\u00e9s, des plantes \u00e0 gogo, de la vaisselle soign\u00e9e\u2026 C\u00f4t\u00e9 places, comptez\u00a030 assises pour commencer, puis 50 quand tout sera optimis\u00e9, et que le bel \u00e9tage sera am\u00e9nag\u00e9.\u00a0<\/p>\n<p>Sur place ou \u00e0 emporter, c\u2019est vous qui voyez. Et derri\u00e8re le comptoir,\u00a0<b>quatre baristas<\/b>\u00a0(dont Jean-Lin lui-m\u00eame et une barista br\u00e9silienne avec une sacr\u00e9e exp\u00e9rience). Le spot devrait ouvrir d\u00e9but septembre. Avant, ou apr\u00e8s la Braderie, \u00e7a on ne sait pas encore, mais comme d&rsquo;hab&rsquo; on vous tiendra au courant.<\/p>\n<p><script async src=\"\/\/www.instagram.com\/embed.js\"><\/script><\/p>\n","protected":false},"excerpt":{"rendered":"Un nouveau spot d\u00e9barque en septembre au 79 rue Esquermoise \u00e0 Lille : The Coffee Shop, un caf\u00e9&hellip;\n","protected":false},"author":2,"featured_media":329859,"comment_status":"","ping_status":"","sticky":false,"template":"","format":"standard","meta":{"footnotes":""},"categories":[2815],"tags":[1111,11,1777,674,1011,27,811,1307,12,25],"class_list":{"0":"post-329858","1":"post","2":"type-post","3":"status-publish","4":"format-standard","5":"has-post-thumbnail","7":"category-lille","8":"tag-actu","9":"tag-actualites","10":"tag-eu","11":"tag-europe","12":"tag-fr","13":"tag-france","14":"tag-hauts-de-france","15":"tag-lille","16":"tag-news","17":"tag-republique-francaise"},"share_on_mastodon":{"url":"https:\/\/pubeurope.com\/@fr\/115056873589343144","error":""},"_links":{"self":[{"href":"https:\/\/www.europesays.com\/fr\/wp-json\/wp\/v2\/posts\/329858","targetHints":{"allow":["GET"]}}],"collection":[{"href":"https:\/\/www.europesays.com\/fr\/wp-json\/wp\/v2\/posts"}],"about":[{"href":"https:\/\/www.europesays.com\/fr\/wp-json\/wp\/v2\/types\/post"}],"author":[{"embeddable":true,"href":"https:\/\/www.europesays.com\/fr\/wp-json\/wp\/v2\/users\/2"}],"replies":[{"embeddable":true,"href":"https:\/\/www.europesays.com\/fr\/wp-json\/wp\/v2\/comments?post=329858"}],"version-history":[{"count":0,"href":"https:\/\/www.europesays.com\/fr\/wp-json\/wp\/v2\/posts\/329858\/revisions"}],"wp:featuredmedia":[{"embeddable":true,"href":"https:\/\/www.europesays.com\/fr\/wp-json\/wp\/v2\/media\/329859"}],"wp:attachment":[{"href":"https:\/\/www.europesays.com\/fr\/wp-json\/wp\/v2\/media?parent=329858"}],"wp:term":[{"taxonomy":"category","embeddable":true,"href":"https:\/\/www.europesays.com\/fr\/wp-json\/wp\/v2\/categories?post=329858"},{"taxonomy":"post_tag","embeddable":true,"href":"https:\/\/www.europesays.com\/fr\/wp-json\/wp\/v2\/tags?post=329858"}],"curies":[{"name":"wp","href":"https:\/\/api.w.org\/{rel}","templated":true}]}}