{"id":329860,"date":"2025-08-19T18:35:14","date_gmt":"2025-08-19T18:35:14","guid":{"rendered":"https:\/\/www.europesays.com\/fr\/329860\/"},"modified":"2025-08-19T18:35:14","modified_gmt":"2025-08-19T18:35:14","slug":"il-retrouve-sa-voiture-volee-sur-le-bon-coin-et-provoque-larrestation-dun-suspect","status":"publish","type":"post","link":"https:\/\/www.europesays.com\/fr\/329860\/","title":{"rendered":"il retrouve sa voiture vol\u00e9e sur Le Bon Coin et provoque l\u2019arrestation d\u2019un suspect"},"content":{"rendered":"<p>Un jeune majeur a \u00e9t\u00e9 interpell\u00e9 \u00e0 Lille (<a target=\"_self\" href=\"https:\/\/www.lanouvellerepublique.fr\/nord\" rel=\"noopener\">Nord<\/a>) et plac\u00e9 en garde \u00e0 vue le soir du 16\u00a0ao\u00fbt 2025. Apr\u00e8s avoir pass\u00e9 une petite annonce sur Le Bon Coin pour vendre une Renault M\u00e9gane, il avait donn\u00e9 rendez-vous \u00e0 un internaute s\u2019\u00e9tant dit int\u00e9ress\u00e9 par un essai. Ce dernier n\u2019\u00e9tait autre que le propri\u00e9taire du v\u00e9hicule, vol\u00e9 peu de temps auparavant, raconte <a target=\"_blank\" href=\"https:\/\/france3-regions.franceinfo.fr\/hauts-de-france\/nord-0\/lille\/il-retrouve-son-vehicule-vole-sur-leboncoin-grace-a-ce-detail-qui-a-echappe-aux-yeux-du-voleur-3203222.html\" rel=\"noopener\">France\u00a03 Hauts-de-France<\/a>.<\/p>\n<p>Des d\u00e9tails qui ne trompent pas<\/p>\n<p>L\u2019homme \u00e2g\u00e9 de 37\u00a0ans avait reconnu sa voiture sur le site internet. Les plaques d\u2019immatriculation avaient \u00e9t\u00e9 chang\u00e9es mais sur les photos mises en ligne <a target=\"_blank\" href=\"https:\/\/www.lanouvellerepublique.fr\/pas-de-calais\/mise-en-vente-sur-le-bon-coin-cette-villa-du-pas-de-calais-est-un-bien-d-exception-1754926295\" rel=\"noopener\">sur Le Bon Coin<\/a>, il avait constat\u00e9 que la voiture pr\u00e9sentait les m\u00eames petits chocs sur la carrosserie que la sienne. Il avait alors contact\u00e9 le vendeur pour le rencontrer mais il avait ensuite pris soin de pr\u00e9venir les forces de l\u2019ordre de sa d\u00e9marche, explique <a target=\"_blank\" href=\"https:\/\/www.lavoixdunord.fr\/1616156\/article\/2025-08-18\/lille-il-retrouve-sa-voiture-volee-sur-leboncoin\" rel=\"noopener\">La Voix du Nord<\/a>.<\/p>\n<p>Voil\u00e0 pourquoi le suspect, \u00e2g\u00e9 de 19\u00a0ans, a \u00e9t\u00e9 arr\u00eat\u00e9 par les policiers de la BAC qui se tenaient pr\u00eats \u00e0 proximit\u00e9 du lieu de rendez-vous. Les fonctionnaires ont trouv\u00e9 une carte grise falsifi\u00e9e dans les effets personnels du jeune homme. <a target=\"_blank\" href=\"https:\/\/www.20minutes.fr\/lille\/4168392-20250818-lille-retrouve-voiture-volee-grace-rayures-carrosserie\" rel=\"noopener\">20 Minutes<\/a> pr\u00e9cise que le propri\u00e9taire du v\u00e9hicule a d\u00fb passer en revue plusieurs centaines d\u2019annonces de mod\u00e8les similaires \u00e0 celui de sa voiture vol\u00e9e.<\/p>\n","protected":false},"excerpt":{"rendered":"Un jeune majeur a \u00e9t\u00e9 interpell\u00e9 \u00e0 Lille (Nord) et plac\u00e9 en garde \u00e0 vue le soir du&hellip;\n","protected":false},"author":2,"featured_media":329861,"comment_status":"","ping_status":"","sticky":false,"template":"","format":"standard","meta":{"footnotes":""},"categories":[2815],"tags":[1111,11,1674,1777,674,274,1011,27,811,1307,12,1308,25],"class_list":{"0":"post-329860","1":"post","2":"type-post","3":"status-publish","4":"format-standard","5":"has-post-thumbnail","7":"category-lille","8":"tag-actu","9":"tag-actualites","10":"tag-communes","11":"tag-eu","12":"tag-europe","13":"tag-faits-divers-justice","14":"tag-fr","15":"tag-france","16":"tag-hauts-de-france","17":"tag-lille","18":"tag-news","19":"tag-nord","20":"tag-republique-francaise"},"share_on_mastodon":{"url":"https:\/\/pubeurope.com\/@fr\/115056877464571500","error":""},"_links":{"self":[{"href":"https:\/\/www.europesays.com\/fr\/wp-json\/wp\/v2\/posts\/329860","targetHints":{"allow":["GET"]}}],"collection":[{"href":"https:\/\/www.europesays.com\/fr\/wp-json\/wp\/v2\/posts"}],"about":[{"href":"https:\/\/www.europesays.com\/fr\/wp-json\/wp\/v2\/types\/post"}],"author":[{"embeddable":true,"href":"https:\/\/www.europesays.com\/fr\/wp-json\/wp\/v2\/users\/2"}],"replies":[{"embeddable":true,"href":"https:\/\/www.europesays.com\/fr\/wp-json\/wp\/v2\/comments?post=329860"}],"version-history":[{"count":0,"href":"https:\/\/www.europesays.com\/fr\/wp-json\/wp\/v2\/posts\/329860\/revisions"}],"wp:featuredmedia":[{"embeddable":true,"href":"https:\/\/www.europesays.com\/fr\/wp-json\/wp\/v2\/media\/329861"}],"wp:attachment":[{"href":"https:\/\/www.europesays.com\/fr\/wp-json\/wp\/v2\/media?parent=329860"}],"wp:term":[{"taxonomy":"category","embeddable":true,"href":"https:\/\/www.europesays.com\/fr\/wp-json\/wp\/v2\/categories?post=329860"},{"taxonomy":"post_tag","embeddable":true,"href":"https:\/\/www.europesays.com\/fr\/wp-json\/wp\/v2\/tags?post=329860"}],"curies":[{"name":"wp","href":"https:\/\/api.w.org\/{rel}","templated":true}]}}