{"id":329862,"date":"2025-08-19T18:36:07","date_gmt":"2025-08-19T18:36:07","guid":{"rendered":"https:\/\/www.europesays.com\/fr\/329862\/"},"modified":"2025-08-19T18:36:07","modified_gmt":"2025-08-19T18:36:07","slug":"le-terroriste-vitrollais-dultradroite-logan-nisin-lemporte-devant-le-tribunal-administratif","status":"publish","type":"post","link":"https:\/\/www.europesays.com\/fr\/329862\/","title":{"rendered":"Le terroriste vitrollais d\u2019ultradroite Logan Nisin l\u2019emporte devant le tribunal administratif"},"content":{"rendered":"<p>Le nom de Logan Nisin a fait un retour discret le 11\u00a0ao\u00fbt dernier devant la justice. Une audience technique et sans \u00e9motion, loin du tumulte m\u00e9diatique d\u00e9clench\u00e9 en septembre\u00a02021 par<a href=\"https:\/\/www.laprovence.com\/article\/papier\/6497445\/le-proces-dune-cellule-dultradroite-qui-revait-de-guerre-civile.html\" target=\"_blank\" rel=\"noopener\"> le proc\u00e8s de ce chef d\u2019un groupuscule terroriste d\u2019ultradroite,<\/a> baptis\u00e9e OAS, devant le tribunal correctionnel de Paris. Alors jug\u00e9 au c\u00f4t\u00e9 de cinq complices, le jeune vitrollais de 25\u00a0ans avait \u00e9cop\u00e9 de neuf ans de prison pour avoir projet\u00e9 une s\u00e9rie d\u2019attentats destin\u00e9e \u00e0 enclencher une \u00ab\u00a0remigration par la terreur\u00a0\u00bb. <\/p>\n<p>Plus pr\u00e9cis\u00e9ment, Logan Nisin et ses troupes envisageaient de faire une tuerie de masse devant des mosqu\u00e9es, d\u2019attaquer au lance-flammes ou \u00e0 l\u2019explosif des kebabs, des bars \u00ab\u00a0de gauchistes\u00a0\u00bb, probablement \u00e0 La Plaine, ou encore, de s\u2019en prendre \u00e0 des politiques honnis (Jean-Luc M\u00e9lenchon et Christophe Castaner). <a href=\"https:\/\/www.laprovence.com\/actu\/en-direct\/6514633\/projets-dattentats-dix-ans-de-prison-ferme-requis-contre-le-vitrollais-logan-nisin-chef-du-groupuscule-du\" target=\"_blank\" rel=\"noopener\">Des desseins mortif\u00e8res emp\u00each\u00e9s \u00ab\u00a0\u00e0 un \u00e9tat d\u2019avancement remarquable\u00a0\u00bb, avaient assur\u00e9 le parquet de Paris<\/a> dans son r\u00e9quisitoire, en soulignant la \u00ab\u00a0port\u00e9e\u00a0\u00bb de ce premier dossier de terrorisme d\u2019ultradroite jug\u00e9 en France.<\/p>\n<p>\u00ab\u00a0Je vous dis \u00e0 tous \u00e0 bient\u00f4t\u00a0\u00bb<\/p>\n<p>Apr\u00e8s avoir accompli la quasi-totalit\u00e9 de sa peine, Logan Nisin a finalement \u00e9t\u00e9 lib\u00e9r\u00e9 en juin dernier. Pour autant, celui qui a un temps fray\u00e9 avec le Front national vitrollais, jusqu\u2019\u00e0 tenir un bureau de vote quelques mois avant son arrestation, restait soumis \u00e0 une mesure individuelle de contr\u00f4le administratif et de surveillance appel\u00e9e \u00ab\u00a0Micas\u00a0\u00bb.\u00a0<\/p>\n","protected":false},"excerpt":{"rendered":"Le nom de Logan Nisin a fait un retour discret le 11\u00a0ao\u00fbt dernier devant la justice. Une audience&hellip;\n","protected":false},"author":2,"featured_media":329863,"comment_status":"","ping_status":"","sticky":false,"template":"","format":"standard","meta":{"footnotes":""},"categories":[2814],"tags":[17,1111,11,46727,13413,1777,674,274,1011,27,46729,37620,884,12,46728,882,25,45250,46726],"class_list":{"0":"post-329862","1":"post","2":"type-post","3":"status-publish","4":"format-standard","5":"has-post-thumbnail","7":"category-marseille","8":"tag-17","9":"tag-actu","10":"tag-actualites","11":"tag-dultradroite","12":"tag-devant","13":"tag-eu","14":"tag-europe","15":"tag-faits-divers-justice","16":"tag-fr","17":"tag-france","18":"tag-lemporte","19":"tag-logan","20":"tag-marseille","21":"tag-news","22":"tag-nisin","23":"tag-provence-alpes-cote-dazur","24":"tag-republique-francaise","25":"tag-terroriste","26":"tag-vitrollais"},"share_on_mastodon":{"url":"https:\/\/pubeurope.com\/@fr\/115056881407247563","error":""},"_links":{"self":[{"href":"https:\/\/www.europesays.com\/fr\/wp-json\/wp\/v2\/posts\/329862","targetHints":{"allow":["GET"]}}],"collection":[{"href":"https:\/\/www.europesays.com\/fr\/wp-json\/wp\/v2\/posts"}],"about":[{"href":"https:\/\/www.europesays.com\/fr\/wp-json\/wp\/v2\/types\/post"}],"author":[{"embeddable":true,"href":"https:\/\/www.europesays.com\/fr\/wp-json\/wp\/v2\/users\/2"}],"replies":[{"embeddable":true,"href":"https:\/\/www.europesays.com\/fr\/wp-json\/wp\/v2\/comments?post=329862"}],"version-history":[{"count":0,"href":"https:\/\/www.europesays.com\/fr\/wp-json\/wp\/v2\/posts\/329862\/revisions"}],"wp:featuredmedia":[{"embeddable":true,"href":"https:\/\/www.europesays.com\/fr\/wp-json\/wp\/v2\/media\/329863"}],"wp:attachment":[{"href":"https:\/\/www.europesays.com\/fr\/wp-json\/wp\/v2\/media?parent=329862"}],"wp:term":[{"taxonomy":"category","embeddable":true,"href":"https:\/\/www.europesays.com\/fr\/wp-json\/wp\/v2\/categories?post=329862"},{"taxonomy":"post_tag","embeddable":true,"href":"https:\/\/www.europesays.com\/fr\/wp-json\/wp\/v2\/tags?post=329862"}],"curies":[{"name":"wp","href":"https:\/\/api.w.org\/{rel}","templated":true}]}}