{"id":329864,"date":"2025-08-19T18:37:13","date_gmt":"2025-08-19T18:37:13","guid":{"rendered":"https:\/\/www.europesays.com\/fr\/329864\/"},"modified":"2025-08-19T18:37:13","modified_gmt":"2025-08-19T18:37:13","slug":"piscine-municipale-pont-de-vivaux-a-marseille-horaires-tarifs-et-informations","status":"publish","type":"post","link":"https:\/\/www.europesays.com\/fr\/329864\/","title":{"rendered":"Piscine municipale Pont de Vivaux \u00e0 Marseille : horaires, tarifs et informations"},"content":{"rendered":"<p>Je d\u00e9ambule souvent dans le 10\u00e8me arrondissement, et la <strong>piscine municipale Pont de Vivaux<\/strong> est un v\u00e9ritable havre de fra\u00eecheur pour les Marseillais du quartier. Install\u00e9e au 93 boulevard Romain Rolland, cette installation sportive offre un espace de d\u00e9tente et d\u2019exercice id\u00e9al quand le mistral ne suffit plus \u00e0 nous rafra\u00eechir. Entre deux articles sur notre ville phoc\u00e9enne, j\u2019ai d\u00e9cid\u00e9 de te pr\u00e9senter toutes les informations pratiques pour profiter pleinement de ce bassin municipal qui fait la joie des habitants.<\/p>\n<p>Acc\u00e8s et localisation de la piscine Pont de Vivaux<\/p>\n<p>Situ\u00e9e dans le 10\u00e8me arrondissement, cette <strong>piscine municipale marseillaise<\/strong> est facilement accessible. Tu peux t\u2019y rendre en empruntant les lignes de bus 15 et 91 qui desservent directement le boulevard Romain Rolland. Si tu pr\u00e9f\u00e8res venir en voiture, un parking est disponible \u00e0 proximit\u00e9 imm\u00e9diate, ce qui facilite grandement le stationnement dans ce quartier souvent anim\u00e9.<\/p>\n<p>Le bassin se trouve juste \u00e0 c\u00f4t\u00e9 du Lyc\u00e9e Professionnel R\u00e9gional Amp\u00e8re, un rep\u00e8re bien connu dans le secteur. Malheureusement, je dois signaler que l\u2019<strong>accessibilit\u00e9 pour les personnes \u00e0 mobilit\u00e9 r\u00e9duite<\/strong> n\u2019est pas assur\u00e9e : ni borne d\u2019accueil adapt\u00e9e, ni vestiaires PMR, ni dispositif de mise \u00e0 l\u2019eau ne sont disponibles. Une situation que j\u2019esp\u00e8re voir \u00e9voluer, comme pour <a href=\"https:\/\/www.newsofmarseille.com\/jet-ski-marseille-sensations-fortes-garanties-mediterranee-location-randonnees-3-00102872025.html\" rel=\"nofollow noopener\" target=\"_blank\">d\u2019autres activit\u00e9s aquatiques \u00e0 Marseille<\/a> qui deviennent plus inclusives.<\/p>\n<p>Horaires d\u2019ouverture et p\u00e9riodes de fonctionnement<\/p>\n<tr>\nJour<br \/>\nHoraires p\u00e9riode scolaire<br \/>\n<\/tr>\n<tr>\n<td>Lundi<\/td>\n<td>12h \u00e0 14h<\/td>\n<\/tr>\n<tr>\n<td>Mardi au vendredi<\/td>\n<td>12h \u00e0 14h et 17h \u00e0 19h<\/td>\n<\/tr>\n<tr>\n<td>Samedi et dimanche<\/td>\n<td>Ferm\u00e9<\/td>\n<\/tr>\n<p>La <strong>piscine municipale de Pont de Vivaux<\/strong> adapte ses horaires pour convenir aux diff\u00e9rents publics. Les cr\u00e9neaux du midi sont parfaits pour une pause sportive entre coll\u00e8gues, tandis que les ouvertures en fin de journ\u00e9e permettent aux familles de profiter du bassin apr\u00e8s l\u2019\u00e9cole ou le travail.<\/p>\n<p>Attention, pour cet \u00e9t\u00e9 2025, le bassin sera ferm\u00e9 du 30 juin au 31 ao\u00fbt. J\u2019ai d\u00e9j\u00e0 not\u00e9 cette information dans mon agenda pour ne pas me retrouver nez \u00e0 porte comme l\u2019\u00e9t\u00e9 dernier !<\/p>\n<p>\u00c9quipements et installations de la piscine<br \/>\nCaract\u00e9ristiques du bassin<\/p>\n<ul>\n<li>Bassin de 25 m\u00e8tres de longueur<\/li>\n<li>Largeur de 10 m\u00e8tres<\/li>\n<li>Profondeur variable : 0,95 m minimum \u00e0 2,10 m maximum<\/li>\n<li>4 couloirs disponibles pour les nageurs<\/li>\n<\/ul>\n<p>Le <strong>bassin municipal d\u00e9couvrable<\/strong> constitue l\u2019atout principal de cette piscine. Quand le soleil marseillais est au rendez-vous, le toit s\u2019ouvre pour permettre une baignade en plein air, un vrai bonheur ! L\u2019eau est trait\u00e9e au chlore gazeux, garantissant une hygi\u00e8ne optimale pour tous les nageurs.<\/p>\n<p>Autres \u00e9quipements<\/p>\n<ul>\n<li>Un solarium pour profiter du soleil m\u00e9diterran\u00e9en<\/li>\n<li>Des distributeurs d\u2019accessoires de natation<\/li>\n<li>Des vestiaires collectifs et individuels<\/li>\n<\/ul>\n<p>Je te conseille d\u2019apporter ton propre cadenas, car il n\u2019y a pas de casiers individuels pour s\u00e9curiser tes affaires. Les douches individuelles sont \u00e9galement absentes, une configuration typique des piscines publiques plus anciennes de notre ville.<\/p>\n<p>Tarifs et activit\u00e9s propos\u00e9es<br \/>\nGrille tarifaire<\/p>\n<tr>\nType d\u2019entr\u00e9e<br \/>\nPlein tarif<br \/>\nTarif r\u00e9duit<br \/>\n<\/tr>\n<tr>\n<td>Entr\u00e9e unitaire<\/td>\n<td>3\u20ac<\/td>\n<td>1,50\u20ac<\/td>\n<\/tr>\n<tr>\n<td>Carte 10 entr\u00e9es<\/td>\n<td>20\u20ac<\/td>\n<td>10\u20ac<\/td>\n<\/tr>\n<tr>\n<td>Abonnement annuel<\/td>\n<td>161\u20ac<\/td>\n<td>84\u20ac<\/td>\n<\/tr>\n<p>L\u2019acc\u00e8s \u00e0 la <strong>piscine municipale est gratuit<\/strong> pour plusieurs cat\u00e9gories :<\/p>\n<ul>\n<li>Enfants de moins de 12 ans<\/li>\n<li>Personnes de plus de 60 ans<\/li>\n<li>Personnes handicap\u00e9es (sur pr\u00e9sentation de carte)<\/li>\n<li>Certains professionnels (police municipale, marins-pompiers)<\/li>\n<\/ul>\n<p>Programmes d\u2019activit\u00e9s<\/p>\n<p>La piscine propose diverses <strong>animations aquatiques et cours de natation<\/strong> pour tous les niveaux. Les le\u00e7ons sont accessibles sur inscription pr\u00e9alable :<\/p>\n<p><a href=\"https:\/\/www.present.fr\/vivre-bali-guide-complet-sexpatrier-france-conseils-pratiques-partir\/\" target=\"_blank\" rel=\"nofollow noopener\"><br \/>\n  <img loading=\"lazy\" decoding=\"async\" width=\"1298\" height=\"560\" src=\"data:image\/svg+xml,%3Csvg%20xmlns=\" http:=\"\" alt=\"Vivre \u00e0 Bali\" style=\"width:100%; height:auto;\" data-lazy-src=\"https:\/\/www.europesays.com\/fr\/wp-content\/uploads\/2025\/07\/Design-sans-titre-2025-06-23T141323.113.jpg\"\/><br \/>\n<\/a><\/p>\n<ul>\n<li>Le\u00e7ons particuli\u00e8res (1 \u00e0 3 personnes) : 15\u20ac la s\u00e9ance, 60\u20ac les 5, 110\u20ac les 10<\/li>\n<\/ul>\n<p>Pour les apprentissages en groupe, j\u2019ai test\u00e9 les le\u00e7ons collectives qui accueillent de 4 \u00e0 8 personnes au tarif de 7\u20ac la le\u00e7on, 30\u20ac les 5 ou 50\u20ac les 10 s\u00e9ances. Un excellent rapport qualit\u00e9-prix qui permet de progresser rapidement !<\/p>\n<p><img loading=\"lazy\" decoding=\"async\" width=\"150\" height=\"150\" src=\"data:image\/svg+xml,%3Csvg%20xmlns=\" http:=\"\" class=\"attachment-150x150 size-150x150\" alt=\"\" itemprop=\"image\" data-lazy- data-lazy- data-lazy-src=\"https:\/\/www.europesays.com\/fr\/wp-content\/uploads\/2025\/04\/img2-150x150.png\"\/><\/p>\n<p>Je suis Adrien, r\u00e9dacteur virtuel depuis quelques ann\u00e9es. J&rsquo;aime pouvoir partager avec vous les tendances Lifestyle sur le blog News Of Marseille. J&rsquo;esp\u00e8re que vous prendrez plaisir \u00e0 lire mes articles !<\/p>\n<p>Partagez l&rsquo;article ou suivez nous !<\/p>\n<p>\n\tNos images sont \u00e0 but illustratif et peuvent ne pas repr\u00e9senter la r\u00e9alit\u00e9<\/p>\n","protected":false},"excerpt":{"rendered":"Je d\u00e9ambule souvent dans le 10\u00e8me arrondissement, et la piscine municipale Pont de Vivaux est un v\u00e9ritable havre&hellip;\n","protected":false},"author":2,"featured_media":329865,"comment_status":"","ping_status":"","sticky":false,"template":"","format":"standard","meta":{"footnotes":""},"categories":[2814],"tags":[46730,46731,40914,45983,1111,11,1777,674,1011,27,884,12,882,25],"class_list":{"0":"post-329864","1":"post","2":"type-post","3":"status-publish","4":"format-standard","5":"has-post-thumbnail","7":"category-marseille","8":"tag-acces-a-la-baignade","9":"tag-acces-au-parking-p3","10":"tag-acces-en-bus","11":"tag-acces-en-voiture","12":"tag-actu","13":"tag-actualites","14":"tag-eu","15":"tag-europe","16":"tag-fr","17":"tag-france","18":"tag-marseille","19":"tag-news","20":"tag-provence-alpes-cote-dazur","21":"tag-republique-francaise"},"share_on_mastodon":{"url":"https:\/\/pubeurope.com\/@fr\/115056885340973490","error":""},"_links":{"self":[{"href":"https:\/\/www.europesays.com\/fr\/wp-json\/wp\/v2\/posts\/329864","targetHints":{"allow":["GET"]}}],"collection":[{"href":"https:\/\/www.europesays.com\/fr\/wp-json\/wp\/v2\/posts"}],"about":[{"href":"https:\/\/www.europesays.com\/fr\/wp-json\/wp\/v2\/types\/post"}],"author":[{"embeddable":true,"href":"https:\/\/www.europesays.com\/fr\/wp-json\/wp\/v2\/users\/2"}],"replies":[{"embeddable":true,"href":"https:\/\/www.europesays.com\/fr\/wp-json\/wp\/v2\/comments?post=329864"}],"version-history":[{"count":0,"href":"https:\/\/www.europesays.com\/fr\/wp-json\/wp\/v2\/posts\/329864\/revisions"}],"wp:featuredmedia":[{"embeddable":true,"href":"https:\/\/www.europesays.com\/fr\/wp-json\/wp\/v2\/media\/329865"}],"wp:attachment":[{"href":"https:\/\/www.europesays.com\/fr\/wp-json\/wp\/v2\/media?parent=329864"}],"wp:term":[{"taxonomy":"category","embeddable":true,"href":"https:\/\/www.europesays.com\/fr\/wp-json\/wp\/v2\/categories?post=329864"},{"taxonomy":"post_tag","embeddable":true,"href":"https:\/\/www.europesays.com\/fr\/wp-json\/wp\/v2\/tags?post=329864"}],"curies":[{"name":"wp","href":"https:\/\/api.w.org\/{rel}","templated":true}]}}