{"id":329866,"date":"2025-08-19T18:38:11","date_gmt":"2025-08-19T18:38:11","guid":{"rendered":"https:\/\/www.europesays.com\/fr\/329866\/"},"modified":"2025-08-19T18:38:11","modified_gmt":"2025-08-19T18:38:11","slug":"lyon-un-cambrioleur-fait-coup-double-dans-le-meme-quartier-mais-est-arrete-dans-la-foulee","status":"publish","type":"post","link":"https:\/\/www.europesays.com\/fr\/329866\/","title":{"rendered":"Lyon. Un cambrioleur fait coup double dans le m\u00eame quartier mais est arr\u00eat\u00e9 dans la foul\u00e9e"},"content":{"rendered":"<p>Un cambrioleur a \u00e9t\u00e9 arr\u00eat\u00e9 en flagrant d\u00e9lit dans la nuit de dimanche \u00e0 lundi \u00e0 Lyon 7e. Peu avant 3 heures, il se trouvait dans la r\u00e9serve d\u2019un bar du quartier de la <a href=\"https:\/\/www.leprogres.fr\/p\/la-guillotiere\" target=\"_blank\" rel=\"noopener\">Guilloti\u00e8re<\/a> \u00e9quip\u00e9 d\u2019une masse et d\u2019un fusil de cuisine.<\/p>\n<p>Quand les policiers l\u2019ont interpell\u00e9, il pr\u00e9sentait des plaies aux mains.<\/p>\n<p>L\u2019enqu\u00eate a montr\u00e9 qu\u2019il s\u2019\u00e9tait bless\u00e9 en brisant la vitrine d\u2019une salle de sport situ\u00e9e dans le m\u00eame quartier. Du sang avait \u00e9t\u00e9 retrouv\u00e9 sur le verre cass\u00e9 et le comptoir de l\u2019accueil.<\/p>\n<p>  Le suspect d\u00e9j\u00e0 connu des forces de l&rsquo;ordre<\/p>\n<p>\u00c2g\u00e9\u00a0de 46 ans, d\u00e9j\u00e0 connu des services de police, le cambrioleur a \u00e9t\u00e9 plac\u00e9 en garde \u00e0 vue au cours de laquelle il a reconnu les faits.<\/p>\n<p>Son implication a \u00e9t\u00e9 confirm\u00e9e par les images de vid\u00e9osurveillance de la salle de sport, victime \u00e9galement d\u2019une intrusion.<\/p>\n<p>Le quadrag\u00e9naire a \u00e9t\u00e9 d\u00e9f\u00e9r\u00e9 mardi au tribunal en vue d\u2019une comparution imm\u00e9diate.<\/p>\n","protected":false},"excerpt":{"rendered":"Un cambrioleur a \u00e9t\u00e9 arr\u00eat\u00e9 en flagrant d\u00e9lit dans la nuit de dimanche \u00e0 lundi \u00e0 Lyon 7e.&hellip;\n","protected":false},"author":2,"featured_media":329867,"comment_status":"","ping_status":"","sticky":false,"template":"","format":"standard","meta":{"footnotes":""},"categories":[1889],"tags":[1111,11,2430,271,272,2757,1777,674,274,107,1011,27,2428,2756,12,25,2429],"class_list":{"0":"post-329866","1":"post","2":"type-post","3":"status-publish","4":"format-standard","5":"has-post-thumbnail","7":"category-lyon","8":"tag-actu","9":"tag-actualites","10":"tag-auvergne-rhone-alpes","11":"tag-crime","12":"tag-delit-et-contravention","13":"tag-edition-lyon-villeurbanne","14":"tag-eu","15":"tag-europe","16":"tag-faits-divers-justice","17":"tag-fil-info","18":"tag-fr","19":"tag-france","20":"tag-lyon","21":"tag-lyon-bassin","22":"tag-news","23":"tag-republique-francaise","24":"tag-rhone"},"share_on_mastodon":{"url":"https:\/\/pubeurope.com\/@fr\/115056889314324934","error":""},"_links":{"self":[{"href":"https:\/\/www.europesays.com\/fr\/wp-json\/wp\/v2\/posts\/329866","targetHints":{"allow":["GET"]}}],"collection":[{"href":"https:\/\/www.europesays.com\/fr\/wp-json\/wp\/v2\/posts"}],"about":[{"href":"https:\/\/www.europesays.com\/fr\/wp-json\/wp\/v2\/types\/post"}],"author":[{"embeddable":true,"href":"https:\/\/www.europesays.com\/fr\/wp-json\/wp\/v2\/users\/2"}],"replies":[{"embeddable":true,"href":"https:\/\/www.europesays.com\/fr\/wp-json\/wp\/v2\/comments?post=329866"}],"version-history":[{"count":0,"href":"https:\/\/www.europesays.com\/fr\/wp-json\/wp\/v2\/posts\/329866\/revisions"}],"wp:featuredmedia":[{"embeddable":true,"href":"https:\/\/www.europesays.com\/fr\/wp-json\/wp\/v2\/media\/329867"}],"wp:attachment":[{"href":"https:\/\/www.europesays.com\/fr\/wp-json\/wp\/v2\/media?parent=329866"}],"wp:term":[{"taxonomy":"category","embeddable":true,"href":"https:\/\/www.europesays.com\/fr\/wp-json\/wp\/v2\/categories?post=329866"},{"taxonomy":"post_tag","embeddable":true,"href":"https:\/\/www.europesays.com\/fr\/wp-json\/wp\/v2\/tags?post=329866"}],"curies":[{"name":"wp","href":"https:\/\/api.w.org\/{rel}","templated":true}]}}