{"id":329868,"date":"2025-08-19T18:39:11","date_gmt":"2025-08-19T18:39:11","guid":{"rendered":"https:\/\/www.europesays.com\/fr\/329868\/"},"modified":"2025-08-19T18:39:11","modified_gmt":"2025-08-19T18:39:11","slug":"bousculer-les-idees-au-musee-dart-contemporain-de-lyon","status":"publish","type":"post","link":"https:\/\/www.europesays.com\/fr\/329868\/","title":{"rendered":"\u00ab\u00a0Bousculer les id\u00e9es\u00a0\u00bb au Mus\u00e9e d\u2019Art Contemporain de Lyon"},"content":{"rendered":"<p>En 2024, 147\u00a0230 visiteurs ont pass\u00e9 le seuil du Mus\u00e9e d\u2019art contemporain (MAC) de Lyon. C\u2019est \u00e0 peu pr\u00e8s le nombre d\u2019habitants de la ville de Brest, quatorze fois le nombre de brioches \u00e0 la praline vendues par Pralus chaque ann\u00e9e, ou encore le prix d\u2019une jolie voiture de luxe.<\/p>\n<p>En somme, le MAC explose les compteurs\u00a0: derri\u00e8re ce succ\u00e8s, on retrouve une approche novatrice de l\u2019art contemporain, permettant de laisser tomber les barri\u00e8res autour d\u2019une discipline souvent r\u00e9put\u00e9e comme inapprochable.<\/p>\n<p>Renzo Piano et la conception du mus\u00e9e<\/p>\n<p>Avant de bifurquer sur la raison d\u2019exister du mus\u00e9e, il convient d\u2019en \u00e9voquer la naissance\u00a0: cr\u00e9\u00e9 en 1984, le MAC se trouvait \u00e0 l\u2019origine dans l\u2019enceinte du Palais Saint-Pierre, occupant trois \u00e9tages de <a href=\"https:\/\/www.leprogres.fr\/rhone-69-edition-lyon-metropole\/2018\/11\/02\/musee-des-beaux-arts-cette-renovation-qui-a-tout-change\" target=\"_blank\" rel=\"nofollow noopener\">l\u2019actuel mus\u00e9e des Beaux-Arts<\/a>. En 1995, il d\u00e9m\u00e9nage au c\u0153ur de ce qui deviendra la Cit\u00e9 internationale.<\/p>\n<p><strong>&gt;&gt;\u00a0<a href=\"https:\/\/www.leprogres.fr\/economie\/2025\/08\/08\/les-riverains-se-plaignent-du-bruit-le-bar-du-musee-d-art-contemporain-condamne-a-la-mettre-en-sourdine-pendant-une-semaine\" target=\"_blank\" rel=\"nofollow noopener\">Le bar de&#8230;<\/a><\/strong><\/p>\n","protected":false},"excerpt":{"rendered":"En 2024, 147\u00a0230 visiteurs ont pass\u00e9 le seuil du Mus\u00e9e d\u2019art contemporain (MAC) de Lyon. C\u2019est \u00e0 peu&hellip;\n","protected":false},"author":2,"featured_media":329869,"comment_status":"","ping_status":"","sticky":false,"template":"","format":"standard","meta":{"footnotes":""},"categories":[1889],"tags":[1111,11,2430,1687,2757,1777,674,1011,27,2428,2756,12,25,2429],"class_list":{"0":"post-329868","1":"post","2":"type-post","3":"status-publish","4":"format-standard","5":"has-post-thumbnail","7":"category-lyon","8":"tag-actu","9":"tag-actualites","10":"tag-auvergne-rhone-alpes","11":"tag-culture-loisirs","12":"tag-edition-lyon-villeurbanne","13":"tag-eu","14":"tag-europe","15":"tag-fr","16":"tag-france","17":"tag-lyon","18":"tag-lyon-bassin","19":"tag-news","20":"tag-republique-francaise","21":"tag-rhone"},"share_on_mastodon":{"url":"https:\/\/pubeurope.com\/@fr\/115056893125740250","error":""},"_links":{"self":[{"href":"https:\/\/www.europesays.com\/fr\/wp-json\/wp\/v2\/posts\/329868","targetHints":{"allow":["GET"]}}],"collection":[{"href":"https:\/\/www.europesays.com\/fr\/wp-json\/wp\/v2\/posts"}],"about":[{"href":"https:\/\/www.europesays.com\/fr\/wp-json\/wp\/v2\/types\/post"}],"author":[{"embeddable":true,"href":"https:\/\/www.europesays.com\/fr\/wp-json\/wp\/v2\/users\/2"}],"replies":[{"embeddable":true,"href":"https:\/\/www.europesays.com\/fr\/wp-json\/wp\/v2\/comments?post=329868"}],"version-history":[{"count":0,"href":"https:\/\/www.europesays.com\/fr\/wp-json\/wp\/v2\/posts\/329868\/revisions"}],"wp:featuredmedia":[{"embeddable":true,"href":"https:\/\/www.europesays.com\/fr\/wp-json\/wp\/v2\/media\/329869"}],"wp:attachment":[{"href":"https:\/\/www.europesays.com\/fr\/wp-json\/wp\/v2\/media?parent=329868"}],"wp:term":[{"taxonomy":"category","embeddable":true,"href":"https:\/\/www.europesays.com\/fr\/wp-json\/wp\/v2\/categories?post=329868"},{"taxonomy":"post_tag","embeddable":true,"href":"https:\/\/www.europesays.com\/fr\/wp-json\/wp\/v2\/tags?post=329868"}],"curies":[{"name":"wp","href":"https:\/\/api.w.org\/{rel}","templated":true}]}}