{"id":329872,"date":"2025-08-19T18:42:10","date_gmt":"2025-08-19T18:42:10","guid":{"rendered":"https:\/\/www.europesays.com\/fr\/329872\/"},"modified":"2025-08-19T18:42:10","modified_gmt":"2025-08-19T18:42:10","slug":"la-republique-protege-et-protegera-toujours-ses-compatriotes-de-confession-juive-repond-la-france-a-benyamin-netanyahou","status":"publish","type":"post","link":"https:\/\/www.europesays.com\/fr\/329872\/","title":{"rendered":"\u00ab\u00a0La R\u00e9publique prot\u00e8ge et prot\u00e9gera toujours ses compatriotes de confession juive\u00a0\u00bb, r\u00e9pond la France \u00e0 Benyamin N\u00e9tanyahou"},"content":{"rendered":"<p>   L\u2019appel d\u2019Emmanuel Macron \u00e0 reconna\u00eetre l\u2019Etat de Palestine \u00ab\u00a0alimente le feu antis\u00e9mite\u00a0\u00bb, estime Benyamin N\u00e9tanyahou             <\/p>\n<p class=\"post__live-container--answer-text post__space-node\">Le premier ministre isra\u00e9lien, Benyamin N\u00e9tanyahou, accuse le pr\u00e9sident Emmanuel Macron \u00ab\u00a0d\u2019alimenter le feu antis\u00e9mite\u00a0\u00bb en France en appelant \u00e0 la reconnaissance internationale de l\u2019Etat de Palestine, selon un courrier officiel adress\u00e9 au chef de l\u2019Etat fran\u00e7ais.<\/p>\n<p class=\"post__live-container--answer-text post__space-node\">\u00ab\u00a0Pr\u00e9sident Macron, l\u2019antis\u00e9mitisme est un cancer. Il se propage lorsque les dirigeants restent silencieux. Il recule lorsque les dirigeants agissent.\u00a0Je vous appelle \u00e0 remplacer la faiblesse par l\u2019action, l\u2019apaisement par la volont\u00e9, et \u00e0 le faire avant une date claire\u00a0: la nouvelle ann\u00e9e juive, le 23\u00a0septembre\u00a02025\u00a0\u00bb, poursuit-il dans cette lettre dat\u00e9e du 17\u00a0ao\u00fbt et transmise mardi \u00e0 l\u2019Agence France-Presse.<\/p>\n<p class=\"post__live-container--answer-text post__space-node\">\u00ab\u00a0Je suis pr\u00e9occup\u00e9 par <a href=\"https:\/\/www.lemonde.fr\/societe\/article\/2025\/01\/22\/antisemitisme-1-570-actes-recenses-en-france-en-2024_6510129_3224.html\" rel=\"nofollow noopener\" target=\"_blank\">la mont\u00e9e alarmante de l\u2019antis\u00e9mitisme<\/a> en France et par le manque d\u2019actions d\u00e9cisives de votre gouvernement pour y faire face. Ces derni\u00e8res ann\u00e9es, l\u2019antis\u00e9mitisme a ravag\u00e9 les villes fran\u00e7aises\u00a0\u00bb, \u00e9crit M.\u00a0N\u00e9tanyahou. \u00ab\u00a0Depuis vos d\u00e9clarations publiques attaquant Isra\u00ebl et signalant la reconnaissance d\u2019un Etat palestinien, il a augment\u00e9\u00a0\u00bb, affirme-t-il.<\/p>\n<p class=\"post__live-container--answer-text post__space-node\">\u00ab\u00a0A la suite de l\u2019attaque sauvage du Hamas contre le peuple isra\u00e9lien le 7\u00a0octobre\u00a02023, des extr\u00e9mistes pro-Hamas et des radicaux de gauche ont lanc\u00e9 une campagne d\u2019intimidation, de vandalisme et de violence contre les juifs \u00e0 travers l\u2019Europe\u00a0\u00bb, une campagne qui \u00ab\u00a0s\u2019est intensifi\u00e9e en France\u00a0\u00bb sous le mandat de M.\u00a0Macron, estime le premier ministre isra\u00e9lien.<\/p>\n<p class=\"post__live-container--answer-text post__space-node\">Il liste plusieurs incidents r\u00e9cents, dont le saccage de l\u2019entr\u00e9e de bureaux de la compagnie a\u00e9rienne El Al \u00e0 Paris, l\u2019agression d\u2019un homme juif \u00e0 Livry-Gargan ou des rabbins \u00ab\u00a0agress\u00e9s dans les rues de Paris\u00a0\u00bb. \u00ab\u00a0Ces incidents ne sont pas isol\u00e9s. Ils constituent une plaie.\u00a0\u00bb<\/p>\n<p class=\"post__live-container--answer-text post__space-node\">\u00ab\u00a0Votre appel \u00e0 un Etat de Palestine alimente ce feu antis\u00e9mite. (\u2026) Cela r\u00e9compense la terreur du Hamas, renforce le refus du Hamas de lib\u00e9rer les otages, encourage ceux qui menacent les juifs fran\u00e7ais et favorise la haine des juifs qui r\u00f4de d\u00e9sormais dans vos rues\u00a0\u00bb, accuse encore M.\u00a0N\u00e9tanyahou. Il loue en contre-exemple le pr\u00e9sident am\u00e9ricain, Donald Trump, pour son \u00ab\u00a0combat\u00a0\u00bb contre les crimes antis\u00e9mites et pour \u00ab\u00a0prot\u00e9ger les juifs am\u00e9ricains\u00a0\u00bb.<\/p>\n<p class=\"post__live-container--answer-text post__space-node\">A partir du 23\u00a0septembre, les juifs c\u00e9l\u00e8brent Roch Hachana, <a href=\"https:\/\/www.lemonde.fr\/le-monde-des-religions\/article\/2024\/10\/02\/qu-est-ce-que-roch-hachana-le-nouvel-an-juif_6143065_6038515.html\" rel=\"nofollow noopener\" target=\"_blank\">la nouvelle ann\u00e9e du calendrier h\u00e9bra\u00efque<\/a>.\u00a0Les mots\u00a0\u00ab\u00a0Roch Hachana\u00a0\u00bb\u00a0signifient \u00ab\u00a0t\u00eate de l\u2019ann\u00e9e\u00a0\u00bb. Cette f\u00eate, qui tombe en septembre ou en octobre et qui dure deux jours, c\u00e9l\u00e8bre la nouvelle ann\u00e9e juive.\u00a0L\u2019Assembl\u00e9e g\u00e9n\u00e9rale de l\u2019ONU pr\u00e9vue en septembre prend fin pr\u00e9cis\u00e9ment le 23, date pos\u00e9e par M. N\u00e9tanyahou dans son courrier.<\/p>\n<p class=\"post__live-container--answer-text post__space-node\">La France, impuissante \u00e0 faire cesser le conflit \u00e0 Gaza, enclench\u00e9 apr\u00e8s les massacres du 7\u00a0octobre\u00a02023\u00a0commis par le Hamas, a pr\u00e9sent\u00e9 son initiative politique de reconna\u00eetre l\u2019Etat de Palestine comme un chemin vers la paix, cens\u00e9e raviver la solution \u00e0 deux Etats que rejettent M.\u00a0N\u00e9tanyahou et ses ministres d\u2019extr\u00eame droite.\u00a0Dans le sillage d\u2019Emmanuel Macron, le Royaume-Uni, le Canada et le Portugal ont pris un engagement similaire, aggravant l\u2019isolement du gouvernement isra\u00e9lien.<\/p>\n","protected":false},"excerpt":{"rendered":"L\u2019appel d\u2019Emmanuel Macron \u00e0 reconna\u00eetre l\u2019Etat de Palestine \u00ab\u00a0alimente le feu antis\u00e9mite\u00a0\u00bb, estime Benyamin N\u00e9tanyahou Le premier ministre&hellip;\n","protected":false},"author":2,"featured_media":329873,"comment_status":"","ping_status":"","sticky":false,"template":"","format":"standard","meta":{"footnotes":""},"categories":[1888],"tags":[1111,1928,11,1927,1777,674,1011,27,12,1926,626,1925,25],"class_list":{"0":"post-329872","1":"post","2":"type-post","3":"status-publish","4":"format-standard","5":"has-post-thumbnail","7":"category-paris","8":"tag-actu","9":"tag-actu-paris","10":"tag-actualites","11":"tag-actualites-paris","12":"tag-eu","13":"tag-europe","14":"tag-fr","15":"tag-france","16":"tag-news","17":"tag-news-paris","18":"tag-paris","19":"tag-paris-news","20":"tag-republique-francaise"},"share_on_mastodon":{"url":"https:\/\/pubeurope.com\/@fr\/115056905021068477","error":""},"_links":{"self":[{"href":"https:\/\/www.europesays.com\/fr\/wp-json\/wp\/v2\/posts\/329872","targetHints":{"allow":["GET"]}}],"collection":[{"href":"https:\/\/www.europesays.com\/fr\/wp-json\/wp\/v2\/posts"}],"about":[{"href":"https:\/\/www.europesays.com\/fr\/wp-json\/wp\/v2\/types\/post"}],"author":[{"embeddable":true,"href":"https:\/\/www.europesays.com\/fr\/wp-json\/wp\/v2\/users\/2"}],"replies":[{"embeddable":true,"href":"https:\/\/www.europesays.com\/fr\/wp-json\/wp\/v2\/comments?post=329872"}],"version-history":[{"count":0,"href":"https:\/\/www.europesays.com\/fr\/wp-json\/wp\/v2\/posts\/329872\/revisions"}],"wp:featuredmedia":[{"embeddable":true,"href":"https:\/\/www.europesays.com\/fr\/wp-json\/wp\/v2\/media\/329873"}],"wp:attachment":[{"href":"https:\/\/www.europesays.com\/fr\/wp-json\/wp\/v2\/media?parent=329872"}],"wp:term":[{"taxonomy":"category","embeddable":true,"href":"https:\/\/www.europesays.com\/fr\/wp-json\/wp\/v2\/categories?post=329872"},{"taxonomy":"post_tag","embeddable":true,"href":"https:\/\/www.europesays.com\/fr\/wp-json\/wp\/v2\/tags?post=329872"}],"curies":[{"name":"wp","href":"https:\/\/api.w.org\/{rel}","templated":true}]}}