{"id":329878,"date":"2025-08-19T18:45:13","date_gmt":"2025-08-19T18:45:13","guid":{"rendered":"https:\/\/www.europesays.com\/fr\/329878\/"},"modified":"2025-08-19T18:45:13","modified_gmt":"2025-08-19T18:45:13","slug":"quinte-du-mercredi-20-aout-a-paris-vincennes-le-meilleur-est-a-venir-avoue-jean-francois-mary-qui-presente-indy-dark","status":"publish","type":"post","link":"https:\/\/www.europesays.com\/fr\/329878\/","title":{"rendered":"Quint\u00e9 du mercredi 20\u00a0ao\u00fbt \u00e0 Paris-Vincennes\u00a0: \u00ab\u00a0Le meilleur est \u00e0 venir\u00a0\u00bb, avoue Jean-Fran\u00e7ois Mary qui pr\u00e9sente Indy Dark"},"content":{"rendered":"<p class=\"paragraph text_align_left lp-f-body-02\">Bas\u00e9 au haras de la Perrine \u00e0 Grez-en-Bou\u00e8re (Mayenne), Jean-Fran\u00e7ois Mary est un touche-\u00e0-tout. Driver, entra\u00eeneur, propri\u00e9taire, \u00e9leveur, mais \u00e9galement consultant pour la cha\u00eene Equidia il y a quelques ann\u00e9es, c\u2019est dans l\u2019\u00e9levage qu\u2019il a sign\u00e9 ses plus beaux fleurons. Titulaire de 530 victoires dont neuf Groupes I, il a connu des grandes joies avec des chevaux tels que Fleuron Perrine, Gavroche Perrine, Herm\u00e8s Perrine, et plus r\u00e9cemment Django Riff, qui ont marqu\u00e9 le professionnel qui f\u00eatera ses 77 ans dans un mois : \u00ab <a href=\"https:\/\/www.leparisien.fr\/sports\/hippisme\/hippisme-django-riff-devient-millionnaire-16-08-2017-7195953.php\" target=\"_self\" rel=\"noopener\">Django Riff<\/a> est vraiment le cheval qui m\u2019a le plus marqu\u00e9, il a gagn\u00e9 16 groupes dont 3 au plus haut niveau. Fleuron Perrine m\u2019a \u00e9galement fait r\u00eaver et il reste \u00e0 ce jour, le dernier trotteur \u00e0 avoir r\u00e9alis\u00e9 le tripl\u00e9 lors des <a href=\"https:\/\/www.leparisien.fr\/sports\/hippisme\/josh-power-sebastien-ernault-et-eric-raffin-heros-des-criteriums-14-09-2024-AI3TTRAVEZBI3MPFS2J5I3BXTU.php\" target=\"_self\" rel=\"noopener\">Crit\u00e9riums <\/a>des 3, 4 et 5 ans, en 1996, 1997 et 1998. Actuellement, il me reste une quinzaine de poulini\u00e8res, et j\u2019esp\u00e8re encore pouvoir toucher des futurs champions. \u00bb En parall\u00e8le de l\u2019\u00e9levage, il continue tous les matins d\u2019entra\u00eener la petite vingtaine de chevaux en comptant les poulains, dans un cadre magnifique et non loin de ses fils Pierre-Edouard et Charles Antoine Mary. <\/p>\n","protected":false},"excerpt":{"rendered":"Bas\u00e9 au haras de la Perrine \u00e0 Grez-en-Bou\u00e8re (Mayenne), Jean-Fran\u00e7ois Mary est un touche-\u00e0-tout. Driver, entra\u00eeneur, propri\u00e9taire, \u00e9leveur,&hellip;\n","protected":false},"author":2,"featured_media":329879,"comment_status":"","ping_status":"","sticky":false,"template":"","format":"standard","meta":{"footnotes":""},"categories":[1888],"tags":[11,1777,674,1011,27,11462,12,626,25,60],"class_list":{"0":"post-329878","1":"post","2":"type-post","3":"status-publish","4":"format-standard","5":"has-post-thumbnail","7":"category-paris","8":"tag-actualites","9":"tag-eu","10":"tag-europe","11":"tag-fr","12":"tag-france","13":"tag-hippisme","14":"tag-news","15":"tag-paris","16":"tag-republique-francaise","17":"tag-sports"},"share_on_mastodon":{"url":"https:\/\/pubeurope.com\/@fr\/115056916991914356","error":""},"_links":{"self":[{"href":"https:\/\/www.europesays.com\/fr\/wp-json\/wp\/v2\/posts\/329878","targetHints":{"allow":["GET"]}}],"collection":[{"href":"https:\/\/www.europesays.com\/fr\/wp-json\/wp\/v2\/posts"}],"about":[{"href":"https:\/\/www.europesays.com\/fr\/wp-json\/wp\/v2\/types\/post"}],"author":[{"embeddable":true,"href":"https:\/\/www.europesays.com\/fr\/wp-json\/wp\/v2\/users\/2"}],"replies":[{"embeddable":true,"href":"https:\/\/www.europesays.com\/fr\/wp-json\/wp\/v2\/comments?post=329878"}],"version-history":[{"count":0,"href":"https:\/\/www.europesays.com\/fr\/wp-json\/wp\/v2\/posts\/329878\/revisions"}],"wp:featuredmedia":[{"embeddable":true,"href":"https:\/\/www.europesays.com\/fr\/wp-json\/wp\/v2\/media\/329879"}],"wp:attachment":[{"href":"https:\/\/www.europesays.com\/fr\/wp-json\/wp\/v2\/media?parent=329878"}],"wp:term":[{"taxonomy":"category","embeddable":true,"href":"https:\/\/www.europesays.com\/fr\/wp-json\/wp\/v2\/categories?post=329878"},{"taxonomy":"post_tag","embeddable":true,"href":"https:\/\/www.europesays.com\/fr\/wp-json\/wp\/v2\/tags?post=329878"}],"curies":[{"name":"wp","href":"https:\/\/api.w.org\/{rel}","templated":true}]}}