{"id":329880,"date":"2025-08-19T18:46:13","date_gmt":"2025-08-19T18:46:13","guid":{"rendered":"https:\/\/www.europesays.com\/fr\/329880\/"},"modified":"2025-08-19T18:46:13","modified_gmt":"2025-08-19T18:46:13","slug":"la-suisse-offre-limmunite-a-poutine-la-russie-veut-des-garanties-de-securite-pour-un-accord","status":"publish","type":"post","link":"https:\/\/www.europesays.com\/fr\/329880\/","title":{"rendered":"La Suisse offre l\u2019immunit\u00e9 \u00e0 Poutine, la Russie veut des garanties de s\u00e9curit\u00e9 pour un accord\u2026"},"content":{"rendered":"<p><strong>R\u00e9cap&rsquo; &#8211; \u00ab 20 Minutes \u00bb fait le point pour vous tous les soirs sur le conflit. Ce mardi soir, l\u2019heure est aux pr\u00e9paratifs d\u2019un \u00e9ventuel sommet entre Poutine et Zelensky. O\u00f9 et quand se d\u00e9roulera-t-il ? Quelles garanties attendent les deux pays ?<\/strong><\/p>\n<p>Vous avez rat\u00e9 les derniers \u00e9v\u00e9nements sur la guerre en Ukraine ? 20 Minutes fait le point pour vous tous les soirs. Voici l\u2019essentiel de ce mardi 19 ao\u00fbt, au 1.273e jour du conflit.<\/p>\n<p>Le fait du jour<\/p>\n<p><a href=\"https:\/\/www.20minutes.fr\/monde\/volodymyr-zelensky\/?at_medium=RSS%20feed&amp;at_campaign=ynews&amp;utm_source=yahoo&amp;utm_medium=rss&amp;utm_campaign=news_feed&amp;utm_content=in_article_link\" rel=\"nofollow noopener\" target=\"_blank\" data-ylk=\"slk:Volodymyr Zelensky;elm:context_link;itc:0;sec:content-canvas\" class=\"link \">Volodymyr Zelensky<\/a> s\u2019est entretenu avec <a href=\"https:\/\/www.20minutes.fr\/dossier\/donald_trump?at_medium=RSS%20feed&amp;at_campaign=ynews&amp;utm_source=yahoo&amp;utm_medium=rss&amp;utm_campaign=news_feed&amp;utm_content=in_article_link\" rel=\"nofollow noopener\" target=\"_blank\" data-ylk=\"slk:Donald Trump;elm:context_link;itc:0;sec:content-canvas\" class=\"link \">Donald Trump<\/a>, ainsi qu\u2019avec les dirigeants europ\u00e9ens dans la soir\u00e9e de lundi. D\u00e9sormais, une rencontre entre le pr\u00e9sident ukrainien et <a href=\"https:\/\/www.20minutes.fr\/monde\/vladimir_poutine\/?at_medium=RSS%20feed&amp;at_campaign=ynews&amp;utm_source=yahoo&amp;utm_medium=rss&amp;utm_campaign=news_feed&amp;utm_content=in_article_link\" rel=\"nofollow noopener\" target=\"_blank\" data-ylk=\"slk:Vladimir Poutine;elm:context_link;itc:0;sec:content-canvas\" class=\"link \">Vladimir Poutine<\/a> ne devrait plus qu\u2019\u00eatre une question d\u2019organisation. Alors \u00e0 l\u2019issue du sommet, lors d\u2019un appel entre le pr\u00e9sident am\u00e9ricain et celui de Russie, celui-ci \u00e0 tenter d\u2019abattre ses cartes et a propos\u00e9 une rencontre \u00e0\u2026 Moscou. Offre que Zelensky a imm\u00e9diatement refus\u00e9e.<\/p>\n<p>Autre piste qui tient \u00e0 c\u0153ur \u00e0 l\u2019Europe, celle de la <a href=\"https:\/\/www.20minutes.fr\/dossier\/suisse?at_medium=RSS%20feed&amp;at_campaign=ynews&amp;utm_source=yahoo&amp;utm_medium=rss&amp;utm_campaign=news_feed&amp;utm_content=in_article_link\" rel=\"nofollow noopener\" target=\"_blank\" data-ylk=\"slk:Suisse;elm:context_link;itc:0;sec:content-canvas\" class=\"link \">Suisse<\/a>. Et pour cause, le pays offrira \u00ab l\u2019immunit\u00e9 \u00bb au pr\u00e9sident russe, malgr\u00e9 son inculpation devant la Cour p\u00e9nale internationale, \u00e0 condition qu\u2019il vienne \u00ab pour une conf\u00e9rence de paix \u00bb, a assur\u00e9 mardi le ministre suisse des Affaires \u00e9trang\u00e8res, Ignazio Cassis.<\/p>\n<p>C\u2019est <a href=\"https:\/\/www.20minutes.fr\/politique\/emmanuel-macron\/?at_medium=RSS%20feed&amp;at_campaign=ynews&amp;utm_source=yahoo&amp;utm_medium=rss&amp;utm_campaign=news_feed&amp;utm_content=in_article_link\" rel=\"nofollow noopener\" target=\"_blank\" data-ylk=\"slk:Emmanuel Macron;elm:context_link;itc:0;sec:content-canvas\" class=\"link \">Emmanuel Macron<\/a> qui a \u00e9voqu\u00e9 la possibilit\u00e9 qu\u2019un \u00e9ventuel sommet de n\u00e9gociations de la paix entre Vladimir Poutine et son homologue ukrainien, Volodymyr Zelensky, se tienne en Europe et \u00ab ce sera un pays neutre, et donc peut-\u00eatre la Suisse \u00bb. Il dit plaider pour Gen\u00e8ve, si\u00e8ge europ\u00e9en de l\u2019<a href=\"https:\/\/www.20minutes.fr\/monde\/onu\/?at_medium=RSS%20feed&amp;at_campaign=ynews&amp;utm_source=yahoo&amp;utm_medium=rss&amp;utm_campaign=news_feed&amp;utm_content=in_article_link\" rel=\"nofollow noopener\" target=\"_blank\" data-ylk=\"slk:ONU;elm:context_link;itc:0;sec:content-canvas\" class=\"link \">ONU<\/a>. Pas de retour, pour le moment, des deux pr\u00e9sidents concern\u00e9s.<\/p>\n<p>La d\u00e9claration du jour<\/p>\n<p>Au sortir du sommet qui s\u2019est d\u00e9roul\u00e9 \u00e0 la Maison-Blanche, et malgr\u00e9 des avanc\u00e9es vers une potentielle paix, Emmanuel Macron s\u2019est m(&#8230;)<\/p>\n<p><a href=\"https:\/\/www.20minutes.fr\/monde\/ukraine\/4168597-20250819-guerre-ukraine-suisse-offre-immunite-poutine-russie-veut-garanties-securite-accord?at_medium=RSS%20feed&amp;at_campaign=ynews&amp;utm_source=yahoo&amp;utm_medium=rss&amp;utm_campaign=news_feed&amp;utm_content=read_more_link&quot;\" rel=\"nofollow noopener\" target=\"_blank\" data-ylk=\"slk:Lire la suite sur 20minutes;elm:context_link;itc:0;sec:content-canvas\" class=\"link \">Lire la suite sur 20minutes<\/a><\/p>\n<p>\u00c0 lire aussi :<br \/><a href=\"https:\/\/www.20minutes.fr\/monde\/ukraine\/4168435-20250818-guerre-ukraine-zelensky-obtient-promesses-protection-trump-europeens-martelent-soutien?at_medium=RSS%20feed&amp;at_campaign=ynews&amp;utm_source=yahoo&amp;utm_medium=rss&amp;utm_campaign=news_feed&amp;utm_content=related_content_link\" rel=\"nofollow noopener\" target=\"_blank\" data-ylk=\"slk:Guerre en Ukraine : Zelensky obtient des promesses de protection de Trump et les Europ\u00e9ens mart\u00e8lent leur soutien;elm:context_link;itc:0;sec:content-canvas\" class=\"link \">Guerre en Ukraine : Zelensky obtient des promesses de protection de Trump et les Europ\u00e9ens mart\u00e8lent leur soutien<\/a><br \/><a href=\"https:\/\/www.20minutes.fr\/monde\/ukraine\/4168442-20250818-guerre-ukraine-tres-elegant-zelensky-abandonne-uniforme-tenue-noire-trump-apprecie?at_medium=RSS%20feed&amp;at_campaign=ynews&amp;utm_source=yahoo&amp;utm_medium=rss&amp;utm_campaign=news_feed&amp;utm_content=related_content_link\" rel=\"nofollow noopener\" target=\"_blank\" data-ylk=\"slk:Guerre en Ukraine : \u00ab Vous \u00eates tr\u00e8s \u00e9l\u00e9gant \u00bb, Zelensky abandonne l\u2019uniforme pour une tenue noire, Trump appr\u00e9cie;elm:context_link;itc:0;sec:content-canvas\" class=\"link \">Guerre en Ukraine : \u00ab Vous \u00eates tr\u00e8s \u00e9l\u00e9gant \u00bb, Zelensky abandonne l\u2019uniforme pour une tenue noire, Trump appr\u00e9cie<\/a><\/p>\n","protected":false},"excerpt":{"rendered":"R\u00e9cap&rsquo; &#8211; \u00ab 20 Minutes \u00bb fait le point pour vous tous les soirs sur le conflit. Ce&hellip;\n","protected":false},"author":2,"featured_media":329881,"comment_status":"","ping_status":"","sticky":false,"template":"","format":"standard","meta":{"footnotes":""},"categories":[1591],"tags":[642,11,75,1887,12,2405,7274,1885,1886,132,6746],"class_list":{"0":"post-329880","1":"post","2":"type-post","3":"status-publish","4":"format-standard","5":"has-post-thumbnail","7":"category-russie","8":"tag-20-minutes","9":"tag-actualites","10":"tag-donald-trump","11":"tag-federation-de-russie","12":"tag-news","13":"tag-poutine","14":"tag-president-americain","15":"tag-russia","16":"tag-russian-federation","17":"tag-russie","18":"tag-zelensky"},"share_on_mastodon":{"url":"https:\/\/pubeurope.com\/@fr\/115056920717759190","error":""},"_links":{"self":[{"href":"https:\/\/www.europesays.com\/fr\/wp-json\/wp\/v2\/posts\/329880","targetHints":{"allow":["GET"]}}],"collection":[{"href":"https:\/\/www.europesays.com\/fr\/wp-json\/wp\/v2\/posts"}],"about":[{"href":"https:\/\/www.europesays.com\/fr\/wp-json\/wp\/v2\/types\/post"}],"author":[{"embeddable":true,"href":"https:\/\/www.europesays.com\/fr\/wp-json\/wp\/v2\/users\/2"}],"replies":[{"embeddable":true,"href":"https:\/\/www.europesays.com\/fr\/wp-json\/wp\/v2\/comments?post=329880"}],"version-history":[{"count":0,"href":"https:\/\/www.europesays.com\/fr\/wp-json\/wp\/v2\/posts\/329880\/revisions"}],"wp:featuredmedia":[{"embeddable":true,"href":"https:\/\/www.europesays.com\/fr\/wp-json\/wp\/v2\/media\/329881"}],"wp:attachment":[{"href":"https:\/\/www.europesays.com\/fr\/wp-json\/wp\/v2\/media?parent=329880"}],"wp:term":[{"taxonomy":"category","embeddable":true,"href":"https:\/\/www.europesays.com\/fr\/wp-json\/wp\/v2\/categories?post=329880"},{"taxonomy":"post_tag","embeddable":true,"href":"https:\/\/www.europesays.com\/fr\/wp-json\/wp\/v2\/tags?post=329880"}],"curies":[{"name":"wp","href":"https:\/\/api.w.org\/{rel}","templated":true}]}}