{"id":329884,"date":"2025-08-19T18:48:18","date_gmt":"2025-08-19T18:48:18","guid":{"rendered":"https:\/\/www.europesays.com\/fr\/329884\/"},"modified":"2025-08-19T18:48:18","modified_gmt":"2025-08-19T18:48:18","slug":"evs-annonce-une-acquisition-aux-etats-unis","status":"publish","type":"post","link":"https:\/\/www.europesays.com\/fr\/329884\/","title":{"rendered":"EVS annonce une acquisition aux \u00c9tats-Unis"},"content":{"rendered":"<p class=\"ap-StoryElement ap-StoryElement--mb ap-StoryText\">EVS va racheter Telemetrics, une soci\u00e9t\u00e9 de robotique pour les productions media.<\/p>\n<p class=\"ap-StoryElement ap-StoryElement--mb ap-StoryText\">L&rsquo;op\u00e9ration devrait \u00eatre finalis\u00e9e le 1er octobre. Gr\u00e2ce \u00e0 cette acquisition, EVS renforce sa pr\u00e9sence sur le march\u00e9 am\u00e9ricain, indique-t-elle dans un communiqu\u00e9 de presse. \u00ab\u00a0L&rsquo;int\u00e9gration permettra \u00e0 EVS d&rsquo;explorer des opportunit\u00e9s d&rsquo;assemblage de produits aux \u00c9tats-Unis.\u00a0\u00bb<\/p>\n<p class=\"ap-StoryElement ap-StoryElement--mb ap-StoryText\">L&rsquo;entreprise se dote d\u00e8s lors d&rsquo;une arme contre l'\u00a0\u00bb\u00e9volution des structures tarifaire<\/p>\n<p>Pour acc\u00e9der \u00e0 cet article, veuillez vous connecter au r\u00e9seau internet.<\/p>\n","protected":false},"excerpt":{"rendered":"EVS va racheter Telemetrics, une soci\u00e9t\u00e9 de robotique pour les productions media. L&rsquo;op\u00e9ration devrait \u00eatre finalis\u00e9e le 1er&hellip;\n","protected":false},"author":2,"featured_media":329885,"comment_status":"","ping_status":"","sticky":false,"template":"","format":"standard","meta":{"footnotes":""},"categories":[1589],"tags":[11,313,73,1866,12,42,1864,1865,1863,308],"class_list":{"0":"post-329884","1":"post","2":"type-post","3":"status-publish","4":"format-standard","5":"has-post-thumbnail","7":"category-etats-unis","8":"tag-actualites","9":"tag-entreprises","10":"tag-etats-unis","11":"tag-etats-unis-damerique","12":"tag-news","13":"tag-technologies","14":"tag-united-states","15":"tag-united-states-of-america","16":"tag-us","17":"tag-usa"},"share_on_mastodon":{"url":"https:\/\/pubeurope.com\/@fr\/115056928790157622","error":""},"_links":{"self":[{"href":"https:\/\/www.europesays.com\/fr\/wp-json\/wp\/v2\/posts\/329884","targetHints":{"allow":["GET"]}}],"collection":[{"href":"https:\/\/www.europesays.com\/fr\/wp-json\/wp\/v2\/posts"}],"about":[{"href":"https:\/\/www.europesays.com\/fr\/wp-json\/wp\/v2\/types\/post"}],"author":[{"embeddable":true,"href":"https:\/\/www.europesays.com\/fr\/wp-json\/wp\/v2\/users\/2"}],"replies":[{"embeddable":true,"href":"https:\/\/www.europesays.com\/fr\/wp-json\/wp\/v2\/comments?post=329884"}],"version-history":[{"count":0,"href":"https:\/\/www.europesays.com\/fr\/wp-json\/wp\/v2\/posts\/329884\/revisions"}],"wp:featuredmedia":[{"embeddable":true,"href":"https:\/\/www.europesays.com\/fr\/wp-json\/wp\/v2\/media\/329885"}],"wp:attachment":[{"href":"https:\/\/www.europesays.com\/fr\/wp-json\/wp\/v2\/media?parent=329884"}],"wp:term":[{"taxonomy":"category","embeddable":true,"href":"https:\/\/www.europesays.com\/fr\/wp-json\/wp\/v2\/categories?post=329884"},{"taxonomy":"post_tag","embeddable":true,"href":"https:\/\/www.europesays.com\/fr\/wp-json\/wp\/v2\/tags?post=329884"}],"curies":[{"name":"wp","href":"https:\/\/api.w.org\/{rel}","templated":true}]}}