{"id":329888,"date":"2025-08-19T18:50:10","date_gmt":"2025-08-19T18:50:10","guid":{"rendered":"https:\/\/www.europesays.com\/fr\/329888\/"},"modified":"2025-08-19T18:50:10","modified_gmt":"2025-08-19T18:50:10","slug":"allemagne-les-bloqueurs-de-pubs-en-ligne-pourraient-etre-interdits","status":"publish","type":"post","link":"https:\/\/www.europesays.com\/fr\/329888\/","title":{"rendered":"Allemagne: Les bloqueurs de pubs en ligne pourraient \u00eatre interdits"},"content":{"rendered":"<p>Les bloqueurs de pubs vont-ils \u00eatre interdits en Allemagne, puis en Europe? La question se pose apr\u00e8s une r\u00e9cente d\u00e9cision de justice li\u00e9e \u00e0 <a href=\"https:\/\/www.20min.ch\/fr\/story\/bild-attaque-les-bloqueurs-de-pub-sur-son-site-917396824746\" rel=\"nofollow noopener\" target=\"_blank\">la bataille engag\u00e9e depuis 2015<\/a> par le groupe de presse Axel Springer (\u00abBild\u00bb, \u00abDie Welt\u00bb, etc.) contre l&rsquo;\u00e9diteur d&rsquo;Adblock Plus, Eyeo. La Cour f\u00e9d\u00e9rale allemande a remis en cause un jugement rendu en 2023 par la Cour d&rsquo;appel de Hambourg, qui avait donn\u00e9 raison aux bloqueurs de pubs, et a demand\u00e9 un r\u00e9examen du dossier.<\/p>\n<p>Dans un premier temps, le groupe de m\u00e9dias a attaqu\u00e9 Eyeo pour concurrence d\u00e9loyale en lui reprochant de nuire \u00e0 ses revenus publicitaires. Mais le g\u00e9ant de la presse a ensuite chang\u00e9 de strat\u00e9gie en invoquant une atteinte au droit d&rsquo;auteur, en estimant que les bloqueurs de pubs modifient la mani\u00e8re dont ses contenus prot\u00e9g\u00e9s sont pr\u00e9sent\u00e9s.<\/p>\n<p>Cette nouvelle d\u00e9cision de justice a fait r\u00e9agir Mozilla. L&rsquo;\u00e9diteur du navigateur Firefox, ardent d\u00e9fenseur des bloqueurs de pubs, a d\u00e9nonc\u00e9 une interpr\u00e9tation excessive du droit d&rsquo;auteur. Pour illustrer son propos, la fondation a eu recours \u00e0 une s\u00e9rie d&rsquo;analogies: zapper les pubs \u00e0 la t\u00e9l\u00e9vision en allant chercher un encas, sauter les publicit\u00e9s au milieu d&rsquo;un podcast ou jeter un encart publicitaire dans un journal papier: \u00abCes actes constituent-ils une violation du droit d&rsquo;auteur? Bien s\u00fbr que non\u00bb, <a target=\"_blank\" href=\"https:\/\/blog.mozilla.org\/netpolicy\/2025\/08\/14\/is-germany-on-the-brink-of-banning-ad-blockers-user-freedom-privacy-and-security-is-at-risk\/\" rel=\"noopener noreferrer nofollow\">estime<\/a> Mozilla, qui milite depuis des ann\u00e9es pour un internet ouvert, dans lequel les internautes gardent le contr\u00f4le de leur exp\u00e9rience en ligne via des extensions. Ces derni\u00e8res ne servent pas seulement au confort visuel de l&rsquo;utilisateur, mais aussi \u00e0 la s\u00e9curit\u00e9 en ligne pour se prot\u00e9ger\u00a0contre les attaques malveillantes, contre le tra\u00e7age ou pour \u00e9conomiser des donn\u00e9es en all\u00e9geant le contenu affich\u00e9, notamment.<\/p>\n","protected":false},"excerpt":{"rendered":"Les bloqueurs de pubs vont-ils \u00eatre interdits en Allemagne, puis en Europe? La question se pose apr\u00e8s une&hellip;\n","protected":false},"author":2,"featured_media":329889,"comment_status":"","ping_status":"","sticky":false,"template":"","format":"standard","meta":{"footnotes":""},"categories":[1587],"tags":[11,672,1804,1805,1803,1777,674,1801,12,1802],"class_list":{"0":"post-329888","1":"post","2":"type-post","3":"status-publish","4":"format-standard","5":"has-post-thumbnail","7":"category-allemagne","8":"tag-actualites","9":"tag-allemagne","10":"tag-bundesrepublik-deutschland","11":"tag-de","12":"tag-deutschland","13":"tag-eu","14":"tag-europe","15":"tag-germany","16":"tag-news","17":"tag-republique-federale-dallemagne"},"share_on_mastodon":{"url":"https:\/\/pubeurope.com\/@fr\/115056936547012295","error":""},"_links":{"self":[{"href":"https:\/\/www.europesays.com\/fr\/wp-json\/wp\/v2\/posts\/329888","targetHints":{"allow":["GET"]}}],"collection":[{"href":"https:\/\/www.europesays.com\/fr\/wp-json\/wp\/v2\/posts"}],"about":[{"href":"https:\/\/www.europesays.com\/fr\/wp-json\/wp\/v2\/types\/post"}],"author":[{"embeddable":true,"href":"https:\/\/www.europesays.com\/fr\/wp-json\/wp\/v2\/users\/2"}],"replies":[{"embeddable":true,"href":"https:\/\/www.europesays.com\/fr\/wp-json\/wp\/v2\/comments?post=329888"}],"version-history":[{"count":0,"href":"https:\/\/www.europesays.com\/fr\/wp-json\/wp\/v2\/posts\/329888\/revisions"}],"wp:featuredmedia":[{"embeddable":true,"href":"https:\/\/www.europesays.com\/fr\/wp-json\/wp\/v2\/media\/329889"}],"wp:attachment":[{"href":"https:\/\/www.europesays.com\/fr\/wp-json\/wp\/v2\/media?parent=329888"}],"wp:term":[{"taxonomy":"category","embeddable":true,"href":"https:\/\/www.europesays.com\/fr\/wp-json\/wp\/v2\/categories?post=329888"},{"taxonomy":"post_tag","embeddable":true,"href":"https:\/\/www.europesays.com\/fr\/wp-json\/wp\/v2\/tags?post=329888"}],"curies":[{"name":"wp","href":"https:\/\/api.w.org\/{rel}","templated":true}]}}