{"id":329890,"date":"2025-08-19T18:51:12","date_gmt":"2025-08-19T18:51:12","guid":{"rendered":"https:\/\/www.europesays.com\/fr\/329890\/"},"modified":"2025-08-19T18:51:12","modified_gmt":"2025-08-19T18:51:12","slug":"les-canadiens-seront-soumis-a-la-prise-dempreintes-en-europe-des-octobre","status":"publish","type":"post","link":"https:\/\/www.europesays.com\/fr\/329890\/","title":{"rendered":"Les Canadiens Seront Soumis \u00c0 La Prise D\u2019empreintes En Europe D\u00e8s Octobre"},"content":{"rendered":"<p>Les <a href=\"https:\/\/www.timeout.com\/fr\/montreal\/nouvelles\/que-faire-si-votre-vol-air-canada-est-annule-selon-un-expert-081525\" target=\"_blank\" rel=\"noopener\">Canadiens voyageant<\/a> dans l\u2019Union europ\u00e9enne devront d\u00e9sormais se conformer \u00e0 de nouvelles exigences en mati\u00e8re d\u2019empreintes digitales et de donn\u00e9es biom\u00e9triques.<\/p>\n<p>Les autorit\u00e9s recommandent aux voyageurs de se pr\u00e9parer \u00e0 l\u2019avance \u00e0 ce changement majeur, qui marque la fin du simple tampon de passeport, longtemps familier aux visiteurs canadiens.<\/p>\n<p>Le nouveau syst\u00e8me d\u2019entr\u00e9e et de sortie de l\u2019UE (EES) remplacera les tampons de passeport pour les visiteurs non-europ\u00e9ens, dont <a href=\"https:\/\/www.timeout.com\/fr\/montreal\/nouvelles\/les-etats-unis-annoncent-un-tout-nouveau-droit-a-lintegrite-des-visas-072125\" target=\"_blank\" rel=\"noopener\">les Canadiens et les Am\u00e9ricains<\/a>, par des contr\u00f4les biom\u00e9triques.<\/p>\n<p>Lors de l\u2019entr\u00e9e dans l\u2019un des 29 pays de l\u2019espace Schengen \u2014 tels que la France, l\u2019Italie, l\u2019Espagne, l\u2019Allemagne ou la Gr\u00e8ce \u2014 les voyageurs devront fournir leurs empreintes digitales et une photo num\u00e9rique.<\/p>\n<p>Au cours des six prochains mois, l\u2019EES sera d\u00e9ploy\u00e9 progressivement, rempla\u00e7ant les files d\u2019attente aux postes de contr\u00f4le par des bornes automatiques.<\/p>\n<p>Quand les Canadiens devront-ils se faire prendre les empreintes pour entrer en Europe ?<\/p>\n<p>L\u2019Union europ\u00e9enne lancera prochainement son nouveau syst\u00e8me d\u2019entr\u00e9e et de sortie (EES), qui remplacera les tampons de passeport traditionnels par un enregistrement num\u00e9rique et un contr\u00f4le biom\u00e9trique pour la plupart des voyageurs non-europ\u00e9ens.<\/p>\n<p>\u00c0 partir du 12 octobre, 2025, les Canadiens peuvent s\u2019attendre \u00e0 des temps d\u2019attente plus longs lors de leur premi\u00e8re entr\u00e9e dans l\u2019un des 29 pays de l\u2019espace Schengen, car ils devront compl\u00e9ter un enregistrement num\u00e9rique incluant la prise d\u2019empreintes digitales et une photo du visage.<\/p>\n<p>Le nouveau syst\u00e8me sera d\u2019abord mis en place le 12 octobre dans certains a\u00e9roports, ports et postes frontaliers terrestres europ\u00e9ens.<\/p>\n<p>D\u2019autres sites seront progressivement ajout\u00e9s jusqu\u2019\u00e0 sa mise en \u0153uvre compl\u00e8te pr\u00e9vue le 10 avril 2026.<\/p>\n<p>Pendant cette p\u00e9riode de transition, les tampons de passeport serviront de solution de secours, puisque les voyageurs pourront entrer par un point de contr\u00f4le \u00e9quip\u00e9 de biom\u00e9trie et sortir par un autre o\u00f9 le syst\u00e8me n\u2019est pas encore actif.<\/p>\n<p>Quelles sont les nouvelles r\u00e8gles pour les Canadiens voyageant en Europe en 2025 ?<\/p>\n<p>Premi\u00e8re entr\u00e9e depuis l\u2019impl\u00e9mentation de l\u2019EES : \u00c0 l\u2019arriv\u00e9e, vous devrez fournir vos informations personnelles. Les agents de contr\u00f4le des passeports scanneront vos empreintes digitales ou prendront une photo de votre visage, qui sera enregistr\u00e9e dans un fichier num\u00e9rique.<\/p>\n<p>Le processus peut \u00eatre plus rapide si vous pr\u00e9enregistrez certaines informations via :<\/p>\n<p>Le syst\u00e8me en libre-service, si disponible au poste de contr\u00f4le, et\/ou<\/p>\n<p>Une application mobile fournie par le pays d\u2019arriv\u00e9e ou de d\u00e9part.<\/p>\n<p>M\u00eame avec ces options, vous rencontrerez un agent de contr\u00f4le des passeports.<\/p>\n<p>Entr\u00e9es pr\u00e9c\u00e9dentes sous l\u2019EES : Vos empreintes et votre photo seront d\u00e9j\u00e0 enregistr\u00e9es.<\/p>\n<p>Les agents ne feront qu\u2019en v\u00e9rifier la conformit\u00e9, ce qui prend g\u00e9n\u00e9ralement moins de temps.<\/p>\n<p>Dans de rares cas, ils pourraient devoir mettre \u00e0 jour ou recopier vos donn\u00e9es.<\/p>\n<p>Si vous poss\u00e9dez un passeport biom\u00e9trique, vous pourrez entrer plus rapidement via le syst\u00e8me en libre-service, lorsque disponible.<\/p>\n<p>Pourquoi l\u2019Europe introduit-elle le syst\u00e8me EES ?<\/p>\n<p>Le but officiel de l\u2019EES est de renforcer la s\u00e9curit\u00e9 aux fronti\u00e8res, de limiter l\u2019immigration ill\u00e9gale et de mieux suivre les d\u00e9passements de s\u00e9jour.<\/p>\n<p>En rempla\u00e7ant les tampons manuels par des enregistrements num\u00e9riques pr\u00e9cis, le syst\u00e8me r\u00e9duit la fraude, acc\u00e9l\u00e8re les contr\u00f4les et devrait raccourcir les temps d\u2019attente.<\/p>\n<p>L\u2019Europe n\u2019est pas la premi\u00e8re \u00e0 adopter la biom\u00e9trie aux fronti\u00e8res : des pays comme les \u00c9tats-Unis, le Royaume-Uni, l\u2019Australie et plusieurs pays asiatiques collectent depuis longtemps des empreintes digitales ou des donn\u00e9es faciales.<\/p>\n<p><img decoding=\"async\" id=\"8cc644c5-280d-90fd-29ce-139bc228aab2\" class=\"photo lazy inline\" loading=\"lazy\" data-component=\"lazy-embed\" src=\"https:\/\/www.europesays.com\/fr\/wp-content\/uploads\/2025\/08\/1755629472_416_image.webp.webp\" alt=\"Biometrics\" data-caption=\"\" data-credit=\"Photograph: Shutterstock \/ Fractal Pictures\" data-width-class=\"\" data-image-id=\"106278398\"\/>&#13;<br \/>\nPhotograph: Shutterstock \/ Fractal Pictures&#13;<\/p>\n<p>Quels pays font partie de l\u2019espace Schengen ?<\/p>\n<p>L\u2019espace Schengen comprend 29 pays : 25 \u00c9tats membres de l\u2019UE et 4 pays non membres (Islande, Norv\u00e8ge, Suisse et Liechtenstein).<\/p>\n<p>Les \u00c9tats Schengen sont : Allemagne, Autriche, Belgique, Bulgarie, Croatie, R\u00e9publique tch\u00e8que, Danemark, Estonie, Finlande, France, Gr\u00e8ce, Hongrie, Islande, Italie, Lettonie, Liechtenstein, Lituanie, Luxembourg, Malte, Pays-Bas, Norv\u00e8ge, Pologne, Portugal, Roumanie, Slovaquie, Slov\u00e9nie, Espagne, Su\u00e8de et Suisse.<\/p>\n<p>Pour en savoir plus sur le nouveau syst\u00e8me d\u2019entr\u00e9e et de sortie, cliquez <a href=\"https:\/\/travel-europe.europa.eu\/ees\" target=\"_blank\" rel=\"noopener nofollow\">ici<\/a>.<\/p>\n<p><strong>RECOMMAND\u00c9 :<br \/><a href=\"https:\/\/www.timeout.com\/fr\/montreal\/nouvelles\/air-canada-annonce-une-refonte-majeure-daeroplan-nouvelle-facon-daccumuler-des-points-et-dobtenir-le-statut-elite-080725\" target=\"_blank\" rel=\"noopener\">Air Canada annonce une refonte majeure d\u2019A\u00e9roplan<\/a><br \/><a href=\"https:\/\/www.timeout.com\/fr\/montreal\/nouvelles\/jetais-nerveuse-a-lidee-de-traverser-la-frontiere-americaine-en-voiture-en-tant-que-canadienne-voici-ce-qui-sest-passe-042225\" target=\"_blank\" rel=\"noopener\">Traverser la fronti\u00e8re am\u00e9ricaine m\u2019angoissait \u2014 voici ce qui s\u2019est pass\u00e9<\/a><\/strong><\/p>\n","protected":false},"excerpt":{"rendered":"Les Canadiens voyageant dans l\u2019Union europ\u00e9enne devront d\u00e9sormais se conformer \u00e0 de nouvelles exigences en mati\u00e8re d\u2019empreintes digitales&hellip;\n","protected":false},"author":2,"featured_media":329891,"comment_status":"","ping_status":"","sticky":false,"template":"","format":"standard","meta":{"footnotes":""},"categories":[1586],"tags":[11,46734,12058,1777,674,1011,27,12,25,586],"class_list":{"0":"post-329890","1":"post","2":"type-post","3":"status-publish","4":"format-standard","5":"has-post-thumbnail","7":"category-europe","8":"tag-actualites","9":"tag-actualites-undefined","10":"tag-categories-voyage","11":"tag-eu","12":"tag-europe","13":"tag-fr","14":"tag-france","15":"tag-news","16":"tag-republique-francaise","17":"tag-voyage"},"share_on_mastodon":{"url":"https:\/\/pubeurope.com\/@fr\/115056940723339513","error":""},"_links":{"self":[{"href":"https:\/\/www.europesays.com\/fr\/wp-json\/wp\/v2\/posts\/329890","targetHints":{"allow":["GET"]}}],"collection":[{"href":"https:\/\/www.europesays.com\/fr\/wp-json\/wp\/v2\/posts"}],"about":[{"href":"https:\/\/www.europesays.com\/fr\/wp-json\/wp\/v2\/types\/post"}],"author":[{"embeddable":true,"href":"https:\/\/www.europesays.com\/fr\/wp-json\/wp\/v2\/users\/2"}],"replies":[{"embeddable":true,"href":"https:\/\/www.europesays.com\/fr\/wp-json\/wp\/v2\/comments?post=329890"}],"version-history":[{"count":0,"href":"https:\/\/www.europesays.com\/fr\/wp-json\/wp\/v2\/posts\/329890\/revisions"}],"wp:featuredmedia":[{"embeddable":true,"href":"https:\/\/www.europesays.com\/fr\/wp-json\/wp\/v2\/media\/329891"}],"wp:attachment":[{"href":"https:\/\/www.europesays.com\/fr\/wp-json\/wp\/v2\/media?parent=329890"}],"wp:term":[{"taxonomy":"category","embeddable":true,"href":"https:\/\/www.europesays.com\/fr\/wp-json\/wp\/v2\/categories?post=329890"},{"taxonomy":"post_tag","embeddable":true,"href":"https:\/\/www.europesays.com\/fr\/wp-json\/wp\/v2\/tags?post=329890"}],"curies":[{"name":"wp","href":"https:\/\/api.w.org\/{rel}","templated":true}]}}