{"id":329910,"date":"2025-08-19T19:03:15","date_gmt":"2025-08-19T19:03:15","guid":{"rendered":"https:\/\/www.europesays.com\/fr\/329910\/"},"modified":"2025-08-19T19:03:15","modified_gmt":"2025-08-19T19:03:15","slug":"la-fin-du-calvaire-de-christophe-laporte-apres-neuf-mois-sans-course","status":"publish","type":"post","link":"https:\/\/www.europesays.com\/fr\/329910\/","title":{"rendered":"la fin du calvaire de Christophe Laporte apr\u00e8s neuf mois sans course"},"content":{"rendered":"<p>Plouay et le Canada aussi au programme<\/p>\n<p>Apr\u00e8s sa rentr\u00e9e \u00e0 Hambourg puis sa participation ce mercredi au Renewi Tour (jusqu&rsquo;au 24\u00a0ao\u00fbt), Christophe Laporte doit poursuivre sa reprise progressive au cours des prochaines semaines. Le coureur de Visma-Lease a Bike est attendu au d\u00e9part de la Bretagne Classic, le 31\u00a0ao\u00fbt \u00e0 Plouay, une \u00e9preuve qui figure parmi les rendez-vous majeurs de la fin d&rsquo;\u00e9t\u00e9 pour les puncheurs-sprinteurs. Il devrait ensuite traverser l&rsquo;Atlantique pour participer aux deux courses canadiennes de septembre\u00a0: le Grand Prix de Qu\u00e9bec, le 12, et celui de Montr\u00e9al, deux jours plus tard. Ce calendrier reste toutefois soumis \u00e0 son \u00e9tat de forme, apr\u00e8s neuf mois d&rsquo;arr\u00eat forc\u00e9. \u00ab\u00a0Tout n&rsquo;est pas encore s\u00fbr, cela d\u00e9pendra de ma condition\u00a0\u00bb, a rappel\u00e9 le champion d&rsquo;Europe 2023, qui avance d\u00e9sormais avec prudence.<\/p>\n","protected":false},"excerpt":{"rendered":"Plouay et le Canada aussi au programme Apr\u00e8s sa rentr\u00e9e \u00e0 Hambourg puis sa participation ce mercredi au&hellip;\n","protected":false},"author":2,"featured_media":329911,"comment_status":"","ping_status":"","sticky":false,"template":"","format":"standard","meta":{"footnotes":""},"categories":[1411],"tags":[1154,207,1011,27,60],"class_list":{"0":"post-329910","1":"post","2":"type-post","3":"status-publish","4":"format-standard","5":"has-post-thumbnail","7":"category-cyclisme","8":"tag-cycling","9":"tag-cyclisme","10":"tag-fr","11":"tag-france","12":"tag-sports"},"share_on_mastodon":{"url":"https:\/\/pubeurope.com\/@fr\/115056988026905824","error":""},"_links":{"self":[{"href":"https:\/\/www.europesays.com\/fr\/wp-json\/wp\/v2\/posts\/329910","targetHints":{"allow":["GET"]}}],"collection":[{"href":"https:\/\/www.europesays.com\/fr\/wp-json\/wp\/v2\/posts"}],"about":[{"href":"https:\/\/www.europesays.com\/fr\/wp-json\/wp\/v2\/types\/post"}],"author":[{"embeddable":true,"href":"https:\/\/www.europesays.com\/fr\/wp-json\/wp\/v2\/users\/2"}],"replies":[{"embeddable":true,"href":"https:\/\/www.europesays.com\/fr\/wp-json\/wp\/v2\/comments?post=329910"}],"version-history":[{"count":0,"href":"https:\/\/www.europesays.com\/fr\/wp-json\/wp\/v2\/posts\/329910\/revisions"}],"wp:featuredmedia":[{"embeddable":true,"href":"https:\/\/www.europesays.com\/fr\/wp-json\/wp\/v2\/media\/329911"}],"wp:attachment":[{"href":"https:\/\/www.europesays.com\/fr\/wp-json\/wp\/v2\/media?parent=329910"}],"wp:term":[{"taxonomy":"category","embeddable":true,"href":"https:\/\/www.europesays.com\/fr\/wp-json\/wp\/v2\/categories?post=329910"},{"taxonomy":"post_tag","embeddable":true,"href":"https:\/\/www.europesays.com\/fr\/wp-json\/wp\/v2\/tags?post=329910"}],"curies":[{"name":"wp","href":"https:\/\/api.w.org\/{rel}","templated":true}]}}