{"id":329912,"date":"2025-08-19T19:04:11","date_gmt":"2025-08-19T19:04:11","guid":{"rendered":"https:\/\/www.europesays.com\/fr\/329912\/"},"modified":"2025-08-19T19:04:11","modified_gmt":"2025-08-19T19:04:11","slug":"un-but-lillois-conteste-a-brest-mais-bien-valable","status":"publish","type":"post","link":"https:\/\/www.europesays.com\/fr\/329912\/","title":{"rendered":"Un but lillois contest\u00e9 \u00e0 Brest, mais bien valable"},"content":{"rendered":"<p class=\"date\">\n                                                            Fabien Le Floc&rsquo;h, Media365 : publi\u00e9 le mardi 19 ao\u00fbt 2025 \u00e0 19h41\n                                                    <\/p>\n<p>La direction de l&rsquo;arbitrage est revenue sur le troisi\u00e8me but accord\u00e9 aux Lillois ce dimanche lors de la 1\u00e8re journ\u00e9e de Ligue 1 entre Brest et Lille (3-3).<\/p>\n<p>La Ligue 1 a repris ses droits le week-end dernier, et la <a href=\"https:\/\/sports.orange.fr\/football\/ligue-1\/article\/ligue-1-l-essentiel-a-retenir-de-la-1ere-journee-exclu-CNT000002ke8Vc.html\" rel=\"nofollow noopener\" target=\"_blank\">premi\u00e8re journ\u00e9e n&rsquo;a pas \u00e9chapp\u00e9 \u00e0 des petites pol\u00e9miques<\/a> dans plusieurs stades fran\u00e7ais. Au Roazhon Park, apr\u00e8s la victoires de Rennes sur l&rsquo;OM (1-0) vendredi dernier, c&rsquo;est dans le vestiaire que \u00e7a a chauff\u00e9 entre Adrien Rabiot et Jonathan Rowe. Dimanche, toujours en Bretagne mais \u00e0 Francis-Le Bl\u00e9, c&rsquo;est sur la pelouse que la tension est mont\u00e9e <a href=\"https:\/\/sports.orange.fr\/football\/ligue-1\/lille\/article\/lille-giroud-un-retour-remarque-mais-frustrant-exclu-CNT000002kdXHR.html\" rel=\"nofollow noopener\" target=\"_blank\">entre Brest et Lille (3-3)<\/a>, apr\u00e8s le troisi\u00e8me but lillois. La raison ? Le but accord\u00e9 aux Lillois \u00e0 la 66e minute alors que les deux \u00e9quipes sont \u00e0 \u00e9galit\u00e9 (2-2).<\/p>\n<p>\u00ab Seul l&rsquo;arbitre peut d\u00e9cider d&rsquo;interrompre le jeu \u00bb<\/p>\n<p>Sur un corner, les Lillois prennent l&rsquo;avantage par Mukau, alors que l&rsquo;arbitre de touche avait lev\u00e9 son drapeau, consid\u00e9rant que le ballon \u00e9tait sorti des limites du terrain. L&rsquo;arbitre M. Turpin a dans un premier temps refus\u00e9 le but avant de revenir sur sa d\u00e9cision gr\u00e2ce \u00e0 l&rsquo;assistance vid\u00e9o. Une d\u00e9cision qui a provoqu\u00e9 la col\u00e8re des Brestois, qui disent avoir arr\u00eat\u00e9 de jouer en voyant le drapeau se lever. Le capitaine Brendan Chardonnet a m\u00eame d\u00e9pos\u00e9 une r\u00e9serve technique. Mais Brest n&rsquo;aura pas gain de cause, c&rsquo;est d\u00e9sormais act\u00e9.<\/p>\n<p>Dans son d\u00e9briefing de la premi\u00e8re journ\u00e9e de L1, la Direction de l&rsquo;arbitrage de la F\u00e9d\u00e9ration fran\u00e7aise de football (FFF) rappelle d&rsquo;abord que \u00ab les images utilis\u00e9es par l&rsquo;assistance vid\u00e9o montrent clairement que le ballon n&rsquo;est pas sorti des limites du terrain \u00bb. Avant de pr\u00e9ciser que \u00ab seul l&rsquo;arbitre peut d\u00e9cider d&rsquo;interrompre le jeu et que l&rsquo;intervention d&rsquo;un arbitre assistant \u00e0 l&rsquo;aide d&rsquo;un drapeau, quel qu&rsquo;en soit le motif, ne signifie aucunement l&rsquo;arr\u00eat de la rencontre \u00bb. Les Brestois n&rsquo;auraient donc pas d\u00fb s&rsquo;arr\u00eater de jouer apr\u00e8s le lever du drapeau de l&rsquo;assistant de M. Turpin, m\u00eame si cela a pu les d\u00e9stabiliser. C&rsquo;\u00e9tait d&rsquo;ailleurs l&rsquo;avis de l&rsquo;entra\u00eeneur brestois apr\u00e8s la rencontre ce dimanche. Eric Roy a reconnu que \u00ab le ballon n&rsquo;\u00e9tait pas du tout sorti \u00bb et que ses joueurs ont \u00ab \u00e9t\u00e9 punis \u00bb. Les Bretons pourront tout de m\u00eame se satisfaire de ce premier point pris de la saison face aux Lillois d&rsquo;Olivier Giroud.<\/p>\n","protected":false},"excerpt":{"rendered":"Fabien Le Floc&rsquo;h, Media365 : publi\u00e9 le mardi 19 ao\u00fbt 2025 \u00e0 19h41 La direction de l&rsquo;arbitrage est&hellip;\n","protected":false},"author":2,"featured_media":329913,"comment_status":"","ping_status":"","sticky":false,"template":"","format":"standard","meta":{"footnotes":""},"categories":[1410],"tags":[63,1011,27,60],"class_list":{"0":"post-329912","1":"post","2":"type-post","3":"status-publish","4":"format-standard","5":"has-post-thumbnail","7":"category-football","8":"tag-football","9":"tag-fr","10":"tag-france","11":"tag-sports"},"share_on_mastodon":{"url":"https:\/\/pubeurope.com\/@fr\/115056991761639042","error":""},"_links":{"self":[{"href":"https:\/\/www.europesays.com\/fr\/wp-json\/wp\/v2\/posts\/329912","targetHints":{"allow":["GET"]}}],"collection":[{"href":"https:\/\/www.europesays.com\/fr\/wp-json\/wp\/v2\/posts"}],"about":[{"href":"https:\/\/www.europesays.com\/fr\/wp-json\/wp\/v2\/types\/post"}],"author":[{"embeddable":true,"href":"https:\/\/www.europesays.com\/fr\/wp-json\/wp\/v2\/users\/2"}],"replies":[{"embeddable":true,"href":"https:\/\/www.europesays.com\/fr\/wp-json\/wp\/v2\/comments?post=329912"}],"version-history":[{"count":0,"href":"https:\/\/www.europesays.com\/fr\/wp-json\/wp\/v2\/posts\/329912\/revisions"}],"wp:featuredmedia":[{"embeddable":true,"href":"https:\/\/www.europesays.com\/fr\/wp-json\/wp\/v2\/media\/329913"}],"wp:attachment":[{"href":"https:\/\/www.europesays.com\/fr\/wp-json\/wp\/v2\/media?parent=329912"}],"wp:term":[{"taxonomy":"category","embeddable":true,"href":"https:\/\/www.europesays.com\/fr\/wp-json\/wp\/v2\/categories?post=329912"},{"taxonomy":"post_tag","embeddable":true,"href":"https:\/\/www.europesays.com\/fr\/wp-json\/wp\/v2\/tags?post=329912"}],"curies":[{"name":"wp","href":"https:\/\/api.w.org\/{rel}","templated":true}]}}