{"id":329922,"date":"2025-08-19T19:09:12","date_gmt":"2025-08-19T19:09:12","guid":{"rendered":"https:\/\/www.europesays.com\/fr\/329922\/"},"modified":"2025-08-19T19:09:12","modified_gmt":"2025-08-19T19:09:12","slug":"heureuses-qui-comme-helena-et-mentissa-vont-faire-un-beau-voyage-au-bout-du-monde","status":"publish","type":"post","link":"https:\/\/www.europesays.com\/fr\/329922\/","title":{"rendered":"Heureuses qui comme Helena et Mentissa vont faire un beau voyage au bout du monde"},"content":{"rendered":"<p class=\"ap-StoryElement ap-StoryElement--mb ap-StoryText\">C&rsquo;est le genre de proposition qui ne se refuse pas. Surtout pas lorsqu&rsquo;on est une jeune artiste. <a href=\"https:\/\/www.dhnet.be\/medias\/musique\/2024\/12\/28\/helena-bailly-est-la-personnalite-people-dh-de-lannee-cette-pause-va-me-faire-du-bien-K376UNNWRFEVNNZK3LASGLSWCY\/\" target=\"_self\" rel=\"noopener\">Helena, de la Star Academy<\/a> et <a href=\"https:\/\/www.dhnet.be\/medias\/musique\/2023\/05\/02\/elle-est-comme-on-limaginait-on-a-suivi-les-lecteurs-de-la-dh-qui-ont-passe-une-apres-midi-et-une-soiree-en-compagnie-de-mentissa-VRU2BTTOFRADFM5YEU4YIPTGOE\/\" target=\"_self\" rel=\"noopener\">Mentissa, r\u00e9v\u00e9l\u00e9e par la dixi\u00e8me saison de The Voice, la plus belle voix, sur TF1,<\/a> partiront bient\u00f4t au Japon. Elles repr\u00e9senteront la Belgique \u00e0 l&rsquo;occasion d&rsquo;une mission f\u00e9d\u00e9rale qui se rendra \u00e0 Osaka o\u00f9 elles chanteront le 14 septembre, dans le cadre du Belgian Day de l&rsquo;exposition universelle qui se d\u00e9roule l\u00e0-bas. Pour l&rsquo;occasion, une chorale de 100 enfants japonais les accompagnera.<\/p>\n","protected":false},"excerpt":{"rendered":"C&rsquo;est le genre de proposition qui ne se refuse pas. Surtout pas lorsqu&rsquo;on est une jeune artiste. Helena,&hellip;\n","protected":false},"author":2,"featured_media":329923,"comment_status":"","ping_status":"","sticky":false,"template":"","format":"standard","meta":{"footnotes":""},"categories":[1355],"tags":[58,59,1011,27,24365,1361,873],"class_list":{"0":"post-329922","1":"post","2":"type-post","3":"status-publish","4":"format-standard","5":"has-post-thumbnail","7":"category-musique","8":"tag-divertissement","9":"tag-entertainment","10":"tag-fr","11":"tag-france","12":"tag-la-star-academy","13":"tag-music","14":"tag-musique"},"share_on_mastodon":{"url":"https:\/\/pubeurope.com\/@fr\/115057011478180889","error":""},"_links":{"self":[{"href":"https:\/\/www.europesays.com\/fr\/wp-json\/wp\/v2\/posts\/329922","targetHints":{"allow":["GET"]}}],"collection":[{"href":"https:\/\/www.europesays.com\/fr\/wp-json\/wp\/v2\/posts"}],"about":[{"href":"https:\/\/www.europesays.com\/fr\/wp-json\/wp\/v2\/types\/post"}],"author":[{"embeddable":true,"href":"https:\/\/www.europesays.com\/fr\/wp-json\/wp\/v2\/users\/2"}],"replies":[{"embeddable":true,"href":"https:\/\/www.europesays.com\/fr\/wp-json\/wp\/v2\/comments?post=329922"}],"version-history":[{"count":0,"href":"https:\/\/www.europesays.com\/fr\/wp-json\/wp\/v2\/posts\/329922\/revisions"}],"wp:featuredmedia":[{"embeddable":true,"href":"https:\/\/www.europesays.com\/fr\/wp-json\/wp\/v2\/media\/329923"}],"wp:attachment":[{"href":"https:\/\/www.europesays.com\/fr\/wp-json\/wp\/v2\/media?parent=329922"}],"wp:term":[{"taxonomy":"category","embeddable":true,"href":"https:\/\/www.europesays.com\/fr\/wp-json\/wp\/v2\/categories?post=329922"},{"taxonomy":"post_tag","embeddable":true,"href":"https:\/\/www.europesays.com\/fr\/wp-json\/wp\/v2\/tags?post=329922"}],"curies":[{"name":"wp","href":"https:\/\/api.w.org\/{rel}","templated":true}]}}