{"id":329942,"date":"2025-08-19T19:19:17","date_gmt":"2025-08-19T19:19:17","guid":{"rendered":"https:\/\/www.europesays.com\/fr\/329942\/"},"modified":"2025-08-19T19:19:17","modified_gmt":"2025-08-19T19:19:17","slug":"socios-verts-des-supporters-bientot-actionnaires","status":"publish","type":"post","link":"https:\/\/www.europesays.com\/fr\/329942\/","title":{"rendered":"Socios Verts\u00a0: des supporters bient\u00f4t actionnaires"},"content":{"rendered":"<p class=\"is-style-chapo\">Ce mardi 19 ao\u00fbt, l\u2019association de supporters st\u00e9phanois Socios Verts, a confirm\u00e9 son intention de rejoindre l\u2019actionnariat de l\u2019ASSE \u00e0 partir du 12 septembre. Les aficionados pourront ainsi entrer au capital de l\u2019AS Saint-Etienne pour la somme, hautement symbolique pour le club, de 19,33 euros\u2026<\/p>\n<p><img loading=\"lazy\" decoding=\"async\" width=\"1024\" height=\"576\" src=\"https:\/\/www.europesays.com\/fr\/wp-content\/uploads\/2025\/08\/IMG_2837-1-1024x576.jpg\" alt=\"\" class=\"wp-image-80265\"  \/>J\u00e9r\u00e9my Chatonnier et Julien Beal, pr\u00e9sident et vice-pr\u00e9sident des Socios Verts, ainsi que leur tr\u00e9sori\u00e8re, Christelle Girard, ont jusqu\u2019au 12 septembre pour r\u00e9colter la somme n\u00e9cessaire. \u00a9JT\/ If Saint-Etienne.<\/p>\n<p>A la Brasserie Geoffroy Guichard, \u00e9videmment. Au c\u0153ur du moins d\u2019ao\u00fbt\u2026 un peu moins. Ce mardi apr\u00e8s-midi, l\u2019association de supporters st\u00e9phanois Socios Verts organisait une conf\u00e9rence de presse pour annoncer la concr\u00e9tisation de quatre ans de travail et le lancement de sa lev\u00e9e de fonds. Au m\u00eame titre que les supporters de Bastia, Guingamp, Sochaux, Rouen, et N\u00eemes, ceux des Verts peuvent d\u00e9sormais devenir actionnaires de leur club. \u00ab\u00a0L\u2019objectif des Socios Verts \u00e9tait d\u2019entrer au capital de l\u2019ASSE, donc nous menons depuis notre cr\u00e9ation, il y a quatre ans, des actions de lobbying aupr\u00e8s des supporters, des collectivit\u00e9s locales, des entreprises, explique J\u00e9r\u00e9my Chatonnier, pr\u00e9sident de l\u2019association Socios Verts. Dans le m\u00eame temps, nous avons cherch\u00e9 des actionnaires vendeurs. Et un actionnaire minoritaire a accept\u00e9 de vendre ses parts \u00e0 notre association. L\u2019agr\u00e9ment de cession a \u00e9t\u00e9 valid\u00e9 par le conseil d\u2019administration du club le 12 ao\u00fbt\u00a0\u00bb. <\/p>\n<p>A l\u2019\u00e9poque de sa cr\u00e9ation par <a href=\"https:\/\/www.if-saint-etienne.fr\/podcasts\/le-reseau-socios-avec-thierry-simonnet\" target=\"_blank\" rel=\"noreferrer noopener\">Thierry Simonnet<\/a> en 2021, l\u2019association voulait faire face \u00e0 la crise du football, dans un contexte o\u00f9 les finances du club \u00e9taient dans le rouge. Depuis, et avec le rachat du club par Kilmer Sports, la situation a bien chang\u00e9.<\/p>\n<p>150 000 euros avant le 12 septembre<\/p>\n<p>D\u00e9sormais, le contexte financier est bien meilleur. Cons\u00e9quence de la hausse du capital de l\u2019ASSE, il est difficile pour l\u2019association d\u2019atteindre son objectif initial d\u2019\u00eatre actionnaire \u00e0 hauteur de 5 % du club, avec 750 000 euros d\u2019apport. Ce rachat, hautement symbolique, ne repr\u00e9sentera donc que 0,1 % du capital et ne lui accordera pas la pr\u00e9sence d\u2019un repr\u00e9sentant au sein de l\u2019administration du club st\u00e9phanois. Mais, pour pouvoir concr\u00e9tiser l\u2019achat d\u2019ici sa date butoir, le 12 septembre, l\u2019association doit r\u00e9unir 150 000 euros d\u2019ici l\u00e0. <\/p>\n<p>\u00ab\u00a0120 000 euros seront utilis\u00e9s pour le rachat des parts, et 30 000 euros seront d\u00e9di\u00e9s aux frais de fonctionnement comme l\u2019avocat, d\u00e9taille Julien Beal, vice-pr\u00e9sident de l\u2019association. La plateforme <a href=\"https:\/\/www.helloasso.com\/associations\/socios-verts\/boutiques\/levee-de-fonds-socios-verts-public\" target=\"_blank\" rel=\"noreferrer noopener\">HelloAsso<\/a> ne prend aucune commission sur cette lev\u00e9e de fonds. C\u2019est pour cela que nous restons en association, car si on \u00e9tait en Scic (Soci\u00e9t\u00e9 coop\u00e9rative d\u2019int\u00e9r\u00eat collectif, Ndlr) comme on l\u2019avait envisag\u00e9, il fallait passer par une soci\u00e9t\u00e9 de lev\u00e9e de fonds qui aurait pr\u00e9lev\u00e9 entre 5 et 10 % de cette somme\u00a0\u00bb. L\u2019actionnariat commence d\u00e8s 6 euros pour les matrus de moins de 18 ans, puis 19,33 euros pour les particuliers, 420 euros pour les entreprises ou encore 1 976 euros\u2026 en r\u00e9f\u00e9rence \u00e0 la finale de la coupe d\u2019Europe. Et les Socios Verts sont confiants\u2026<\/p>\n<p>500 socios en 24 heures<\/p>\n<p>\u00ab\u00a0Si l\u2019on n\u2019atteint pas la somme \u00e0 temps\u00a0? Nous ne nous sommes pas pos\u00e9e la question, r\u00e9pond Julien Beal \u00e0 If Saint-Etienne. Et pour cause\u2026 On a commenc\u00e9 la campagne il y a 24 heures exclusivement aupr\u00e8s de nos adh\u00e9rents et 500 socios ont r\u00e9pondu pr\u00e9sents\u00a0\u00bb. Cela a permis \u00e0 l\u2019association de r\u00e9colter 30 000 euros. Si les sommes vont au-del\u00e0 de l\u2019objectif, elles serviront \u00e0 la concr\u00e9tisation de projets vot\u00e9s par les membres, comme la r\u00e9alisation les statues de Robert Herbin et Roger Rocher devant le stade, que l\u2019association souhaite co-financer, ou une fresque color\u00e9e \u00e0 Geoffroy Guichard. De m\u00eame, J\u00e9r\u00e9my Chatonnier n\u2019exclut pas de racheter des parts suppl\u00e9mentaires si d\u2019autres actionnaires venaient \u00e0 vendre.<\/p>\n<p>Une fois entr\u00e9e au capital, l\u2019association mettra en place quatre coll\u00e8ges\u00a0compos\u00e9s de membres fondateurs, de supporters, d\u2019entreprises, et enfin d\u2019anciens joueurs, comme Michel Platini, Lubomir Moravcik, ou encore S\u00e9bastien Perez. \u00ab\u00a0Chaque coll\u00e8ge aura un repr\u00e9sentant, qui composera le bureau des <a href=\"https:\/\/www.if-saint-etienne.fr\/breves\/encore-un-nouveau-soutien-pour-les-socios-verts\" target=\"_blank\" rel=\"noreferrer noopener\">Socios Verts<\/a>, explique Julien Beal. L\u2019\u00e9lection se base sur le fonctionnement d\u2019une \u00e9lection municipale. La liste sera pr\u00e9sent\u00e9e \u00e0 la fin du mois d\u2019octobre, \u00e0 la premi\u00e8re assembl\u00e9e g\u00e9n\u00e9rale\u00a0\u00bb. Toujours dans un souci d\u00e9mocratique, chaque actionnaire disposera d\u2019une voix et aura le m\u00eame pouvoir de d\u00e9cision, quelle que soit sa mise de d\u00e9part. \u00a0<\/p>\n<p>Ici, ce qui compte, c\u2019est de f\u00e9d\u00e9rer plus que d\u2019avoir quelconque pouvoir. \u00ab\u00a0On veut travailler en lien avec le club, plus on sera nombreux, plus on aura de poids, assure le vice-pr\u00e9sident. Notre objectif n\u2019est pas forc\u00e9ment d\u2019\u00eatre un contrepoids n\u00e9gatif. C\u2019est simplement une nouvelle fa\u00e7on de supporter l\u2019ASSE\u00a0\u00bb.<\/p>\n","protected":false},"excerpt":{"rendered":"Ce mardi 19 ao\u00fbt, l\u2019association de supporters st\u00e9phanois Socios Verts, a confirm\u00e9 son intention de rejoindre l\u2019actionnariat de&hellip;\n","protected":false},"author":2,"featured_media":329943,"comment_status":"","ping_status":"","sticky":false,"template":"","format":"standard","meta":{"footnotes":""},"categories":[9653],"tags":[1111,11,461,2430,1777,674,1011,27,46736,12,25,4001,46712,46737,7499],"class_list":{"0":"post-329942","1":"post","2":"type-post","3":"status-publish","4":"format-standard","5":"has-post-thumbnail","7":"category-saint-etienne","8":"tag-actu","9":"tag-actualites","10":"tag-asse","11":"tag-auvergne-rhone-alpes","12":"tag-eu","13":"tag-europe","14":"tag-fr","15":"tag-france","16":"tag-kilmer-sports-ventures","17":"tag-news","18":"tag-republique-francaise","19":"tag-saint-etienne","20":"tag-socios-verts","21":"tag-socios-verts-association","22":"tag-sportif"},"share_on_mastodon":{"url":"https:\/\/pubeurope.com\/@fr\/115057050578201276","error":""},"_links":{"self":[{"href":"https:\/\/www.europesays.com\/fr\/wp-json\/wp\/v2\/posts\/329942","targetHints":{"allow":["GET"]}}],"collection":[{"href":"https:\/\/www.europesays.com\/fr\/wp-json\/wp\/v2\/posts"}],"about":[{"href":"https:\/\/www.europesays.com\/fr\/wp-json\/wp\/v2\/types\/post"}],"author":[{"embeddable":true,"href":"https:\/\/www.europesays.com\/fr\/wp-json\/wp\/v2\/users\/2"}],"replies":[{"embeddable":true,"href":"https:\/\/www.europesays.com\/fr\/wp-json\/wp\/v2\/comments?post=329942"}],"version-history":[{"count":0,"href":"https:\/\/www.europesays.com\/fr\/wp-json\/wp\/v2\/posts\/329942\/revisions"}],"wp:featuredmedia":[{"embeddable":true,"href":"https:\/\/www.europesays.com\/fr\/wp-json\/wp\/v2\/media\/329943"}],"wp:attachment":[{"href":"https:\/\/www.europesays.com\/fr\/wp-json\/wp\/v2\/media?parent=329942"}],"wp:term":[{"taxonomy":"category","embeddable":true,"href":"https:\/\/www.europesays.com\/fr\/wp-json\/wp\/v2\/categories?post=329942"},{"taxonomy":"post_tag","embeddable":true,"href":"https:\/\/www.europesays.com\/fr\/wp-json\/wp\/v2\/tags?post=329942"}],"curies":[{"name":"wp","href":"https:\/\/api.w.org\/{rel}","templated":true}]}}