{"id":329944,"date":"2025-08-19T19:20:11","date_gmt":"2025-08-19T19:20:11","guid":{"rendered":"https:\/\/www.europesays.com\/fr\/329944\/"},"modified":"2025-08-19T19:20:11","modified_gmt":"2025-08-19T19:20:11","slug":"cheikh-fall-transfere-au-pau-fc","status":"publish","type":"post","link":"https:\/\/www.europesays.com\/fr\/329944\/","title":{"rendered":"Cheikh Fall transf\u00e9r\u00e9 au Pau FC"},"content":{"rendered":"<p>L\u2019AS Saint-\u00c9tienne a trouv\u00e9 ce mardi un accord pour le transfert de Cheikh Fall au Pau FC, \u00e9galement pensionnaire de Ligue 2 BKT.<\/p>\n<p>Professionnel depuis 2023, quelques mois apr\u00e8s son arriv\u00e9e dans le Forez, Cheikh Fall aura \u00e9t\u00e9 une pi\u00e8ce maitresse de l&rsquo;\u00e9quipe r\u00e9serve durant trois saisons, s&rsquo;offrant quelques apparitions avec le groupe professionnel. \u00c0 21 ans, il va d\u00e9sormais poursuivre sa progression dans les Pyr\u00e9n\u00e9es-Atlantiques avec le club qui entame sa sixi\u00e8me saison en deuxi\u00e8me division.<\/p>\n<p>\u00c0 cet homme aux fortes valeurs humaines, l&rsquo;AS Saint-\u00c9tienne souhaite le meilleur pour la suite de sa carri\u00e8re.\u00a0<\/p>\n","protected":false},"excerpt":{"rendered":"L\u2019AS Saint-\u00c9tienne a trouv\u00e9 ce mardi un accord pour le transfert de Cheikh Fall au Pau FC, \u00e9galement&hellip;\n","protected":false},"author":2,"featured_media":329945,"comment_status":"","ping_status":"","sticky":false,"template":"","format":"standard","meta":{"footnotes":""},"categories":[9653],"tags":[1111,11,2430,1777,674,1011,27,12,25,4001],"class_list":{"0":"post-329944","1":"post","2":"type-post","3":"status-publish","4":"format-standard","5":"has-post-thumbnail","7":"category-saint-etienne","8":"tag-actu","9":"tag-actualites","10":"tag-auvergne-rhone-alpes","11":"tag-eu","12":"tag-europe","13":"tag-fr","14":"tag-france","15":"tag-news","16":"tag-republique-francaise","17":"tag-saint-etienne"},"share_on_mastodon":{"url":"https:\/\/pubeurope.com\/@fr\/115057054566961425","error":""},"_links":{"self":[{"href":"https:\/\/www.europesays.com\/fr\/wp-json\/wp\/v2\/posts\/329944","targetHints":{"allow":["GET"]}}],"collection":[{"href":"https:\/\/www.europesays.com\/fr\/wp-json\/wp\/v2\/posts"}],"about":[{"href":"https:\/\/www.europesays.com\/fr\/wp-json\/wp\/v2\/types\/post"}],"author":[{"embeddable":true,"href":"https:\/\/www.europesays.com\/fr\/wp-json\/wp\/v2\/users\/2"}],"replies":[{"embeddable":true,"href":"https:\/\/www.europesays.com\/fr\/wp-json\/wp\/v2\/comments?post=329944"}],"version-history":[{"count":0,"href":"https:\/\/www.europesays.com\/fr\/wp-json\/wp\/v2\/posts\/329944\/revisions"}],"wp:featuredmedia":[{"embeddable":true,"href":"https:\/\/www.europesays.com\/fr\/wp-json\/wp\/v2\/media\/329945"}],"wp:attachment":[{"href":"https:\/\/www.europesays.com\/fr\/wp-json\/wp\/v2\/media?parent=329944"}],"wp:term":[{"taxonomy":"category","embeddable":true,"href":"https:\/\/www.europesays.com\/fr\/wp-json\/wp\/v2\/categories?post=329944"},{"taxonomy":"post_tag","embeddable":true,"href":"https:\/\/www.europesays.com\/fr\/wp-json\/wp\/v2\/tags?post=329944"}],"curies":[{"name":"wp","href":"https:\/\/api.w.org\/{rel}","templated":true}]}}