{"id":329954,"date":"2025-08-19T19:25:09","date_gmt":"2025-08-19T19:25:09","guid":{"rendered":"https:\/\/www.europesays.com\/fr\/329954\/"},"modified":"2025-08-19T19:25:09","modified_gmt":"2025-08-19T19:25:09","slug":"une-revelation-de-la-derniere-star-academy-va-enflammer-le-rockstore","status":"publish","type":"post","link":"https:\/\/www.europesays.com\/fr\/329954\/","title":{"rendered":"une r\u00e9v\u00e9lation de la derni\u00e8re Star Academy va enflammer le Rockstore"},"content":{"rendered":"<p>            Par<br \/>\n        <strong><br \/>\n            <a href=\"https:\/\/actu.fr\/auteur\/metropoop\" title=\"Consulter tous les articles de R\u00e9daction M\u00e9tropolitain\" rel=\"nofollow noopener\" target=\"_blank\">R\u00e9daction M\u00e9tropolitain<\/a><br \/>\n        <\/strong><\/p>\n<p>        Publi\u00e9 le<\/p>\n<p>            19 ao\u00fbt 2025 \u00e0 20h31        <\/p>\n<p>Une voix envo\u00fbtante va remplir la mythique salle de concert du <strong>Rockstore<\/strong> le<strong> 29 mars 2026<\/strong>. Personnalit\u00e9 marquante de la derni\u00e8re saison de la <strong>Star Academy<\/strong>, <strong>Marguerite<\/strong> se pr\u00e9pare \u00e0 entamer sa premi\u00e8re tourn\u00e9e solo, d\u00e9butant le 28 novembre \u00e0 Caen. Alors que la tourn\u00e9e de la saison 2024 de l\u2019\u00e9mission culte de <strong>TF1<\/strong> s\u2019est achev\u00e9e fin juin, les nouvelles \u00e9toiles de la chanson fran\u00e7aise se lancent progressivement dans leur carri\u00e8re, avec une impatience palpable : \u00ab\u00a0Ma premi\u00e8re tourn\u00e9e solo. Je n\u2019arrive pas \u00e0 y croire\u00a0\u00bb.<\/p>\n<p class=\" wall-content\">\u00ab\u00a0Je suis joie. J\u2019ai tellement h\u00e2te\u00a0\u00bb, a \u00e9crit la chanteuse de <strong>Les filles, les meufs<\/strong>, l\u2019un des titres phares de l\u2019\u00e9t\u00e9, dans lequel elle c\u00e9l\u00e8bre la diversit\u00e9 et affirme un engagement qui fait d\u2019elle l\u2019une des artistes les plus captivantes de cette nouvelle g\u00e9n\u00e9ration.<\/p>\n<p class=\" wall-content\">\n<p>Une artiste lumineuse<\/p>\n<p class=\" wall-content\">Bien qu\u2019elle n\u2019ait pas remport\u00e9 la derni\u00e8re saison de la Star Academy (6\u1d49), elle a malgr\u00e9 tout r\u00e9ussi \u00e0 marquer les esprits des spectateurs gr\u00e2ce \u00e0 sa personnalit\u00e9 lumineuse et unique. Avec son titre Les filles, les meufs, Marguerite chante et c\u00e9l\u00e8bre sa bisexualit\u00e9, \u00ab\u00a0une partie d\u2019elle qui la guide et la r\u00e9jouit, autant qu\u2019elle peut la questionner\u00a0\u00bb, \u00e9crit le label Sony Music, dans lequel elle signe au d\u00e9but de l\u2019ann\u00e9e 2025.<\/p>\n<p class=\" wall-content\">Avec des questionnements au c\u0153ur de son art et de sa vie, cette artiste engag\u00e9e, d\u00e9sireuse de s\u2019exprimer \u00e0 travers les m\u00e9lodies et les paroles de ses chansons, s\u2019est rapidement impos\u00e9e comme une interpr\u00e8te intrigante et captivante.<\/p>\n<p>&gt;\u00a0<strong>Pratique :\u00a0<\/strong>La billetterie est disponible <a href=\"https:\/\/web.digitick.com\/marguerite-concert-le-rockstore-montpellier-29-mars-2026-css5-rockstoremontpellier-pg101-ri11116189.html\" rel=\"nofollow noopener\" target=\"_blank\">ICI<\/a> (prix : 27 euros).<\/p>\n<p class=\" wall-content\">Personnalisez votre actualit\u00e9 en ajoutant vos villes et m\u00e9dias en favori avec <a href=\"https:\/\/moncompte.actu.fr\" title=\"D\u00e9couvez Mon Actu\" rel=\"nofollow noopener\" data-trk=\"{&quot;cta&quot;:{&quot;action&quot;:&quot;https:\\\/\\\/moncompte.actu.fr&quot;,&quot;category&quot;:&quot;mon compte&quot;,&quot;from&quot;:&quot;article footer&quot;,&quot;name&quot;:&quot;Mon actu&quot;,&quot;type&quot;:&quot;cta&quot;}}\" target=\"_blank\">Mon Actu<\/a>.<\/p>\n","protected":false},"excerpt":{"rendered":"Par R\u00e9daction M\u00e9tropolitain Publi\u00e9 le 19 ao\u00fbt 2025 \u00e0 20h31 Une voix envo\u00fbtante va remplir la mythique salle&hellip;\n","protected":false},"author":2,"featured_media":329955,"comment_status":"","ping_status":"","sticky":false,"template":"","format":"standard","meta":{"footnotes":""},"categories":[9599],"tags":[1111,11,1777,674,1011,27,2208,12,2680,25,104],"class_list":{"0":"post-329954","1":"post","2":"type-post","3":"status-publish","4":"format-standard","5":"has-post-thumbnail","7":"category-montpellier","8":"tag-actu","9":"tag-actualites","10":"tag-eu","11":"tag-europe","12":"tag-fr","13":"tag-france","14":"tag-montpellier","15":"tag-news","16":"tag-occitanie","17":"tag-republique-francaise","18":"tag-societe"},"share_on_mastodon":{"url":"https:\/\/pubeurope.com\/@fr\/115057074176188368","error":""},"_links":{"self":[{"href":"https:\/\/www.europesays.com\/fr\/wp-json\/wp\/v2\/posts\/329954","targetHints":{"allow":["GET"]}}],"collection":[{"href":"https:\/\/www.europesays.com\/fr\/wp-json\/wp\/v2\/posts"}],"about":[{"href":"https:\/\/www.europesays.com\/fr\/wp-json\/wp\/v2\/types\/post"}],"author":[{"embeddable":true,"href":"https:\/\/www.europesays.com\/fr\/wp-json\/wp\/v2\/users\/2"}],"replies":[{"embeddable":true,"href":"https:\/\/www.europesays.com\/fr\/wp-json\/wp\/v2\/comments?post=329954"}],"version-history":[{"count":0,"href":"https:\/\/www.europesays.com\/fr\/wp-json\/wp\/v2\/posts\/329954\/revisions"}],"wp:featuredmedia":[{"embeddable":true,"href":"https:\/\/www.europesays.com\/fr\/wp-json\/wp\/v2\/media\/329955"}],"wp:attachment":[{"href":"https:\/\/www.europesays.com\/fr\/wp-json\/wp\/v2\/media?parent=329954"}],"wp:term":[{"taxonomy":"category","embeddable":true,"href":"https:\/\/www.europesays.com\/fr\/wp-json\/wp\/v2\/categories?post=329954"},{"taxonomy":"post_tag","embeddable":true,"href":"https:\/\/www.europesays.com\/fr\/wp-json\/wp\/v2\/tags?post=329954"}],"curies":[{"name":"wp","href":"https:\/\/api.w.org\/{rel}","templated":true}]}}