{"id":329964,"date":"2025-08-19T19:32:10","date_gmt":"2025-08-19T19:32:10","guid":{"rendered":"https:\/\/www.europesays.com\/fr\/329964\/"},"modified":"2025-08-19T19:32:10","modified_gmt":"2025-08-19T19:32:10","slug":"esteban-lepaul-daccord-avec-rennes","status":"publish","type":"post","link":"https:\/\/www.europesays.com\/fr\/329964\/","title":{"rendered":"Esteban Lepaul d\u2019accord avec Rennes"},"content":{"rendered":"<p>\ud83d\udea8#mercatoSRFC \ud83d\udd34\u26ab\ufe0f<\/p>\n<p>\ud83d\udde3\ufe0fnouvelle r\u00e9union entre Angers et Rennes aujourd&rsquo;hui concernant Est\u00e9ban Lepaul mais pas d&rsquo;avanc\u00e9e significative<\/p>\n<p>\ud83d\udd1cRennes, qui s&rsquo;est fait recaler avec une offre de 10 M\u20ac comme r\u00e9v\u00e9l\u00e9 dimanche soir, doit revenir avec une offre r\u00e9\u00e9valu\u00e9e avec d\u00e9nouement esp\u00e9r\u00e9 d&rsquo;ici fin de semaine<\/p>\n<p>\ud83d\udd10Lepaul est d\u00e9j\u00e0 d&rsquo;accord avec Rennes sur les bases d&rsquo;un contrat de 4 ans<\/p>\n","protected":false},"excerpt":{"rendered":"\ud83d\udea8#mercatoSRFC \ud83d\udd34\u26ab\ufe0f \ud83d\udde3\ufe0fnouvelle r\u00e9union entre Angers et Rennes aujourd&rsquo;hui concernant Est\u00e9ban Lepaul mais pas d&rsquo;avanc\u00e9e significative \ud83d\udd1cRennes, qui&hellip;\n","protected":false},"author":2,"featured_media":325734,"comment_status":"","ping_status":"","sticky":false,"template":"","format":"standard","meta":{"footnotes":""},"categories":[2821],"tags":[1111,11,829,1777,674,1011,27,12,584,25],"class_list":{"0":"post-329964","1":"post","2":"type-post","3":"status-publish","4":"format-standard","5":"has-post-thumbnail","7":"category-rennes","8":"tag-actu","9":"tag-actualites","10":"tag-bretagne","11":"tag-eu","12":"tag-europe","13":"tag-fr","14":"tag-france","15":"tag-news","16":"tag-rennes","17":"tag-republique-francaise"},"share_on_mastodon":{"url":"https:\/\/pubeurope.com\/@fr\/115057102025888358","error":""},"_links":{"self":[{"href":"https:\/\/www.europesays.com\/fr\/wp-json\/wp\/v2\/posts\/329964","targetHints":{"allow":["GET"]}}],"collection":[{"href":"https:\/\/www.europesays.com\/fr\/wp-json\/wp\/v2\/posts"}],"about":[{"href":"https:\/\/www.europesays.com\/fr\/wp-json\/wp\/v2\/types\/post"}],"author":[{"embeddable":true,"href":"https:\/\/www.europesays.com\/fr\/wp-json\/wp\/v2\/users\/2"}],"replies":[{"embeddable":true,"href":"https:\/\/www.europesays.com\/fr\/wp-json\/wp\/v2\/comments?post=329964"}],"version-history":[{"count":0,"href":"https:\/\/www.europesays.com\/fr\/wp-json\/wp\/v2\/posts\/329964\/revisions"}],"wp:featuredmedia":[{"embeddable":true,"href":"https:\/\/www.europesays.com\/fr\/wp-json\/wp\/v2\/media\/325734"}],"wp:attachment":[{"href":"https:\/\/www.europesays.com\/fr\/wp-json\/wp\/v2\/media?parent=329964"}],"wp:term":[{"taxonomy":"category","embeddable":true,"href":"https:\/\/www.europesays.com\/fr\/wp-json\/wp\/v2\/categories?post=329964"},{"taxonomy":"post_tag","embeddable":true,"href":"https:\/\/www.europesays.com\/fr\/wp-json\/wp\/v2\/tags?post=329964"}],"curies":[{"name":"wp","href":"https:\/\/api.w.org\/{rel}","templated":true}]}}