{"id":329965,"date":"2025-08-19T19:33:23","date_gmt":"2025-08-19T19:33:23","guid":{"rendered":"https:\/\/www.europesays.com\/fr\/329965\/"},"modified":"2025-08-19T19:33:23","modified_gmt":"2025-08-19T19:33:23","slug":"a-strasbourg-bienvenue-dans-lunivers-dokograph","status":"publish","type":"post","link":"https:\/\/www.europesays.com\/fr\/329965\/","title":{"rendered":"\u00e0 Strasbourg, bienvenue dans l\u2019univers d\u2019Okograph"},"content":{"rendered":"<p><strong>Illustratrice et plasticienne strasbourgeoise, Okograph nous immerge dans un monde graphique en noir et blanc o\u00f9 le regard constitue son embl\u00e8me. Soucieuse du d\u00e9tail, elle dessine \u00e0 l\u2019encre sur papier, cr\u00e9e des effets visuels et aime mettre en volume ses id\u00e9es. L\u2019univers qu\u2019elle compose donne \u00e0 voir des fragments de vie, entre faune et flore, o\u00f9 l\u2019\u0153il y est repr\u00e9sent\u00e9 sous toutes ses formes. Partons \u00e0 la d\u00e9couverte de son univers singulier et ensorcelant\u2026<\/strong><\/p>\n<p class=\"p1\"><strong>\u00ab J\u2019imagine, je cr\u00e9e, je bricole depuis toute petite. \u00bb<\/strong>\u00a0C\u2019est ainsi qu\u2019Oph\u00e9lie, jeune illustratrice de 34 ans, se pr\u00e9sente \u00e0 nous au coeur de l\u2019Orangerie, lieu symbolique pour cette amoureuse de la nature.<\/p>\n<p>    <img width=\"800\" height=\"600\" src=\"https:\/\/www.europesays.com\/fr\/wp-content\/uploads\/2025\/08\/img-0260-800x600.jpg\" class=\"attachment-image-size-L size-image-size-L\" alt=\"Okograph\" decoding=\"async\" loading=\"lazy\"  \/>         \u00a9 Alice Kawaciw \/ Pokaa <\/p>\n<p>Titulaire d\u2019un <strong>master de recherche en arts plastiques<\/strong> obtenu en 2015 \u00e0 la fac de Strasbourg, faire profiter le grand public de son art s\u2019est pr\u00e9sent\u00e9 comme une \u00e9vidence. Si Oph\u00e9lie a d\u00e9couvert toute une palette de pratiques artistiques lors de ses \u00e9tudes, c\u2019est vers<strong> l\u2019illustration<\/strong>, <strong>\u00ab <\/strong><strong>principalement \u00e0 l\u2019encre de Chine \u00bb,<\/strong> que s\u2019est tourn\u00e9e cette artiste.<\/p>\n<p>                <img width=\"375\" height=\"500\" src=\"https:\/\/www.europesays.com\/fr\/wp-content\/uploads\/2025\/08\/ea46b06c-26ac-4571-8f39-2f694068781f-375x500.jpg\" class=\"attachment-gallery size-gallery\" alt=\"Okograph\" data-full-url=\"https:\/\/pokaa.fr\/wp-content\/uploads\/2025\/08\/03\/ea46b06c-26ac-4571-8f39-2f694068781f.jpg\" decoding=\"async\" loading=\"lazy\"  \/>            <\/p>\n<p>                <img width=\"500\" height=\"500\" src=\"https:\/\/www.europesays.com\/fr\/wp-content\/uploads\/2025\/08\/57e65f82-4bea-4ce7-93d0-e64b83f4ab20-500x500.jpg\" class=\"attachment-gallery size-gallery\" alt=\"Okograph\" data-full-url=\"https:\/\/pokaa.fr\/wp-content\/uploads\/2025\/08\/03\/57e65f82-4bea-4ce7-93d0-e64b83f4ab20.jpg\" decoding=\"async\" loading=\"lazy\"  \/>            <\/p>\n<p>                    1. 2. \u00a9 Okograph \/ Documents remis ; 3. \u00a9 Alice Kawaciw \/ Pokaa<\/p>\n<p>L\u2019\u0153il comme fil rouge <\/p>\n<p class=\"p1\">Son pseudo, Okograph, n\u2019a pas \u00e9t\u00e9 choisi par hasard. De ses origines salves, elle a puis\u00e9<strong> le terme oko \u2013 oeil en polonais et th\u00e8me principal de ses oeuvres \u2013 auquel elle a ajout\u00e9 \u00ab graph \u00bb pour faire une r\u00e9f\u00e9rence au graphisme.<\/strong> Le tout pour donner un \u00ab nom non genr\u00e9 o\u00f9 tout le monde peut se retrouver \u00bb.<\/p>\n<p class=\"p1\">Car dans chacune de ses \u0153uvres, vous pourrez en effet retrouver <strong>un \u0153il, synonyme d\u2019ouverture sur le monde entre onirisme et curiosit\u00e9 naturaliste<\/strong>. \u00ab J\u2019aime associer l\u2019univers du r\u00eave \u00e0 l\u2019observation de la faune et de la flore. Le globe oculaire donne l\u2019impression d\u2019\u00eatre vu en renfor\u00e7ant l\u2019exp\u00e9rience visuelle :<strong> il guide la lecture de l\u2019\u0153uvre.<\/strong> \u00bb<\/p>\n<\/p>\n<p>Ne cherchez pas de paupi\u00e8res ou de cils, ici <strong>le regard est mis \u00e0 nu et \u00e9voque l\u2019un de nos cinq sens<\/strong>, devenu plus qu\u2019essentiel \u00e0 l\u2019\u00e8re des \u00e9crans. Il arrive toutefois que le globe oculaire ne soit pas directement repr\u00e9sent\u00e9. \u00ab Je sugg\u00e8re alors un format rond ou ovale dans l\u2019\u0153uvre \u00bb, pr\u00e9cise-t-elle.<\/p>\n<p>Pour Oph\u00e9lie, il s\u2019agit d\u2019<strong>\u00eatre t\u00e9moin d\u2019un environnement ou d\u2019une situation<\/strong>, mais aussi de la symbolique de<strong>\u00a0l\u2019\u0153il comme le reflet de l\u2019\u00e2me<\/strong>, la repr\u00e9sentation de la personnalit\u00e9 d\u2019une personne. \u00ab Devant l\u2019\u0153uvre, chaque visiteur peut s\u2019identifier \u00e0 cet \u0153il lambda, observer \u00e0 travers lui et se mettre \u00e0 sa place. \u00bb<\/p>\n<p>                <img width=\"281\" height=\"500\" src=\"https:\/\/www.europesays.com\/fr\/wp-content\/uploads\/2025\/08\/0d3ddb3b-d043-45f4-b5f3-403e507fcc6c-281x500.jpg\" class=\"attachment-gallery size-gallery\" alt=\"Okograph\" data-full-url=\"https:\/\/pokaa.fr\/wp-content\/uploads\/2025\/08\/03\/0d3ddb3b-d043-45f4-b5f3-403e507fcc6c.jpg\" decoding=\"async\" loading=\"lazy\"  \/>            <\/p>\n<p>                <img width=\"281\" height=\"500\" src=\"https:\/\/www.europesays.com\/fr\/wp-content\/uploads\/2025\/08\/98b71cc0-2d8f-44b7-b612-c000e60dc883-281x500.jpg\" class=\"attachment-gallery size-gallery\" alt=\"Okograph\" data-full-url=\"https:\/\/pokaa.fr\/wp-content\/uploads\/2025\/08\/03\/98b71cc0-2d8f-44b7-b612-c000e60dc883.jpg\" decoding=\"async\" loading=\"lazy\"  \/>            <\/p>\n<p>                    \u00a9 Okograph \/ Documents remis<\/p>\n<p class=\"p1\">Ainsi, un \u0153il orn\u00e9 de bois de cerf, de plumes ou de tentacules est une <strong>invitation \u00e0 se mettre \u00e0 la place d\u2019un \u00e9l\u00e9ment du vivant<\/strong>, faune ou flore, et \u00e0 y porter son propre regard. \u00ab L\u2019\u0153il est alors un <strong>symbole de la perception et de l\u2019esth\u00e9sie humaine<\/strong>, il m\u00e8ne \u00e0 voir clair, \u00e0 la lucidit\u00e9 et permet de se projeter \u00bb, ajoute-t-elle, convaincue.<\/p>\n<p class=\"p1\">\u00c0 travers ses dessins et la pr\u00e9sence de l\u2019\u0153il, vous vous poserez une question : <strong>\u00ab Qui regarde qui ? \u00bb<\/strong><\/p>\n<p>                <img width=\"333\" height=\"500\" src=\"https:\/\/www.europesays.com\/fr\/wp-content\/uploads\/2025\/08\/bbb2d288-03c9-41f3-8a3a-bb213e3b1c59-333x500.jpg\" class=\"attachment-gallery size-gallery\" alt=\"Okograph\" data-full-url=\"https:\/\/pokaa.fr\/wp-content\/uploads\/2025\/08\/03\/bbb2d288-03c9-41f3-8a3a-bb213e3b1c59.jpg\" decoding=\"async\" loading=\"lazy\"  \/>            <\/p>\n<p>                <img width=\"400\" height=\"500\" src=\"https:\/\/www.europesays.com\/fr\/wp-content\/uploads\/2025\/08\/61770445-2aca-4b91-98a2-a739fca93422-400x500.jpg\" class=\"attachment-gallery size-gallery\" alt=\"Okograph\" data-full-url=\"https:\/\/pokaa.fr\/wp-content\/uploads\/2025\/08\/03\/61770445-2aca-4b91-98a2-a739fca93422.jpg\" decoding=\"async\" loading=\"lazy\"  \/>            <\/p>\n<p>                <img width=\"281\" height=\"500\" src=\"https:\/\/www.europesays.com\/fr\/wp-content\/uploads\/2025\/08\/7c7ed69f-8ab7-4918-8728-941c834b3563-281x500.jpg\" class=\"attachment-gallery size-gallery\" alt=\"Okograph\" data-full-url=\"https:\/\/pokaa.fr\/wp-content\/uploads\/2025\/08\/03\/7c7ed69f-8ab7-4918-8728-941c834b3563.jpg\" decoding=\"async\" loading=\"lazy\"  \/>            <\/p>\n<p>                    \u00a9 Okograph \/ Documents remis<\/p>\n<p>Un monde en noir et blanc propice aux plus beaux tatouages<\/p>\n<p class=\"p1\">Avec Okograph, oubliez Le Rouge et le Noir de Stendhal. Ici, ce sera le <strong>noir et blanc<\/strong>, avec pour outils le<strong> stylo-feutre et l\u2019encre de Chine<\/strong>, particuli\u00e8rement adapt\u00e9e pour ses collaborations avec des tatoueurs\/ses.<\/p>\n<p>                <img width=\"357\" height=\"500\" src=\"https:\/\/www.europesays.com\/fr\/wp-content\/uploads\/2025\/08\/3a38a155-c8f8-4011-9f28-efa9d61be02d-357x500.jpg\" class=\"attachment-gallery size-gallery\" alt=\"Okograph\" data-full-url=\"https:\/\/pokaa.fr\/wp-content\/uploads\/2025\/08\/04\/3a38a155-c8f8-4011-9f28-efa9d61be02d.jpg\" decoding=\"async\" loading=\"lazy\"  \/>            <\/p>\n<p>                <img width=\"357\" height=\"500\" src=\"https:\/\/www.europesays.com\/fr\/wp-content\/uploads\/2025\/08\/9d786721-902a-4428-9300-7bd86c7a795a-357x500.jpg\" class=\"attachment-gallery size-gallery\" alt=\"Okograph\" data-full-url=\"https:\/\/pokaa.fr\/wp-content\/uploads\/2025\/08\/04\/9d786721-902a-4428-9300-7bd86c7a795a.jpg\" decoding=\"async\" loading=\"lazy\"  \/>            <\/p>\n<p>                    \u00a9 Okograph \/ Documents remis<\/p>\n<p class=\"p1\">L\u2019illustration, c\u2019est un art dont Oph\u00e9lie partage avec nous certaines techniques, notamment quand il s\u2019agit de<strong>\u00a0donner du relief<\/strong> \u00e0 ses \u0153uvres au moyen d\u2019un papier adapt\u00e9 (holographique ou feuille d\u2019or), ou encore la <strong>sculpture, m\u00ealant mat\u00e9riaux naturels et transform\u00e9s. <\/strong><\/p>\n<p class=\"p1\">Mais aussi <strong>la technique de d\u00e9coupe \u00ab plan par plan \u00bb, <\/strong>en d\u00e9tourant des \u00e9l\u00e9ments de ses dessins pour les placer \u00e0 diff\u00e9rentes profondeurs dans un cadre \u00e0 l\u2019image des livres pop-up, afin d\u2019ajouter une dimension spatiale et narrative.<\/p>\n<\/p>\n<p class=\"p1\">Cette talentueuse artiste <strong>auto\u00e9dite ses cr\u00e9ations gr\u00e2ce \u00e0 la s\u00e9rigraphie, <\/strong>apprise en autodidacte, lui permettant d\u2019apposer sa patte sur du textile, du bois ou du papier. Cette <strong>diversit\u00e9 de supports lui ouvre de nombreuses possibilit\u00e9s de partenariats.<\/strong><\/p>\n<p class=\"p1\"><strong>Outre les tatoueurs\/ses<\/strong> \u2013 Marie Chester, Lux in Tenebris, SEB Ace Tattoo \u2013 qui appr\u00e9cient son travail pointilleux qui se pr\u00eate \u00e0 merveille \u00e0 l\u2019art du tatouage, <strong>Oph\u00e9lie a \u00e9galement travaill\u00e9 avec<\/strong> <strong>SlideBox<\/strong>. Sa patte graphique a ainsi \u00e9t\u00e9 imprim\u00e9e sur <strong>30<\/strong> <strong>skateboards dans une s\u00e9rie limit\u00e9e expos\u00e9e au NL Contest 2019.<\/strong><\/p>\n<\/p>\n<p>                <img width=\"500\" height=\"500\" src=\"https:\/\/www.europesays.com\/fr\/wp-content\/uploads\/2025\/08\/680abffd-d5df-48d1-96f0-9bb3a11bf549-500x500.jpg\" class=\"attachment-gallery size-gallery\" alt=\"Okograph\" data-full-url=\"https:\/\/pokaa.fr\/wp-content\/uploads\/2025\/08\/04\/680abffd-d5df-48d1-96f0-9bb3a11bf549.jpg\" decoding=\"async\" loading=\"lazy\"  \/>            <\/p>\n<p>                <img width=\"500\" height=\"500\" src=\"https:\/\/www.europesays.com\/fr\/wp-content\/uploads\/2025\/08\/ed5f62fc-2c46-4d93-8c5c-a7aa62f26d4f-500x500.jpg\" class=\"attachment-gallery size-gallery\" alt=\"Okograph\" data-full-url=\"https:\/\/pokaa.fr\/wp-content\/uploads\/2025\/08\/04\/ed5f62fc-2c46-4d93-8c5c-a7aa62f26d4f.jpg\" decoding=\"async\" loading=\"lazy\"  \/>            <\/p>\n<p>                <img width=\"1001\" height=\"500\" src=\"https:\/\/www.europesays.com\/fr\/wp-content\/uploads\/2025\/08\/f6a51dc9-5aa4-4846-8fce-44d4feeced47-1001x500.jpg\" class=\"attachment-gallery size-gallery\" alt=\"Okograph\" data-full-url=\"https:\/\/pokaa.fr\/wp-content\/uploads\/2025\/08\/04\/f6a51dc9-5aa4-4846-8fce-44d4feeced47.jpg\" decoding=\"async\" loading=\"lazy\"  \/>            <\/p>\n<p>                    \u00a9 Okograph \/ Documents remis<\/p>\n<p>Des r\u00e9alisations personnalis\u00e9es, au style graphique singulier<\/p>\n<p class=\"p1\">Si vous avez peur que les yeux vous portent l\u2019\u0153il, Okograph effectue \u00e9galement des<strong> cr\u00e9ations sur mesure, avec la th\u00e9matique de votre choix<\/strong>. Oph\u00e9lie propose toute sorte de r\u00e9alisations :<strong> sculptures, portraits de vos petits compagnons ou de vos proches\u2026<\/strong><\/p>\n<p>                <img width=\"500\" height=\"500\" src=\"https:\/\/www.europesays.com\/fr\/wp-content\/uploads\/2025\/08\/2e45acb2-776d-4f70-95b8-22b499543ad7-500x500.jpg\" class=\"attachment-gallery size-gallery\" alt=\"Okograph\" data-full-url=\"https:\/\/pokaa.fr\/wp-content\/uploads\/2025\/08\/05\/2e45acb2-776d-4f70-95b8-22b499543ad7.jpg\" decoding=\"async\" loading=\"lazy\"  \/>            <\/p>\n<p>                <img width=\"500\" height=\"500\" src=\"https:\/\/www.europesays.com\/fr\/wp-content\/uploads\/2025\/08\/44b08dad-12e6-4a47-adfe-4f9b9ff21db9-500x500.jpg\" class=\"attachment-gallery size-gallery\" alt=\"Okograph\" data-full-url=\"https:\/\/pokaa.fr\/wp-content\/uploads\/2025\/08\/05\/44b08dad-12e6-4a47-adfe-4f9b9ff21db9.jpg\" decoding=\"async\" loading=\"lazy\"  \/>            <\/p>\n<p>                <img width=\"500\" height=\"500\" src=\"https:\/\/www.europesays.com\/fr\/wp-content\/uploads\/2025\/08\/f61560b2-0cc8-434c-b1f2-3af293e97ebb-500x500.jpg\" class=\"attachment-gallery size-gallery\" alt=\"Okograph\" data-full-url=\"https:\/\/pokaa.fr\/wp-content\/uploads\/2025\/08\/05\/f61560b2-0cc8-434c-b1f2-3af293e97ebb.jpg\" decoding=\"async\" loading=\"lazy\"  \/>            <\/p>\n<p>                <img width=\"400\" height=\"500\" src=\"https:\/\/www.europesays.com\/fr\/wp-content\/uploads\/2025\/08\/2811ef9a-e09b-4869-93b3-263d7936cf22-400x500.jpg\" class=\"attachment-gallery size-gallery\" alt=\"Okograph\" data-full-url=\"https:\/\/pokaa.fr\/wp-content\/uploads\/2025\/08\/05\/2811ef9a-e09b-4869-93b3-263d7936cf22.jpg\" decoding=\"async\" loading=\"lazy\"  \/>            <\/p>\n<p>                <img width=\"500\" height=\"500\" src=\"https:\/\/www.europesays.com\/fr\/wp-content\/uploads\/2025\/08\/3050987d-1235-4c8d-a84b-6a31f0ef78c4-500x500.jpg\" class=\"attachment-gallery size-gallery\" alt=\"Okograph\" data-full-url=\"https:\/\/pokaa.fr\/wp-content\/uploads\/2025\/08\/05\/3050987d-1235-4c8d-a84b-6a31f0ef78c4.jpg\" decoding=\"async\" loading=\"lazy\"  \/>            <\/p>\n<p>                <img width=\"500\" height=\"500\" src=\"https:\/\/www.europesays.com\/fr\/wp-content\/uploads\/2025\/08\/f103e929-a476-41c9-b488-4b0e4ee6e88b-500x500.jpg\" class=\"attachment-gallery size-gallery\" alt=\"Okograph\" data-full-url=\"https:\/\/pokaa.fr\/wp-content\/uploads\/2025\/08\/05\/f103e929-a476-41c9-b488-4b0e4ee6e88b.jpg\" decoding=\"async\" loading=\"lazy\"  \/>            <\/p>\n<p>                    \u00a9 Okograph \/ Documents remis<\/p>\n<p class=\"p1\"><strong>Pour se faire une id\u00e9e, rien de mieux que les expositions<\/strong>, lieux de contemplation, de rencontre et de partage, chers \u00e0 Oph\u00e9lie.<strong> \u00ab J\u2019invite \u00e0 une exp\u00e9rience sensorielle propre \u00e0 chaque visiteur \u00bb<\/strong> : utilisation de cadres illustr\u00e9s en 3D, d\u00e9tails dor\u00e9s et holographiques pour multiplier les effets visuels selon le placement du spectateur ou de la spectatrice\u2026 \u00ab Le but est de <strong>percevoir les \u0153uvres diff\u00e9remment selon les angles de vue et la luminosit\u00e9<\/strong> \u00bb, pr\u00e9cise-t-elle.<\/p>\n<p class=\"p1\">Certains cadres font \u00e9galement office de<strong> trompe-l\u2019\u0153il, avec un dessin, anim\u00e9, parmi d\u2019autres statiques<\/strong>\u2026 gr\u00e2ce \u00e0 un \u00e9cran camoufl\u00e9 qui affiche une animation vid\u00e9o :<strong> une v\u00e9ritable exp\u00e9rience \u00e0 vivre aux confins de la magie !<\/strong><\/p>\n<p>                <img width=\"333\" height=\"500\" src=\"https:\/\/www.europesays.com\/fr\/wp-content\/uploads\/2025\/08\/f22a73a0-c790-4c4b-99cf-e7f2da5b8687-333x500.jpg\" class=\"attachment-gallery size-gallery\" alt=\"Okograph\" data-full-url=\"https:\/\/pokaa.fr\/wp-content\/uploads\/2025\/08\/03\/f22a73a0-c790-4c4b-99cf-e7f2da5b8687.jpg\" decoding=\"async\" loading=\"lazy\"  \/>            <\/p>\n<p>                <img width=\"500\" height=\"500\" src=\"https:\/\/www.europesays.com\/fr\/wp-content\/uploads\/2025\/08\/2f36009b-467c-4123-9139-acfd369b295c-500x500.jpg\" class=\"attachment-gallery size-gallery\" alt=\"Okograph\" data-full-url=\"https:\/\/pokaa.fr\/wp-content\/uploads\/2025\/08\/03\/2f36009b-467c-4123-9139-acfd369b295c.jpg\" decoding=\"async\" loading=\"lazy\"  \/>            <\/p>\n<p>                    \u00a9 Okograph \/ Documents remis<\/p>\n<p class=\"p1\">Pour d\u00e9couvrir ce travail d\u2019orf\u00e8vre, Okograph vous donne rendez-vous les <strong>6 et 7 septembre \u00e0 Colmar dans le cadre du Tattoo Fascht<\/strong>, du <strong>10 au 14 septembre \u00e0 l\u2019espace Made in Alsace de la Foire europ\u00e9enne<\/strong> <strong>de Strasbourg<\/strong>, les <strong>20 et 21 septembre au<\/strong> <b>festival \u00c9trange-Grande \u00e0 Hettange-Grande<\/b>, ainsi que les <strong>25 et 26 octobre \u00e0 la Horror convention de Verdun.<\/strong><\/p>\n<\/p>\n<p>                <img width=\"375\" height=\"500\" src=\"https:\/\/www.europesays.com\/fr\/wp-content\/uploads\/2025\/08\/08dc187f-a773-499a-8805-0dd97b9dc41c-375x500.jpg\" class=\"attachment-gallery size-gallery\" alt=\"Okograph\" data-full-url=\"https:\/\/pokaa.fr\/wp-content\/uploads\/2025\/08\/03\/08dc187f-a773-499a-8805-0dd97b9dc41c.jpg\" decoding=\"async\" loading=\"lazy\"  \/>            <\/p>\n<p>                <img width=\"281\" height=\"500\" src=\"https:\/\/www.europesays.com\/fr\/wp-content\/uploads\/2025\/08\/c9b089e7-ea31-41c6-befa-753fed64f003-281x500.jpg\" class=\"attachment-gallery size-gallery\" alt=\"Okograph\" data-full-url=\"https:\/\/pokaa.fr\/wp-content\/uploads\/2025\/08\/03\/c9b089e7-ea31-41c6-befa-753fed64f003.jpg\" decoding=\"async\" loading=\"lazy\"  \/>            <\/p>\n<p>                    \u00a9 Okograph \/ Documents remis<\/p>\n<p style=\"text-align: center;\"><strong>Pour en d\u00e9couvrir davantage sur Okograph<br \/><\/strong><a href=\"https:\/\/www.okograph.com\/\" target=\"_blank\" rel=\"noopener\">Son site web<\/a><br \/><a href=\"https:\/\/www.instagram.com\/_okograph_\/\" target=\"_blank\" rel=\"noopener\">Sa page Instagram<\/a><\/p>\n<p><script async src=\"\/\/www.instagram.com\/embed.js\"><\/script><\/p>\n","protected":false},"excerpt":{"rendered":"Illustratrice et plasticienne strasbourgeoise, Okograph nous immerge dans un monde graphique en noir et blanc o\u00f9 le regard&hellip;\n","protected":false},"author":2,"featured_media":329966,"comment_status":"","ping_status":"","sticky":false,"template":"","format":"standard","meta":{"footnotes":""},"categories":[2820],"tags":[1111,11,2593,1777,674,1011,27,775,46739,12,46740,25,640],"class_list":{"0":"post-329965","1":"post","2":"type-post","3":"status-publish","4":"format-standard","5":"has-post-thumbnail","7":"category-strasbourg","8":"tag-actu","9":"tag-actualites","10":"tag-artiste","11":"tag-eu","12":"tag-europe","13":"tag-fr","14":"tag-france","15":"tag-grand-est","16":"tag-illustratrice","17":"tag-news","18":"tag-okograph","19":"tag-republique-francaise","20":"tag-strasbourg"},"share_on_mastodon":{"url":"https:\/\/pubeurope.com\/@fr\/115057106371181332","error":""},"_links":{"self":[{"href":"https:\/\/www.europesays.com\/fr\/wp-json\/wp\/v2\/posts\/329965","targetHints":{"allow":["GET"]}}],"collection":[{"href":"https:\/\/www.europesays.com\/fr\/wp-json\/wp\/v2\/posts"}],"about":[{"href":"https:\/\/www.europesays.com\/fr\/wp-json\/wp\/v2\/types\/post"}],"author":[{"embeddable":true,"href":"https:\/\/www.europesays.com\/fr\/wp-json\/wp\/v2\/users\/2"}],"replies":[{"embeddable":true,"href":"https:\/\/www.europesays.com\/fr\/wp-json\/wp\/v2\/comments?post=329965"}],"version-history":[{"count":0,"href":"https:\/\/www.europesays.com\/fr\/wp-json\/wp\/v2\/posts\/329965\/revisions"}],"wp:featuredmedia":[{"embeddable":true,"href":"https:\/\/www.europesays.com\/fr\/wp-json\/wp\/v2\/media\/329966"}],"wp:attachment":[{"href":"https:\/\/www.europesays.com\/fr\/wp-json\/wp\/v2\/media?parent=329965"}],"wp:term":[{"taxonomy":"category","embeddable":true,"href":"https:\/\/www.europesays.com\/fr\/wp-json\/wp\/v2\/categories?post=329965"},{"taxonomy":"post_tag","embeddable":true,"href":"https:\/\/www.europesays.com\/fr\/wp-json\/wp\/v2\/tags?post=329965"}],"curies":[{"name":"wp","href":"https:\/\/api.w.org\/{rel}","templated":true}]}}