{"id":329984,"date":"2025-08-19T19:46:08","date_gmt":"2025-08-19T19:46:08","guid":{"rendered":"https:\/\/www.europesays.com\/fr\/329984\/"},"modified":"2025-08-19T19:46:08","modified_gmt":"2025-08-19T19:46:08","slug":"om-apres-son-altercation-avec-jonathan-rowe-adrien-rabiot-pousse-vers-la-sortie","status":"publish","type":"post","link":"https:\/\/www.europesays.com\/fr\/329984\/","title":{"rendered":"OM. Apr\u00e8s son altercation avec Jonathan Rowe, Adrien Rabiot pouss\u00e9 vers la sortie"},"content":{"rendered":"<p>            Par<br \/>\n        <strong><br \/>\n            <a href=\"https:\/\/actu.fr\/auteur\/thibault-nadal-actu-fr\" title=\"Consulter tous les articles de Thibault Nadal\" target=\"_blank\" rel=\"noopener\">Thibault Nadal<\/a><br \/>\n        <\/strong><\/p>\n<p>        Publi\u00e9 le<\/p>\n<p>            19 ao\u00fbt 2025 \u00e0 18h51        <\/p>\n<p>C\u2019est une v\u00e9ritable bombe qui tombe sur la t\u00eate des supporters marseillais. Ce mardi 19\u00a0ao\u00fbt 2025, <a href=\"https:\/\/actu.fr\/tag\/olympique-de-marseille-om\" target=\"_blank\" rel=\"noopener\">l\u2019Olympique de Marseille<\/a> annonce dans un communiqu\u00e9 transmis \u00e0 actu Marseille qu\u2019Adrien Rabiot a \u00e9t\u00e9 <strong>plac\u00e9 sur la liste des transferts<\/strong> <a href=\"https:\/\/actu.fr\/provence-alpes-cote-d-azur\/marseille_13055\/rabiot-et-rowe-ecartes-bagarre-malaise-ce-que-l-on-sait-des-fortes-tensions-a-l-om_63049668.html\" target=\"_blank\" rel=\"noopener\">en raison de son comportement apr\u00e8s la d\u00e9faite vendredi \u00e0 Rennes<\/a>.<\/p>\n<p>Jonathan Rowe \u00e9galement pri\u00e9 d\u2019aller voir ailleurs<\/p>\n<p class=\" wall-content\"><a href=\"https:\/\/actu.fr\/tag\/adrien-rabiot\" target=\"_blank\" rel=\"noopener\">Adrien Rabiot<\/a> et le jeune attaquant anglais Jonathan Rowe ont \u00e9t\u00e9 les protagonistes d\u2019une altercation d\u2019apr\u00e8s-match \u00e0 <a href=\"https:\/\/actu.fr\/rennes\/\" target=\"_blank\" rel=\"noopener\">Rennes<\/a> et l\u2019OM a d\u00e9cid\u00e9 de les placer tous les deux sur la liste des transferts, \u00e9voquant dans un communiqu\u00e9 leur comportement dans le vestiaire apr\u00e8s le match d\u2019ouverture de la saison de Ligue 1.<\/p>\n<p class=\" wall-content\">\n<p class=\" wall-content\">\u00ab\u2009L\u2019Olympique de Marseille informe qu\u2019Adrien Rabiot et Jonathan Rowe ont \u00e9t\u00e9 plac\u00e9s sur la liste des transferts par le club. <strong>Cette d\u00e9cision a \u00e9t\u00e9 prise en raison d\u2019un comportement inadmissible<\/strong> dans le vestiaire apr\u00e8s le match contre le Stade Rennais, en accord avec le staff technique et en application du code de conduite interne du club. La d\u00e9cision a \u00e9t\u00e9 communiqu\u00e9e par le club aux deux joueurs ce lundi\u2009\u00bb, \u00e9crit l\u2019OM dans ce bref communiqu\u00e9.<\/p>\n<p>Un \u00ab\u00a0manque d\u2019investissement\u00a0\u00bb<\/p>\n<p class=\" wall-content\">V\u00e9ronique Rabiot, la m\u00e8re et agent du milieu international de l\u2019OM, avait plus t\u00f4t dans la journ\u00e9e assur\u00e9 \u00e0 <a href=\"http:\/\/rtl.fr\/sport\/football\/info-rtl-om-l-entraineur-roberto-de-zerbi-ne-veut-plus-d-adrien-rabiot-7900531760\" target=\"_blank\" rel=\"noopener\">RTL<\/a> que la d\u00e9cision avait \u00e9t\u00e9 prise par l\u2019entra\u00eeneur italien du club Roberto De Zerbi, en raison d\u2019un <strong>\u00ab\u2009manque d\u2019investissement\u2009\u00bb<\/strong>.<\/p>\n<p class=\" wall-content\">Apr\u00e8s sa d\u00e9faite inaugurale \u00e0 Rennes, l\u2019OM re\u00e7oit le Paris FC samedi pour la deuxi\u00e8me journ\u00e9e de Ligue\u00a01.<\/p>\n<p class=\" wall-content\"><strong>AVEC AFP<\/strong><\/p>\n<p class=\" wall-content\">Personnalisez votre actualit\u00e9 en ajoutant vos villes et m\u00e9dias en favori avec <a href=\"https:\/\/moncompte.actu.fr\" title=\"D\u00e9couvez Mon Actu\" rel=\"nofollow noopener\" data-trk=\"{&quot;cta&quot;:{&quot;action&quot;:&quot;https:\\\/\\\/moncompte.actu.fr&quot;,&quot;category&quot;:&quot;mon compte&quot;,&quot;from&quot;:&quot;article footer&quot;,&quot;name&quot;:&quot;Mon actu&quot;,&quot;type&quot;:&quot;cta&quot;}}\" target=\"_blank\">Mon Actu<\/a>.<\/p>\n","protected":false},"excerpt":{"rendered":"Par Thibault Nadal Publi\u00e9 le 19 ao\u00fbt 2025 \u00e0 18h51 C\u2019est une v\u00e9ritable bombe qui tombe sur la&hellip;\n","protected":false},"author":2,"featured_media":329985,"comment_status":"","ping_status":"","sticky":false,"template":"","format":"standard","meta":{"footnotes":""},"categories":[2814],"tags":[1111,11,2329,1777,674,63,1011,27,884,12,2333,882,25,60],"class_list":{"0":"post-329984","1":"post","2":"type-post","3":"status-publish","4":"format-standard","5":"has-post-thumbnail","7":"category-marseille","8":"tag-actu","9":"tag-actualites","10":"tag-adrien-rabiot","11":"tag-eu","12":"tag-europe","13":"tag-football","14":"tag-fr","15":"tag-france","16":"tag-marseille","17":"tag-news","18":"tag-olympique-de-marseille-om","19":"tag-provence-alpes-cote-dazur","20":"tag-republique-francaise","21":"tag-sports"},"share_on_mastodon":{"url":"https:\/\/pubeurope.com\/@fr\/115057156779707545","error":""},"_links":{"self":[{"href":"https:\/\/www.europesays.com\/fr\/wp-json\/wp\/v2\/posts\/329984","targetHints":{"allow":["GET"]}}],"collection":[{"href":"https:\/\/www.europesays.com\/fr\/wp-json\/wp\/v2\/posts"}],"about":[{"href":"https:\/\/www.europesays.com\/fr\/wp-json\/wp\/v2\/types\/post"}],"author":[{"embeddable":true,"href":"https:\/\/www.europesays.com\/fr\/wp-json\/wp\/v2\/users\/2"}],"replies":[{"embeddable":true,"href":"https:\/\/www.europesays.com\/fr\/wp-json\/wp\/v2\/comments?post=329984"}],"version-history":[{"count":0,"href":"https:\/\/www.europesays.com\/fr\/wp-json\/wp\/v2\/posts\/329984\/revisions"}],"wp:featuredmedia":[{"embeddable":true,"href":"https:\/\/www.europesays.com\/fr\/wp-json\/wp\/v2\/media\/329985"}],"wp:attachment":[{"href":"https:\/\/www.europesays.com\/fr\/wp-json\/wp\/v2\/media?parent=329984"}],"wp:term":[{"taxonomy":"category","embeddable":true,"href":"https:\/\/www.europesays.com\/fr\/wp-json\/wp\/v2\/categories?post=329984"},{"taxonomy":"post_tag","embeddable":true,"href":"https:\/\/www.europesays.com\/fr\/wp-json\/wp\/v2\/tags?post=329984"}],"curies":[{"name":"wp","href":"https:\/\/api.w.org\/{rel}","templated":true}]}}