{"id":329986,"date":"2025-08-19T19:47:13","date_gmt":"2025-08-19T19:47:13","guid":{"rendered":"https:\/\/www.europesays.com\/fr\/329986\/"},"modified":"2025-08-19T19:47:13","modified_gmt":"2025-08-19T19:47:13","slug":"le-clan-rabiot-tres-surpris-par-la-decision-soudaine-de-lom","status":"publish","type":"post","link":"https:\/\/www.europesays.com\/fr\/329986\/","title":{"rendered":"Le clan Rabiot \u00ab\u00a0tr\u00e8s surpris\u00a0\u00bb par la d\u00e9cision soudaine de l\u2019OM"},"content":{"rendered":"<p>Adrien Rabiot et son entourage ont appris avec surprise la d\u00e9cision de la direction de l&rsquo;Olympique de Marseille de le placer ce mardi sur le march\u00e9 des transferts. Un choix ferme et soudain du club phoc\u00e9en.<\/p>\n<p>Adrien Rabiot et son entourage n\u2019ont pas vu venir la <a href=\"https:\/\/rmcsport.bfmtv.com\/football\/transferts\/mercato-l-om-place-officiellement-rabiot-et-rowe-sur-la-liste-des-transferts_AV-202508190472.html\" title=\"Mercato: l&#039;OM place officiellement Rabiot et Rowe sur la liste des transferts\" class=\"internal_link\" rel=\"nofollow noopener\" target=\"_blank\">d\u00e9cision ferme et soudaine<\/a> du club de placer le milieu de terrain international sur le march\u00e9 des transferts. Selon plusieurs sources proches du milieu de terrain de l\u2019OM, <a href=\"https:\/\/rmcsport.bfmtv.com\/football\/adrien-rabiot_DN-202211080804.html\" title=\"Adrien Rabiot\" class=\"internal_link\" rel=\"nofollow noopener\" target=\"_blank\">Adrien Rabiot<\/a> avait profit\u00e9 du week-end pour se vider la t\u00eate et oublier le coup de chaud de vendredi soir dans le vestiaire rennais.<\/p>\n<p>Il s\u2019est entretenu avec le directeur du football Medhi Benatia et le pr\u00e9sident Pablo Longoria lundi apr\u00e8s-midi et les dirigeants lui ont alors expliqu\u00e9 que le club ne pouvait pas laisser passer une telle attitude et un tel comportement agressif, sans pour autant, \u00e0 ce moment-l\u00e0, signifier au joueur que <a href=\"https:\/\/rmcsport.bfmtv.com\/football\/clubs\/olympique-marseille\/om-le-meilleur-homme-que-j-ai-eu-dans-un-vestiaire-quand-rabiot-faisait-l-unanimite-a-marseille_AV-202508190520.html\" title=\"OM: &quot;Le meilleur homme que j\u2019ai eu dans un vestiaire&quot;, quand Rabiot faisait l\u2019unanimit\u00e9 \u00e0 Marseille\" class=\"internal_link\" rel=\"nofollow noopener\" target=\"_blank\">l\u2019OM<\/a> ne comptait plus sur lui. L\u2019entraineur <a href=\"https:\/\/rmcsport.bfmtv.com\/football\/roberto-de-zerbi_DN-202508100322.html\" title=\"Roberto De Zerbi\" class=\"internal_link\" rel=\"nofollow noopener\" target=\"_blank\">Roberto De Zerbi<\/a> lui a en revanche annonc\u00e9 qu\u2019il souhaitait que lui et Rowe s\u2019entrainent d\u00e9sormais \u00e0 part.<\/p>\n<p>Une d\u00e9cision signifi\u00e9e ce mardi au t\u00e9l\u00e9phone<\/p>\n<p>C\u2019est ce mardi que Benjamin Arnaud, le secr\u00e9taire g\u00e9n\u00e9ral de l\u2019OM, aurait appel\u00e9 les repr\u00e9sentants du joueur pour leur expliquer la volont\u00e9 du club de se s\u00e9parer d&rsquo;Adrien Rabiot, avec comme arguments principaux, selon l\u2019entourage du milieu de terrain, que <a href=\"https:\/\/rmcsport.bfmtv.com\/football\/clubs\/olympique-marseille\/om-le-club-a-decide-de-se-separer-de-rabiot-apres-l-altercation-avec-rowe_AV-202508190403.html\" title=\"Pourquoi l&#039;OM a d\u00e9cid\u00e9 de se s\u00e9parer de Rabiot apr\u00e8s l&#039;altercation avec Rowe\" class=\"internal_link\" rel=\"nofollow noopener\" target=\"_blank\">Roberto De Zerbi \u00e9tait d\u00e9\u00e7u de l\u2019implication de Rabiot<\/a> et qu\u2019il ne reconnaissait pas son joueur.<\/p>\n<p>Une critique qui a beaucoup surpris Rabiot, lui qui a toujours \u00e9t\u00e9 clair, cet \u00e9t\u00e9, sur son intention de rester \u00e0 Marseille, car il s\u2019y sent bien, comme il l\u2019a rappel\u00e9 il y a dix jours dans une interview au journal <a href=\"https:\/\/www.laprovence.com\/article\/om\/3509259118767914\/exclusif-la-meilleure-chose-etait-de-rester-a-lom-notre-interview-dadrien-rabiot\" target=\"_blank\" class=\"external_link\" rel=\"nofollow noopener\">La Provence<\/a>. Ce qu\u2019il s\u2019est pass\u00e9 \u00e0 Rennes serait pourtant bien la preuve que Rabiot \u00e9tait toujours tr\u00e8s motiv\u00e9 et impliqu\u00e9, estime son entourage.<\/p>\n<p>\u00ab\u00a0Il \u00e9tait \u00e9panoui \u00e0 Marseille. On est tr\u00e8s surpris\u00a0\u00bb, souffle l\u2019avocat du joueur Romuald Palao, joint par RMC Sport. Faut-il y voir l\u2019unique volont\u00e9 de l\u2019OM d\u2019\u00eatre intransigeant avec certains comportements \u00ab\u00a0inadmissibles\u00a0\u00bb? Ou y a-t-il, derri\u00e8re cette d\u00e9cision, un enjeu sportif et contractuel, l\u2019OM pr\u00e9f\u00e9rant, contre toute attente, se s\u00e9parer du salaire de Rabiot pour attirer dans la foul\u00e9e un autre joueur de gros calibre? La suite du feuilleton l\u00e8vera le voile sur quelques zones d\u2019ombre de ce dossier br\u00fblant.<\/p>\n","protected":false},"excerpt":{"rendered":"Adrien Rabiot et son entourage ont appris avec surprise la d\u00e9cision de la direction de l&rsquo;Olympique de Marseille&hellip;\n","protected":false},"author":2,"featured_media":329987,"comment_status":"","ping_status":"","sticky":false,"template":"","format":"standard","meta":{"footnotes":""},"categories":[2814],"tags":[1111,11,1777,674,1011,27,884,12,882,25],"class_list":{"0":"post-329986","1":"post","2":"type-post","3":"status-publish","4":"format-standard","5":"has-post-thumbnail","7":"category-marseille","8":"tag-actu","9":"tag-actualites","10":"tag-eu","11":"tag-europe","12":"tag-fr","13":"tag-france","14":"tag-marseille","15":"tag-news","16":"tag-provence-alpes-cote-dazur","17":"tag-republique-francaise"},"share_on_mastodon":{"url":"https:\/\/pubeurope.com\/@fr\/115057160633213497","error":""},"_links":{"self":[{"href":"https:\/\/www.europesays.com\/fr\/wp-json\/wp\/v2\/posts\/329986","targetHints":{"allow":["GET"]}}],"collection":[{"href":"https:\/\/www.europesays.com\/fr\/wp-json\/wp\/v2\/posts"}],"about":[{"href":"https:\/\/www.europesays.com\/fr\/wp-json\/wp\/v2\/types\/post"}],"author":[{"embeddable":true,"href":"https:\/\/www.europesays.com\/fr\/wp-json\/wp\/v2\/users\/2"}],"replies":[{"embeddable":true,"href":"https:\/\/www.europesays.com\/fr\/wp-json\/wp\/v2\/comments?post=329986"}],"version-history":[{"count":0,"href":"https:\/\/www.europesays.com\/fr\/wp-json\/wp\/v2\/posts\/329986\/revisions"}],"wp:featuredmedia":[{"embeddable":true,"href":"https:\/\/www.europesays.com\/fr\/wp-json\/wp\/v2\/media\/329987"}],"wp:attachment":[{"href":"https:\/\/www.europesays.com\/fr\/wp-json\/wp\/v2\/media?parent=329986"}],"wp:term":[{"taxonomy":"category","embeddable":true,"href":"https:\/\/www.europesays.com\/fr\/wp-json\/wp\/v2\/categories?post=329986"},{"taxonomy":"post_tag","embeddable":true,"href":"https:\/\/www.europesays.com\/fr\/wp-json\/wp\/v2\/tags?post=329986"}],"curies":[{"name":"wp","href":"https:\/\/api.w.org\/{rel}","templated":true}]}}