{"id":329988,"date":"2025-08-19T19:48:18","date_gmt":"2025-08-19T19:48:18","guid":{"rendered":"https:\/\/www.europesays.com\/fr\/329988\/"},"modified":"2025-08-19T19:48:18","modified_gmt":"2025-08-19T19:48:18","slug":"un-jeune-homme-en-recidive-dapologie-du-terrorisme-pres-de-lyon","status":"publish","type":"post","link":"https:\/\/www.europesays.com\/fr\/329988\/","title":{"rendered":"un jeune homme en r\u00e9cidive d&rsquo;apologie du terrorisme pr\u00e8s de Lyon"},"content":{"rendered":"<p itemprop=\"description\"><strong>La r\u00e9cidive est un fl\u00e9au face auquel la justice fran\u00e7aise a bien du mal \u00e0 apporter des r\u00e9ponses.<\/strong><\/p>\n<p>Mais il est rare de voir un individu tomber sous le coup de la r\u00e9cidive d&rsquo;apologie du terrorisme.<\/p>\n<p>C&rsquo;est pourtant le cas de ce jeune homme de 19 ans, interpell\u00e9 dans la nuit de vendredi \u00e0 samedi au Val-d&rsquo;Oingt dans le Rh\u00f4ne.<\/p>\n<p>Au domicile de son demi-fr\u00e8re, une dispute avait \u00e9clat\u00e9 sur fond de consommation excessive d&rsquo;alcool.<\/p>\n<p>Exc\u00e9d\u00e9 par ce conflit qui commen\u00e7ait \u00e0 prendre une tournure physique, le demi-fr\u00e8re avait trouv\u00e9 la parade : il \u00e9tait sorti du logement, puisque le jeune homme, sous bracelet \u00e9lectronique, ne pouvait pas le suivre.<\/p>\n<p>Sauf que ce dernier avait hurl\u00e9 des insanit\u00e9s par la fen\u00eatre, appelant \u00e0 \u00ab\u00a0br\u00fbler les juifs\u00a0\u00bb, \u00e9voquant les harkis, parlant d&rsquo;\u00e9gorgement. \u00ab\u00a0Je vais faire une Mohammed Merah\u00a0\u00bb aurait-il d\u00e9clar\u00e9 selon un voisin qui a pr\u00e9venu les gendarmes.<\/p>\n<p>L\u00e0 encore, les militaires avaient fait face \u00e0 un tombereau d&rsquo;insultes et une tentative de coups de pied de la part du jeune.<\/p>\n<p>Jug\u00e9 lundi dans le cadre d&rsquo;une comparution imm\u00e9diate \u00e0 Villefranche-sur-Sa\u00f4ne, il s&rsquo;est excus\u00e9 et a rejet\u00e9 la faute sur l&rsquo;alcool.<\/p>\n<p>Le procureur a requis 18 mois de prison ferme \u00e0 son encontre. Un chiffre repris par les juges caladois, mais all\u00e9g\u00e9s, puisque sur les 18 mois, seul 10 seront ferme. Une peine qu&rsquo;il pourra effectuer dans le cadre d&rsquo;un r\u00e9gime en semi-libert\u00e9. Il a d\u00e9sormais l&rsquo;interdiction d&rsquo;entrer en contact avec son beau-fr\u00e8re et devra indemniser les trois gendarmes.<\/p>\n<p>Conform\u00e9ment au souhait du parquet, son nom a \u00e9t\u00e9 inscrit au Fichier judiciaire automatis\u00e9 des auteurs d\u2019infractions terroristes (Fijait).<\/p>\n","protected":false},"excerpt":{"rendered":"La r\u00e9cidive est un fl\u00e9au face auquel la justice fran\u00e7aise a bien du mal \u00e0 apporter des r\u00e9ponses.&hellip;\n","protected":false},"author":2,"featured_media":329989,"comment_status":"","ping_status":"","sticky":false,"template":"","format":"standard","meta":{"footnotes":""},"categories":[1889],"tags":[1111,11,2813,2190,2430,1109,251,1112,2811,1777,674,118,1011,27,1922,1110,1114,2428,2810,12,241,316,25,2812,517,800],"class_list":{"0":"post-329988","1":"post","2":"type-post","3":"status-publish","4":"format-standard","5":"has-post-thumbnail","7":"category-lyon","8":"tag-actu","9":"tag-actualites","10":"tag-article","11":"tag-asvel","12":"tag-auvergne-rhone-alpes","13":"tag-breves","14":"tag-culture","15":"tag-depeches","16":"tag-economique","17":"tag-eu","18":"tag-europe","19":"tag-faits-divers","20":"tag-fr","21":"tag-france","22":"tag-info","23":"tag-informations","24":"tag-infos","25":"tag-lyon","26":"tag-lyonmag","27":"tag-news","28":"tag-ol","29":"tag-politique","30":"tag-republique-francaise","31":"tag-sociale","32":"tag-sport","33":"tag-transports"},"share_on_mastodon":{"url":"https:\/\/pubeurope.com\/@fr\/115057164513907270","error":""},"_links":{"self":[{"href":"https:\/\/www.europesays.com\/fr\/wp-json\/wp\/v2\/posts\/329988","targetHints":{"allow":["GET"]}}],"collection":[{"href":"https:\/\/www.europesays.com\/fr\/wp-json\/wp\/v2\/posts"}],"about":[{"href":"https:\/\/www.europesays.com\/fr\/wp-json\/wp\/v2\/types\/post"}],"author":[{"embeddable":true,"href":"https:\/\/www.europesays.com\/fr\/wp-json\/wp\/v2\/users\/2"}],"replies":[{"embeddable":true,"href":"https:\/\/www.europesays.com\/fr\/wp-json\/wp\/v2\/comments?post=329988"}],"version-history":[{"count":0,"href":"https:\/\/www.europesays.com\/fr\/wp-json\/wp\/v2\/posts\/329988\/revisions"}],"wp:featuredmedia":[{"embeddable":true,"href":"https:\/\/www.europesays.com\/fr\/wp-json\/wp\/v2\/media\/329989"}],"wp:attachment":[{"href":"https:\/\/www.europesays.com\/fr\/wp-json\/wp\/v2\/media?parent=329988"}],"wp:term":[{"taxonomy":"category","embeddable":true,"href":"https:\/\/www.europesays.com\/fr\/wp-json\/wp\/v2\/categories?post=329988"},{"taxonomy":"post_tag","embeddable":true,"href":"https:\/\/www.europesays.com\/fr\/wp-json\/wp\/v2\/tags?post=329988"}],"curies":[{"name":"wp","href":"https:\/\/api.w.org\/{rel}","templated":true}]}}