{"id":329994,"date":"2025-08-19T19:51:10","date_gmt":"2025-08-19T19:51:10","guid":{"rendered":"https:\/\/www.europesays.com\/fr\/329994\/"},"modified":"2025-08-19T19:51:10","modified_gmt":"2025-08-19T19:51:10","slug":"le-premier-festival-francilien-de-velo-gravel-va-bientot-avoir-lieu-en-essonne-voici-ou-et-quand","status":"publish","type":"post","link":"https:\/\/www.europesays.com\/fr\/329994\/","title":{"rendered":"Le premier festival francilien de v\u00e9lo gravel va bient\u00f4t avoir lieu en Essonne, voici o\u00f9 et quand"},"content":{"rendered":"<p>            Par<br \/>\n        <strong><br \/>\n            <a href=\"https:\/\/actu.fr\/auteur\/glenn-gillet\" title=\"Consulter tous les articles de Glenn Gillet\" rel=\"nofollow noopener\" target=\"_blank\">Glenn Gillet<\/a><br \/>\n        <\/strong><\/p>\n<p>        Publi\u00e9 le<\/p>\n<p>            19 ao\u00fbt 2025 \u00e0 16h14        <\/p>\n<p>Le<a href=\"https:\/\/actu.fr\/normandie\/cherbourg-en-cotentin_50129\/ambroise-hebert-revient-au-top-apres-sa-chute-qualifie-pour-les-mondiaux-de-gravel_62801673.html\" rel=\"nofollow noopener\" target=\"_blank\"> gravel<\/a> est une <strong>pratique en vogue<\/strong> chez les amateurs de <a href=\"https:\/\/actu.fr\/sports\/cyclisme\" rel=\"nofollow noopener\" target=\"_blank\">cyclisme<\/a> et l\u2019Essonne va bient\u00f4t accueillir un nouvel \u00e9v\u00e9nement ambitieux d\u2019envergure r\u00e9gionale en la mati\u00e8re\u2009: l\u2019<a href=\"https:\/\/idf-gravel-festival.fr\/?fbclid=IwY2xjawMRHNxleHRuA2FlbQIxMABicmlkETFCNVhWMDNXc0dYTFdOc1lkAR7xUYC5fNTnKISUgQaH7K3Vyq_M2EUqX8aaa7ul3mBqnKtxkN6aizBd-YmpnA_aem_AayBqDhi6V3EaWyQ373Nxw\" rel=\"nofollow noopener\" target=\"_blank\">IDF Gravel Festival<\/a> se tiendra samedi 6\u00a0septembre dans le sud de l\u2019Essonne, au d\u00e9part de l\u2019\u00eele des loisirs d\u2019\u00c9tampes. On fait le point sur le <strong>programme<\/strong> de ce nouveau d\u00e9fi, qui propose de m\u00ealer sport la journ\u00e9e et ambiance festive le soir.<\/p>\n<p>Le gravel, un cyclisme de vitesse tourn\u00e9 vers la nature<\/p>\n<p class=\" wall-content\">Comme son nom l\u2019indique l\u2019IDF Gravel Festival fait avant tout la part belle au \u00ab\u2009gravel\u2009\u00bb. Petit point d\u00e9finition pour les profanes\u2009: il s\u2019agit d\u2019une pratique cycliste principalement caract\u00e9ris\u00e9e par le <strong>type de v\u00e9lo<\/strong> employ\u00e9 (lui-m\u00eame appel\u00e9 gravel), qui allie une structure et un profil ressemblant aux v\u00e9los de route mais avec des pneus plus larges et crant\u00e9s, ce qui permet de passer par tous types de voies (routes bitum\u00e9es, chemins caillouteux, sentiers forestiers). L\u2019id\u00e9e est de proposer une exp\u00e9rience bas\u00e9e sur la vitesse mais dans des milieux vari\u00e9s, ce qui permet une plus grande libert\u00e9 au plus pr\u00e8s de la nature.<\/p>\n<p class=\" wall-content\">C\u2019est pr\u00e9cis\u00e9ment l\u2019ambition de l\u2019IDF Gravel Festival qui se veut \u00eatre \u00ab\u2009un d\u00e9fi parfait pour celles et ceux qui veulent se d\u00e9passer et vivre une exp\u00e9rience unique en pleine nature\u2009\u00bb entre <strong>\u00ab\u2009for\u00eats, chemins ruraux et petits villages franciliens\u2009\u00bb<\/strong> et ce pour tous les pratiquants de la discipline, qu\u2019ils soient \u00ab\u2009amateur\u00b7rices de longues distances, de sentiers ou de balades entre potes\u2009\u00bb.<\/p>\n<p class=\" wall-content\">L\u2019\u00e9v\u00e9nement propose <strong>quatre distances<\/strong> en fonction des ambitions des cyclistes participants\u2009: la \u00ab\u2009D\u00e9mo Gravel\u2009\u00bb, un parcours sans chrono ni \u00ab\u2009pression\u2009\u00bb de 35 km avec 300 m de d\u00e9nivel\u00e9 positif, la \u00ab\u2009N\u00e9o Gravel\u2009\u00bb et ses 70 km avec 700m de d\u00e9nivel\u00e9 positif, la \u00ab\u2009Sportive Gravel\u2009\u00bb avec 100 km et plus de 1000 m de d\u00e9nivel\u00e9 positif et enfin l\u2019\u00e9preuve reine, le \u00ab\u2009D\u00e9fi Gravel\u2009\u00bb\u2009: 150 km et pr\u00e8s de 1500 m de d\u00e9nivel\u00e9 positif. Le d\u00e9tail des parcours est \u00e0 retrouver sur <a href=\"https:\/\/idf-gravel-festival.fr\/le-defi-gravel-150\/\" rel=\"nofollow noopener\" target=\"_blank\">le site<\/a> du festival.<\/p>\n<p>    <a href=\"https:\/\/www.facebook.com\/plugins\/video.php?height=476&amp;href=https%3A%2F%2Fwww.facebook.com%2Freel%2F1794116815322268%2F&amp;show_text=false&amp;width=350&amp;t=0\" title=\"Ouvrie le lien\" rel=\"nofollow noopener\" target=\"_blank\">Cliquez ici pour visualiser le contenu<\/a><\/p>\n<p class=\" wall-content\">Pour tous ces parcours, vous pourrez aussi b\u00e9n\u00e9ficier de caf\u00e9 \u00e0 volont\u00e9 avant de vous \u00e9lancer. Ensuite tous les parcours seront balis\u00e9s avec un dispositif de s\u00e9curit\u00e9 et des ravitaillements seront fournis (entre un et quatre durant les courses et un autre en fin de parcours). Une <strong>m\u00e9daille \u00ab\u2009finisher\u2009\u00bb<\/strong> sera d\u00e9cern\u00e9e \u00e0 tous ceux qui compl\u00e9teront les parcours et une bi\u00e8re artisanale sera offerte \u00e0 tous les participants. Comptez entre 40 et 60\u20ac de participation en fonction de la longueur de la course \u00e0 laquelle vous souhaitez participer.<\/p>\n<p class=\" wall-content\">Changement d\u2019ambiance le soir, puisque l\u2019IDF Gravel Festival prendra des allures plus festives avec des <strong>concerts<\/strong> \u00e0 partir de 19h et jusqu\u2019\u00e0 minuit, ainsi que des foodtrucks et boissons locales, ouverts \u00e0 tous les participants. Le tout avec \u00e9galement la possibilit\u00e9 de profiter des installations de l\u2019\u00eele de loisirs d\u2019\u00c9tampes, qui ferment \u00e0 21h30.<\/p>\n<p class=\" wall-content\">Personnalisez votre actualit\u00e9 en ajoutant vos villes et m\u00e9dias en favori avec <a href=\"https:\/\/moncompte.actu.fr\" title=\"D\u00e9couvez Mon Actu\" rel=\"nofollow noopener\" data-trk=\"{&quot;cta&quot;:{&quot;action&quot;:&quot;https:\\\/\\\/moncompte.actu.fr&quot;,&quot;category&quot;:&quot;mon compte&quot;,&quot;from&quot;:&quot;article footer&quot;,&quot;name&quot;:&quot;Mon actu&quot;,&quot;type&quot;:&quot;cta&quot;}}\" target=\"_blank\">Mon Actu<\/a>.<\/p>\n","protected":false},"excerpt":{"rendered":"Par Glenn Gillet Publi\u00e9 le 19 ao\u00fbt 2025 \u00e0 16h14 Le gravel est une pratique en vogue chez&hellip;\n","protected":false},"author":2,"featured_media":329995,"comment_status":"","ping_status":"","sticky":false,"template":"","format":"standard","meta":{"footnotes":""},"categories":[1592],"tags":[1111,11,207,436,1777,674,1011,27,662,12,626,25,517,60,208],"class_list":{"0":"post-329994","1":"post","2":"type-post","3":"status-publish","4":"format-standard","5":"has-post-thumbnail","7":"category-ile-de-france","8":"tag-actu","9":"tag-actualites","10":"tag-cyclisme","11":"tag-environnement","12":"tag-eu","13":"tag-europe","14":"tag-fr","15":"tag-france","16":"tag-ile-de-france","17":"tag-news","18":"tag-paris","19":"tag-republique-francaise","20":"tag-sport","21":"tag-sports","22":"tag-velo"},"share_on_mastodon":{"url":"https:\/\/pubeurope.com\/@fr\/115057176345806258","error":""},"_links":{"self":[{"href":"https:\/\/www.europesays.com\/fr\/wp-json\/wp\/v2\/posts\/329994","targetHints":{"allow":["GET"]}}],"collection":[{"href":"https:\/\/www.europesays.com\/fr\/wp-json\/wp\/v2\/posts"}],"about":[{"href":"https:\/\/www.europesays.com\/fr\/wp-json\/wp\/v2\/types\/post"}],"author":[{"embeddable":true,"href":"https:\/\/www.europesays.com\/fr\/wp-json\/wp\/v2\/users\/2"}],"replies":[{"embeddable":true,"href":"https:\/\/www.europesays.com\/fr\/wp-json\/wp\/v2\/comments?post=329994"}],"version-history":[{"count":0,"href":"https:\/\/www.europesays.com\/fr\/wp-json\/wp\/v2\/posts\/329994\/revisions"}],"wp:featuredmedia":[{"embeddable":true,"href":"https:\/\/www.europesays.com\/fr\/wp-json\/wp\/v2\/media\/329995"}],"wp:attachment":[{"href":"https:\/\/www.europesays.com\/fr\/wp-json\/wp\/v2\/media?parent=329994"}],"wp:term":[{"taxonomy":"category","embeddable":true,"href":"https:\/\/www.europesays.com\/fr\/wp-json\/wp\/v2\/categories?post=329994"},{"taxonomy":"post_tag","embeddable":true,"href":"https:\/\/www.europesays.com\/fr\/wp-json\/wp\/v2\/tags?post=329994"}],"curies":[{"name":"wp","href":"https:\/\/api.w.org\/{rel}","templated":true}]}}