{"id":329996,"date":"2025-08-19T19:52:10","date_gmt":"2025-08-19T19:52:10","guid":{"rendered":"https:\/\/www.europesays.com\/fr\/329996\/"},"modified":"2025-08-19T19:52:10","modified_gmt":"2025-08-19T19:52:10","slug":"une-petite-fille-de-trois-ans-meurt-noyee-dans-leure-dans-une-base-de-loisirs","status":"publish","type":"post","link":"https:\/\/www.europesays.com\/fr\/329996\/","title":{"rendered":"Une petite fille de trois ans meurt noy\u00e9e dans l&rsquo;Eure dans une base de loisirs"},"content":{"rendered":"\n<p class=\"c-chapo \">\n  Les faits se sont produits samedi en fin d&rsquo;apr\u00e8s-midi \u00e0 la base de loisirs de L\u00e9ry-Poses.\n<\/p>\n<p>            lire plus tard<\/p>\n<p id=\"dialog__title\" class=\"dialog__title\">Pour sauvegarder cet article, connectez-vous ou cr\u00e9ez un compte franceinfo<\/p>\n<p class=\"dialog__description\">Sans paiement. Sans abonnement.<\/p>\n<p>        Fermer la fen\u00eatre d\u2019activation des notifications France Info<\/p>\n<p>            cr\u00e9er votre compte<\/p>\n<p>            se connecter<\/p>\n<p>        Fermer la fen\u00eatre de pr\u00e9sentation<\/p>\n<p>    Publi\u00e9 le 19\/08\/2025 20:19<\/p>\n<p>        Temps de lecture : 1min<\/p>\n<p>    <img decoding=\"async\"  alt=\"Les pompiers ont tent\u00e9 de r\u00e9animer la victime. (PHILIPPE HUGUEN \/ AFP)\" width=\"432\" height=\"243\" src=\"https:\/\/www.europesays.com\/fr\/wp-content\/uploads\/2025\/08\/phplmmmsv_1.jpg\" fetchpriority=\"high\"\/><\/p>\n<p>      Les pompiers ont tent\u00e9 de r\u00e9animer la victime. (PHILIPPE HUGUEN \/ AFP)<\/p>\n<p>Une petite fille de trois ans est morte noy\u00e9e samedi \u00e0 la base de loisirs de L\u00e9ry-Poses dans l&rsquo;Eure, rapporte mardi 19 ao\u00fbt <a href=\"https:\/\/www.francebleu.fr\/infos\/faits-divers-justice\/une-fillette-de-trois-ans-est-morte-noyee-a-la-base-de-loisirs-de-lery-poses-9639904\" target=\"_blank\" rel=\"noopener nofollow\">ICI Normandie (ex-France Bleu)<\/a>, confirmant une information de La D\u00e9p\u00eache Louviers.<\/p>\n<p>Les faits se sont produits samedi en fin d&rsquo;apr\u00e8s-midi. La famille de la petite fille a signal\u00e9 sa disparition vers 18h30. Les gendarmes r\u00e9servistes pr\u00e9sents sur place, les m\u00e9diateurs de la base et les sauveteurs se sont alors mis \u00e0 la recherche de l&rsquo;enfant.<\/p>\n<p>Finalement, c&rsquo;est un secouriste qui a retrouv\u00e9 le corps de la victime, une heure plus tard, dans l&rsquo;eau, au sein de la zone surveill\u00e9e, selon la direction de la base de loisirs. Les secours ont tent\u00e9 de la r\u00e9animer, en vain. La petite fille a \u00e9t\u00e9 d\u00e9clar\u00e9e morte vers 20h30.<\/p>\n<p>Une enqu\u00eate pour rechercher les causes de la mort a \u00e9t\u00e9 ouverte et confi\u00e9e \u00e0 la brigade de gendarmerie de Pont-de-l\u2019Arche. \u00ab\u00a0Le d\u00e9c\u00e8s est, de fa\u00e7on certaine, accidentel. N\u00e9anmoins, nous cherchons \u00e0 en d\u00e9terminer les circonstances exactes\u00a0\u00bb, explique le procureur de la R\u00e9publique d&rsquo;Evreux, R\u00e9mi Coutin.<\/p>\n","protected":false},"excerpt":{"rendered":"Les faits se sont produits samedi en fin d&rsquo;apr\u00e8s-midi \u00e0 la base de loisirs de L\u00e9ry-Poses. lire plus&hellip;\n","protected":false},"author":2,"featured_media":329997,"comment_status":"","ping_status":"","sticky":false,"template":"","format":"standard","meta":{"footnotes":""},"categories":[1888],"tags":[1111,1928,11,1927,1777,674,1011,27,12,1926,626,1925,25],"class_list":{"0":"post-329996","1":"post","2":"type-post","3":"status-publish","4":"format-standard","5":"has-post-thumbnail","7":"category-paris","8":"tag-actu","9":"tag-actu-paris","10":"tag-actualites","11":"tag-actualites-paris","12":"tag-eu","13":"tag-europe","14":"tag-fr","15":"tag-france","16":"tag-news","17":"tag-news-paris","18":"tag-paris","19":"tag-paris-news","20":"tag-republique-francaise"},"share_on_mastodon":{"url":"https:\/\/pubeurope.com\/@fr\/115057180310553762","error":""},"_links":{"self":[{"href":"https:\/\/www.europesays.com\/fr\/wp-json\/wp\/v2\/posts\/329996","targetHints":{"allow":["GET"]}}],"collection":[{"href":"https:\/\/www.europesays.com\/fr\/wp-json\/wp\/v2\/posts"}],"about":[{"href":"https:\/\/www.europesays.com\/fr\/wp-json\/wp\/v2\/types\/post"}],"author":[{"embeddable":true,"href":"https:\/\/www.europesays.com\/fr\/wp-json\/wp\/v2\/users\/2"}],"replies":[{"embeddable":true,"href":"https:\/\/www.europesays.com\/fr\/wp-json\/wp\/v2\/comments?post=329996"}],"version-history":[{"count":0,"href":"https:\/\/www.europesays.com\/fr\/wp-json\/wp\/v2\/posts\/329996\/revisions"}],"wp:featuredmedia":[{"embeddable":true,"href":"https:\/\/www.europesays.com\/fr\/wp-json\/wp\/v2\/media\/329997"}],"wp:attachment":[{"href":"https:\/\/www.europesays.com\/fr\/wp-json\/wp\/v2\/media?parent=329996"}],"wp:term":[{"taxonomy":"category","embeddable":true,"href":"https:\/\/www.europesays.com\/fr\/wp-json\/wp\/v2\/categories?post=329996"},{"taxonomy":"post_tag","embeddable":true,"href":"https:\/\/www.europesays.com\/fr\/wp-json\/wp\/v2\/tags?post=329996"}],"curies":[{"name":"wp","href":"https:\/\/api.w.org\/{rel}","templated":true}]}}