{"id":329998,"date":"2025-08-19T19:53:14","date_gmt":"2025-08-19T19:53:14","guid":{"rendered":"https:\/\/www.europesays.com\/fr\/329998\/"},"modified":"2025-08-19T19:53:14","modified_gmt":"2025-08-19T19:53:14","slug":"le-festival-tones-of-paris-invite-la-creme-de-la-scene-inde-sous-la-nef-du-104","status":"publish","type":"post","link":"https:\/\/www.europesays.com\/fr\/329998\/","title":{"rendered":"Le festival Tones of Paris invite la cr\u00e8me de la sc\u00e8ne ind\u00e9 sous la nef du 104"},"content":{"rendered":"<p class=\"p1\">Plateforme pr\u00e9f\u00e9r\u00e9e des amateurs d\u2019aplats et de nouveaux artistes musicaux de qualit\u00e9, COLORS pose ses valises au <a href=\"https:\/\/www.timeout.fr\/paris\/musees\/104-centquatre\" target=\"_blank\" rel=\"noopener\">Centquatre<\/a> les 25 et 26 octobre 2025 pour la deuxi\u00e8me \u00e9dition de son festival Tones Of, deux jours de concerts, talks et ateliers sous la grande nef.<\/p>\n<p class=\"p1\">Chanter dans le cube monochrome de COLORS, c\u2019est la promesse d\u2019une audience d\u00e9cupl\u00e9e pour les artistes qui s\u2019y pressent tous \u2013 mais les places sont ch\u00e8res. Et c\u2019est comme \u00e7a qu\u2019on sait que la programmation de ce Tones Of, qui vient d\u2019\u00eatre annonc\u00e9e, sera de qualit\u00e9.\u00a0<\/p>\n<p class=\"p1\">Cette ann\u00e9e, le festival rassemble des artistes qui ont toutes et tous en commun de regarder loin devant, virevoltant entre R&amp;B, hip-hop, jazz, soul et <a href=\"https:\/\/www.timeout.fr\/paris\/actualites\/masterclass-ateliers-marche-de-labels-la-paris-electronic-week-revient-avec-une-prog-qui-donne-envie-081425\" target=\"_blank\" rel=\"noopener\">musique \u00e9lectronique<\/a>.<\/p>\n<p class=\"p1\">Le samedi 25 octobre, les t\u00eates d\u2019affiche seront le rappeur afro Pa Salieu et le batteur cosmique Moses Boyd. On y entendra aussi la soul toute smooth de la chanteuse anglaise Jaz Karis, l\u2019implacable rappeuse de Brixton Cristale ou encore l\u2019iconoclaste chanteuse \u00e9gyptienne Lella Fadda.<\/p>\n<p class=\"p2\">Le dimanche, il ne faudra pas manquer le show des jumelles cubano-parisiennes Ibeyi, ni celui de la chanteuse jordano-palestinienne Zeyne, qui avait illumin\u00e9 le studio COLORS avec son titre \u201cMa Bansak\u201d l\u2019an pass\u00e9. A voir \u00e9galement, le chanteur R&amp;B Leven Kali, qui a travaill\u00e9 avec Beyonc\u00e9 sur l\u2019album Renaissance, et le tr\u00e8s inspir\u00e9 collectif ghan\u00e9en SuperJazzClub.\u00a0<\/p>\n<p class=\"p1\"><strong>O\u00f9 ?<\/strong> au 104, 5 rue Curial, Paris 19e.<br \/><strong>Quand ?<\/strong> samedi 25 octobre et dimanche 26 octobre 2025, 15h-1h.<br \/><strong>Combien ?<\/strong> \u00e0 partir de 57 euros. <a href=\"https:\/\/dice.fm\/partner\/centquatre\/event\/pykpnw-tones-of-paris-25th-oct-le-centquatre-paris-tickets\" target=\"_blank\" rel=\"noopener\">Billetterie ici<\/a>.<\/p>\n","protected":false},"excerpt":{"rendered":"Plateforme pr\u00e9f\u00e9r\u00e9e des amateurs d\u2019aplats et de nouveaux artistes musicaux de qualit\u00e9, COLORS pose ses valises au Centquatre&hellip;\n","protected":false},"author":2,"featured_media":329999,"comment_status":"","ping_status":"","sticky":false,"template":"","format":"standard","meta":{"footnotes":""},"categories":[1888],"tags":[1111,1928,11,1927,4573,4572,1777,674,1011,27,12,1926,626,1925,3907,25],"class_list":{"0":"post-329998","1":"post","2":"type-post","3":"status-publish","4":"format-standard","5":"has-post-thumbnail","7":"category-paris","8":"tag-actu","9":"tag-actu-paris","10":"tag-actualites","11":"tag-actualites-paris","12":"tag-actualites-vivre-en-ville","13":"tag-categories-que-faire","14":"tag-eu","15":"tag-europe","16":"tag-fr","17":"tag-france","18":"tag-news","19":"tag-news-paris","20":"tag-paris","21":"tag-paris-news","22":"tag-que-faire","23":"tag-republique-francaise"},"share_on_mastodon":{"url":"https:\/\/pubeurope.com\/@fr\/115057184205485259","error":""},"_links":{"self":[{"href":"https:\/\/www.europesays.com\/fr\/wp-json\/wp\/v2\/posts\/329998","targetHints":{"allow":["GET"]}}],"collection":[{"href":"https:\/\/www.europesays.com\/fr\/wp-json\/wp\/v2\/posts"}],"about":[{"href":"https:\/\/www.europesays.com\/fr\/wp-json\/wp\/v2\/types\/post"}],"author":[{"embeddable":true,"href":"https:\/\/www.europesays.com\/fr\/wp-json\/wp\/v2\/users\/2"}],"replies":[{"embeddable":true,"href":"https:\/\/www.europesays.com\/fr\/wp-json\/wp\/v2\/comments?post=329998"}],"version-history":[{"count":0,"href":"https:\/\/www.europesays.com\/fr\/wp-json\/wp\/v2\/posts\/329998\/revisions"}],"wp:featuredmedia":[{"embeddable":true,"href":"https:\/\/www.europesays.com\/fr\/wp-json\/wp\/v2\/media\/329999"}],"wp:attachment":[{"href":"https:\/\/www.europesays.com\/fr\/wp-json\/wp\/v2\/media?parent=329998"}],"wp:term":[{"taxonomy":"category","embeddable":true,"href":"https:\/\/www.europesays.com\/fr\/wp-json\/wp\/v2\/categories?post=329998"},{"taxonomy":"post_tag","embeddable":true,"href":"https:\/\/www.europesays.com\/fr\/wp-json\/wp\/v2\/tags?post=329998"}],"curies":[{"name":"wp","href":"https:\/\/api.w.org\/{rel}","templated":true}]}}