{"id":330000,"date":"2025-08-19T19:54:09","date_gmt":"2025-08-19T19:54:09","guid":{"rendered":"https:\/\/www.europesays.com\/fr\/330000\/"},"modified":"2025-08-19T19:54:09","modified_gmt":"2025-08-19T19:54:09","slug":"abus-sexuels-sur-des-bebes-a-lhopital-de-montreuil-huit-familles-deposent-plainte-six-se-constituent-partie-civile","status":"publish","type":"post","link":"https:\/\/www.europesays.com\/fr\/330000\/","title":{"rendered":"Abus sexuels sur des b\u00e9b\u00e9s \u00e0 l\u2019h\u00f4pital de Montreuil\u00a0: huit familles d\u00e9posent plainte, six se constituent partie civile"},"content":{"rendered":"<p class=\"paragraph text_align_left lp-f-body-02\">\u00ab Ces familles ignorent encore si elles sont des victimes directes ou indirectes des agissements des mis en cause, note Me Besma Maghrebi-Mansouri. Cette incertitude est pour elles extr\u00eamement difficiles \u00e0 vivre. \u00bb \u00ab Cela fait plus de 18 jours aujourd\u2019hui que ces familles sont dans le flou absolu et n\u2019ont aucune r\u00e9ponse de la part de l\u2019h\u00f4pital \u00bb, poursuit l\u2019avocate.<\/p>\n","protected":false},"excerpt":{"rendered":"\u00ab Ces familles ignorent encore si elles sont des victimes directes ou indirectes des agissements des mis en&hellip;\n","protected":false},"author":2,"featured_media":330001,"comment_status":"","ping_status":"","sticky":false,"template":"","format":"standard","meta":{"footnotes":""},"categories":[1888],"tags":[11,1777,674,118,1011,27,1944,12,626,25,1945],"class_list":{"0":"post-330000","1":"post","2":"type-post","3":"status-publish","4":"format-standard","5":"has-post-thumbnail","7":"category-paris","8":"tag-actualites","9":"tag-eu","10":"tag-europe","11":"tag-faits-divers","12":"tag-fr","13":"tag-france","14":"tag-ma-ville","15":"tag-news","16":"tag-paris","17":"tag-republique-francaise","18":"tag-seine-saint-denis"},"share_on_mastodon":{"url":"https:\/\/pubeurope.com\/@fr\/115057188190575888","error":""},"_links":{"self":[{"href":"https:\/\/www.europesays.com\/fr\/wp-json\/wp\/v2\/posts\/330000","targetHints":{"allow":["GET"]}}],"collection":[{"href":"https:\/\/www.europesays.com\/fr\/wp-json\/wp\/v2\/posts"}],"about":[{"href":"https:\/\/www.europesays.com\/fr\/wp-json\/wp\/v2\/types\/post"}],"author":[{"embeddable":true,"href":"https:\/\/www.europesays.com\/fr\/wp-json\/wp\/v2\/users\/2"}],"replies":[{"embeddable":true,"href":"https:\/\/www.europesays.com\/fr\/wp-json\/wp\/v2\/comments?post=330000"}],"version-history":[{"count":0,"href":"https:\/\/www.europesays.com\/fr\/wp-json\/wp\/v2\/posts\/330000\/revisions"}],"wp:featuredmedia":[{"embeddable":true,"href":"https:\/\/www.europesays.com\/fr\/wp-json\/wp\/v2\/media\/330001"}],"wp:attachment":[{"href":"https:\/\/www.europesays.com\/fr\/wp-json\/wp\/v2\/media?parent=330000"}],"wp:term":[{"taxonomy":"category","embeddable":true,"href":"https:\/\/www.europesays.com\/fr\/wp-json\/wp\/v2\/categories?post=330000"},{"taxonomy":"post_tag","embeddable":true,"href":"https:\/\/www.europesays.com\/fr\/wp-json\/wp\/v2\/tags?post=330000"}],"curies":[{"name":"wp","href":"https:\/\/api.w.org\/{rel}","templated":true}]}}