{"id":330006,"date":"2025-08-19T19:57:07","date_gmt":"2025-08-19T19:57:07","guid":{"rendered":"https:\/\/www.europesays.com\/fr\/330006\/"},"modified":"2025-08-19T19:57:07","modified_gmt":"2025-08-19T19:57:07","slug":"en-direct-guerre-en-ukraine-les-chefs-detat-major-des-pays-membres-de-lotan-se-reuniront-mercredi-le-monde-fr","status":"publish","type":"post","link":"https:\/\/www.europesays.com\/fr\/330006\/","title":{"rendered":"En direct, guerre en Ukraine : les chefs d&#039;\u00e9tat-major des pays membres de l&#039;OTAN se r\u00e9uniront mercredi &#8211; Le Monde.fr"},"content":{"rendered":"<ol>\n<li><a href=\"https:\/\/news.google.com\/rss\/articles\/CBMi_wFBVV95cUxNUkEtdnViWURsYVM4OGo3aXNaTXZMbF9MRXhtX3J6Ym80S0dkMlp6a2c3OU1CcnZkZ184ejlGcl9OZ0k3cmZDUHdETGpFSlV0NHJoY0laQnVRV0lXcjdJd0NMR0NBUzdtelcySlVZMmxRckFZdDNLT1RoNXJvd2J6b1g4X3NhZGN6a0xkRVU0dldtaGRCNTZiRzVtOV8xNUJESGxSSTh0eDhwN3J6a20yWlhScXFaUGs1ay1jaWkyOXl6a0YtMjByVlFpVUthNVd5VlBCeVc3aEhmeHJiekRna1I2WWVlalVNX2QzdVEtb2hIeE1VcTVYZ1hCUU13ZDQ?oc=5\" target=\"_blank\" rel=\"nofollow noopener\">En direct, guerre en Ukraine : les chefs d&rsquo;\u00e9tat-major des pays membres de l&rsquo;OTAN se r\u00e9uniront mercredi<\/a>&nbsp;&nbsp;Le Monde.fr<\/li>\n<li><a href=\"https:\/\/news.google.com\/rss\/articles\/CBMi4gFBVV95cUxQTFNqbGRxRXN5X1RxM2hCaF9kQ1JTVm1RaEQtYTZCOTAyVlZfWVB6MDd1M2FHT0R5TTZVLTBQSmdGZEdBQ2JOSkkxRjZBUzIzNm9zT1Y0MmZQejFhZGl4SHVXbUtYekJXaHlrUVI3QVcxQTRlTkFZTW9tZlZTZmxYVTJIY0c5VEN1VVdoWlRDTzhiOHVOZ2ZzSjRDYWN1MkNuV1lNd1k0bzg2TTdXLUxmdHNMT2p6anNFQmdoWnJUemNJb2NzWTNxQktvdXg0QlVRMmI5aTRkVGRDVjloTk5zOFlR?oc=5\" target=\"_blank\" rel=\"nofollow noopener\">\u00abLe diable est dans les d\u00e9tails !\u00bb: Comment assurer la s\u00e9curit\u00e9 de l\u2019Ukraine en cas d\u2019accord de paix?<\/a>&nbsp;&nbsp;RFI<\/li>\n<li><a href=\"https:\/\/news.google.com\/rss\/articles\/CBMixgJBVV95cUxPcjJIajhRVzdvZnVGdWFWb0ZEdl9fRk9ldGhjSGtDT2lEMFl5aERXNnhiWFhWdW1Xc0RhcFBqbS02eFBHV1MzVFE1aVNDeEEwM3dzV2Y1WFBKSG5yRFBNWVNHMnpFbWlLbjJCWmx3emFFNENYamZqTU9sUlNTRDh5MU1IUUU3VWhFS0t3RE9XTEtVTTJqbThDYkdLYkZhQ0kyYTJUUkQzY0R3cHhyb3VSWGJscHZrcC1XS0pTXzZCaXlhdnpFSHU1Rm8ySjdYQmR3dFdWeEs1eDlvWjI5WWJiX0lwOVFscjY3Yk5Ca3BoM2ZZbnFGdC1IM1ZxckUyTHhkWk9idElHeG1uU3kwRUJRNGQzeWxxNWNPU1hGSDlqYVVYQnZqUXJHVm9RS1Z3Z0YxUXR0LXBrRkY5STQ2eGlpbl9pR3Y4UQ?oc=5\" target=\"_blank\" rel=\"nofollow noopener\">Emmanuel Macron a regagn\u00e9 le fort de Br\u00e9gan\u00e7on, o\u00f9 il participe \u00e0 une r\u00e9union de la \u00ab\u00a0Coalition des volontaires\u00a0\u00bb alli\u00e9s de l&rsquo;Ukraine par visioconf\u00e9rence<\/a>&nbsp;&nbsp;BFMTV<\/li>\n<li><a href=\"https:\/\/news.google.com\/rss\/articles\/CBMixgFBVV95cUxQWVMybUg0WkpEWW1iZVNfRkNwM2RyRGRXTHZZOFdGZWtmNElxTVpHaGo4SnJyLVhCV05wS1hrU2htSVQ1UUFwZ0hQNExSQ1REVnh0czNSWWZQbEZORkRJbXdtMENxOEluSkJ1TUpCelNoZ2dpTHpkWGFka3V6N1VPUWljYl9yZGt2QS1mR0Jia19xSDJGNmNkWXdfelFLZzhiUERqSUYwaEsxRGlFOUQydS1HNHYwa2xWcEh1UVpHTG5rLWhUSUE?oc=5\" target=\"_blank\" rel=\"nofollow noopener\">EN DIRECT &#8211; Guerre en Ukraine : une r\u00e9union entre les chefs militaires de l\u2019Otan pr\u00e9vue mercredi<\/a>&nbsp;&nbsp;Le Figaro<\/li>\n<li><a href=\"https:\/\/news.google.com\/rss\/articles\/CBMixgFBVV95cUxObTFPVy14eUpKckU5ckR1Nlg3N09RVkZia2Z4akVqZGpJT256UlBIeE1hWURhOUl1MHR1cUE5RUV3X0ZrZllzbzJKUl9hSjJhcEdGcTFOaFE3aUFjdWx4ODlhYmx5MUcydEQ2SUR0bTQtZ2dyaWFzVGI3Rl9uU2t4NVBmV2E0cGVIRXplZk9jNDBwN1c1RWJZVU5rdXNoamNnNnhoTFRycWhGb29oR3VQNjR6bnJCVlAyT0wtMEsxQWp4TFRwZGc?oc=5\" target=\"_blank\" rel=\"nofollow noopener\">Nouvelle r\u00e9union des Europ\u00e9ens, vigilance orages, Mercotte : le point \u00e0 la mi-journ\u00e9e<\/a>&nbsp;&nbsp;Le T\u00e9l\u00e9gramme<\/li>\n<\/ol>\n","protected":false},"excerpt":{"rendered":"En direct, guerre en Ukraine : les chefs d&rsquo;\u00e9tat-major des pays membres de l&rsquo;OTAN se r\u00e9uniront mercredi&nbsp;&nbsp;Le Monde.fr&hellip;\n","protected":false},"author":2,"featured_media":1445,"comment_status":"","ping_status":"","sticky":false,"template":"","format":"standard","meta":{"footnotes":""},"categories":[1590],"tags":[11,1777,674,12,220],"class_list":{"0":"post-330006","1":"post","2":"type-post","3":"status-publish","4":"format-standard","5":"has-post-thumbnail","7":"category-ukraine","8":"tag-actualites","9":"tag-eu","10":"tag-europe","11":"tag-news","12":"tag-ukraine"},"share_on_mastodon":{"url":"https:\/\/pubeurope.com\/@fr\/115057199879256784","error":""},"_links":{"self":[{"href":"https:\/\/www.europesays.com\/fr\/wp-json\/wp\/v2\/posts\/330006","targetHints":{"allow":["GET"]}}],"collection":[{"href":"https:\/\/www.europesays.com\/fr\/wp-json\/wp\/v2\/posts"}],"about":[{"href":"https:\/\/www.europesays.com\/fr\/wp-json\/wp\/v2\/types\/post"}],"author":[{"embeddable":true,"href":"https:\/\/www.europesays.com\/fr\/wp-json\/wp\/v2\/users\/2"}],"replies":[{"embeddable":true,"href":"https:\/\/www.europesays.com\/fr\/wp-json\/wp\/v2\/comments?post=330006"}],"version-history":[{"count":0,"href":"https:\/\/www.europesays.com\/fr\/wp-json\/wp\/v2\/posts\/330006\/revisions"}],"wp:featuredmedia":[{"embeddable":true,"href":"https:\/\/www.europesays.com\/fr\/wp-json\/wp\/v2\/media\/1445"}],"wp:attachment":[{"href":"https:\/\/www.europesays.com\/fr\/wp-json\/wp\/v2\/media?parent=330006"}],"wp:term":[{"taxonomy":"category","embeddable":true,"href":"https:\/\/www.europesays.com\/fr\/wp-json\/wp\/v2\/categories?post=330006"},{"taxonomy":"post_tag","embeddable":true,"href":"https:\/\/www.europesays.com\/fr\/wp-json\/wp\/v2\/tags?post=330006"}],"curies":[{"name":"wp","href":"https:\/\/api.w.org\/{rel}","templated":true}]}}