{"id":330013,"date":"2025-08-19T20:01:12","date_gmt":"2025-08-19T20:01:12","guid":{"rendered":"https:\/\/www.europesays.com\/fr\/330013\/"},"modified":"2025-08-19T20:01:12","modified_gmt":"2025-08-19T20:01:12","slug":"leurope-a-lepreuve-de-la-paix-en-ukraine-sans-respecter-pleinement-les-droits-des-russes-il-ne-peut-etre-question-dun-accord","status":"publish","type":"post","link":"https:\/\/www.europesays.com\/fr\/330013\/","title":{"rendered":"L&rsquo;Europe \u00e0 l&rsquo;\u00e9preuve de la paix en Ukraine\u00a0: \u00ab\u00a0Sans respecter pleinement les droits des\u00a0Russes, il ne peut \u00eatre question d&rsquo;un accord\u00a0\u00bb"},"content":{"rendered":"<p class=\"ap-StoryElement ap-StoryElement--mb js-paywall-target ap-StoryText\">\u00ab\u00a0Nous sommes pr\u00eats \u00e0 une rencontre bilat\u00e9rale avec <a href=\"https:\/\/www.lalibre.be\/actualite\/personne\/vladimir-poutine\/\" target=\"_self\" rel=\"nofollow noopener\">Poutine<\/a>\u00ab\u00a0, lui a prestement r\u00e9pondu Volodymyr <a href=\"https:\/\/www.lalibre.be\/international\/europe\/guerre-ukraine-russie\/2025\/08\/18\/la-reaction-de-zelensky-suite-a-sa-rencontre-avec-donald-trump-F32PGBSV2JECHKXMMCO4EXAJLU\/\" target=\"_self\" rel=\"nofollow noopener\">Zelensky<\/a>, qui a pris grand soin de ne pas contrarier son h\u00f4te durant la totalit\u00e9 de la soir\u00e9e. Les questions de fond, elles, sont toutes report\u00e9es. Le pr\u00e9sident ukrainien ayant lui-m\u00eame confirm\u00e9 lundi que le point hautement d\u00e9licat des revendications territoriales du Kremlin en Ukraine \u00e9tait \u00ab\u00a0une question que nous laisserons entre moi et Poutine\u00a0\u00bb.<\/p>\n<p><a href=\"https:\/\/www.lalibre.be\/international\/europe\/guerre-ukraine-russie\/2025\/08\/19\/une-intervention-a-bien-failli-tout-faire-capoter-les-coulisse-de-la-rencontre-entre-donald-trump-et-les-europeens-HCIRQVKO5ZCWDBE4H44TSKF5SU\/\" target=\"_blank\" rel=\"noopener noreferrer nofollow\" class=\"ap-StoryInterstitialLink ap-StoryElement ap-StoryElement--mb\">Les positionnements \u00ab\u00a0surr\u00e9alistes\u00a0\u00bb des leaders europ\u00e9ens \u00e0 la Maison Blanche : \u00ab\u00a0A un moment, le sourire de Trump s&rsquo;est effac\u00e9\u00a0\u00bb<\/a>Une possible rencontre en Suisse<\/p>\n<p class=\"ap-StoryElement ap-StoryElement--mb ap-StoryText\">La Russie a r\u00e9agi mardi par l&rsquo;entremise de son ministre des Affaires \u00e9trang\u00e8res, Sergue\u00ef Lavrov. \u00ab\u00a0La F\u00e9d\u00e9ration de Russie ne rejette aucun format concernant l&rsquo;Ukraine : ni bilat\u00e9ral, ni trilat\u00e9ral\u00a0\u00bb, a d\u00e9clar\u00e9 ce dernier lors d&rsquo;une interview accord\u00e9e \u00e0 la cha\u00eene de t\u00e9l\u00e9vision Rossia-24. Avant d&rsquo;ajouter que \u00ab\u00a0sans respecter les int\u00e9r\u00eats de s\u00e9curit\u00e9 de la Russie, sans respecter pleinement les droits des Russes et des russophones qui vivent en Ukraine, il ne peut \u00eatre question d&rsquo;aucun accord \u00e0 long terme, car ces causes doivent \u00eatre \u00e9limin\u00e9es de toute urgence dans le cadre du r\u00e8glement\u00a0\u00bb. Soit la ligne \u00e0 laquelle le Kremlin n&rsquo;a jamais d\u00e9rog\u00e9 et par laquelle il justifie le d\u00e9clenchement de l&rsquo;invasion de son voisin.<\/p>\n<p class=\"ap-StoryElement ap-StoryElement--mb ap-StoryText\">Davantage qu&rsquo;un aboutissement, tout cela ressemble donc au d\u00e9but d&rsquo;un long et p\u00e9rilleux parcours pour Kiev et ses alli\u00e9s europ\u00e9ens. D&rsquo;autant que le chef de la diplomatie russe n&rsquo;a m\u00eame pas \u00e9voqu\u00e9 le sommet quadrilat\u00e9ral (Russie, Ukraine, \u00c9tats-Unis et Union europ\u00e9enne) r\u00e9clam\u00e9 lundi par Emmanuel Macron, qui se d\u00e9m\u00e8ne depuis plus de trois ans avec les autres dirigeants du continent pour imposer l&rsquo;Europe \u00e0 la table des n\u00e9gociations.<\/p>\n<p><a href=\"https:\/\/www.lalibre.be\/international\/europe\/guerre-ukraine-russie\/2025\/08\/19\/la-russie-ne-sest-jamais-resignee-a-une-ukraine-souveraine-FZWD5OCWGRCJLD6MRI7QGYGQFM\/\" target=\"_blank\" rel=\"noopener noreferrer nofollow\" class=\"ap-StoryInterstitialLink ap-StoryElement ap-StoryElement--mb\">La Russie ne s&rsquo;est jamais r\u00e9sign\u00e9e \u00e0 une Ukraine souveraine<\/a><\/p>\n<p class=\"ap-StoryElement ap-StoryElement--mb ap-StoryText\">Le pr\u00e9sident fran\u00e7ais a propos\u00e9 mardi que la rencontre bilat\u00e9rale entre dirigeants russe et ukrainien ait lieu en Suisse, en raison de la neutralit\u00e9 du pays. Selon deux sources diplomatiques, Vladimir Poutine avait initialement propos\u00e9 \u00e0<a href=\"https:\/\/www.lalibre.be\/actualite\/personne\/donald-trump\/\" target=\"_blank\" rel=\"nofollow noopener\"> Donald Trump <\/a>que cet \u00e9change se tienne\u2026 \u00e0 Moscou. Demande cynique, fort logiquement rejet\u00e9e par Volodymyr Zelensky. Gen\u00e8ve a r\u00e9agi positivement et annonc\u00e9 que la Suisse offrirait une \u00ab\u00a0immunit\u00e9\u00a0\u00bb \u00e0 Vladimir Poutine, vis\u00e9 par un mandat d&rsquo;arr\u00eat de la Cour p\u00e9nale internationale, s&rsquo;il se rendait sur le territoire helv\u00e8te dans le cadre d&rsquo;une \u00ab\u00a0conf\u00e9rence de paix\u00a0\u00bb.<\/p>\n<p>Aucune confiance en Moscou<\/p>\n<p class=\"ap-StoryElement ap-StoryElement--mb ap-StoryText\">Sur le plan diplomatique, une porte s&rsquo;est vraisemblablement entrouverte. Mais les frappes russes incessantes sur les civils ukrainiens, le coup d&rsquo;acc\u00e9l\u00e9rateur donn\u00e9 par Moscou sur la ligne de front, et l&rsquo;intransigeance assum\u00e9e du Kremlin qui r\u00e9clame une capitulation pure et simple de l&rsquo;Ukraine depuis l&rsquo;invasion \u00e0 grande \u00e9chelle de celle-ci en f\u00e9vrier 2022, rappellent que sur le fond, rien n&rsquo;est r\u00e9gl\u00e9.<\/p>\n<p class=\"ap-StoryElement ap-StoryElement--mb ap-StoryText\">Du c\u00f4t\u00e9 europ\u00e9en, personne ne semble se leurrer. \u00ab\u00a0Aujourd&rsquo;hui, dans les faits, la Russie continue la guerre, elle l&rsquo;intensifie. Elle m\u00e8ne une guerre contre les civils ukrainiens, et elle ne donne aucun signal de vouloir sinc\u00e8rement la paix. L&rsquo;exp\u00e9rience que nous avons, sur les quinze derni\u00e8res ann\u00e9es, de M. Poutine, dans son approche, c&rsquo;est que, chaque fois qu&rsquo;il pense qu&rsquo;il peut gagner par la guerre, il ne n\u00e9gocie pas la paix\u00a0\u00bb, rappelait Emmanuel Macron lundi soir. \u00ab\u00a0J&rsquo;ai les plus grands doutes quant \u00e0 la r\u00e9alit\u00e9 d&rsquo;une volont\u00e9 de paix de la part du pr\u00e9sident russe\u00a0\u00bb. D&rsquo;o\u00f9 l&rsquo;importance, a-t-il encore rappel\u00e9, de donner \u00e0 Kiev de r\u00e9elles garanties de s\u00e9curit\u00e9.<\/p>\n<p><a href=\"https:\/\/www.lalibre.be\/international\/europe\/guerre-ukraine-russie\/2025\/08\/18\/quest-ce-que-le-missile-flamingo-le-nouvel-armement-100-ukrainien-dont-kiev-va-lancer-la-production-en-serie-TVRUTZ6JRZE3XDNL4JDVCFBFVI\/\" target=\"_blank\" rel=\"noopener noreferrer nofollow\" class=\"ap-StoryInterstitialLink ap-StoryElement ap-StoryElement--mb\">Qu&rsquo;est-ce que le missile \u00ab\u00a0Flamingo\u00a0\u00bb, le nouvel armement 100% ukrainien dont Kiev va lancer la production en s\u00e9rie?<\/a>Task force europ\u00e9enne<\/p>\n<p class=\"ap-StoryElement ap-StoryElement--mb ap-StoryText\">C&rsquo;est pr\u00e9cis\u00e9ment le travail auquel s&rsquo;attelle d\u00e9sormais la trentaine membres de la \u00ab\u00a0coalition des volontaires\u00a0\u00bb, soutiens de Kiev, dont une r\u00e9union s&rsquo;est tenue ce mardi. Donald Trump s&rsquo;est montr\u00e9 particuli\u00e8rement clair sur le sujet : les \u00c9tats-Unis \u00ab\u00a0seront impliqu\u00e9s\u00a0\u00bb dans la s\u00e9curit\u00e9 de l&rsquo;Ukraine, mais il revient \u00ab\u00a0aux pays europ\u00e9ens\u00a0\u00bb de fournir ces garanties \u00e0 l&rsquo;Ukraine \u00ab\u00a0en coordination avec les \u00c9tats-Unis\u00a0\u00bb qui ont exclu de d\u00e9ployer des troupes am\u00e9ricaines au sol. \u00c0 l&rsquo;Europe, donc, de prendre ses responsabilit\u00e9s et d&rsquo;assumer la r\u00e9ussite ou l&rsquo;\u00e9chec de ce processus de paix.<\/p>\n<p class=\"ap-StoryElement ap-StoryElement--mb ap-StoryText\">Le Kremlin, assure Donald Trump, \u00ab\u00a0est d&rsquo;accord d&rsquo;accepter des garanties de s\u00e9curit\u00e9 pour l&rsquo;Ukraine\u00a0\u00bb. Reste \u00e0 d\u00e9terminer lesquelles. Le chancelier allemand Friedrich Merz a encore insist\u00e9 \u00e0 Washington sur la n\u00e9cessit\u00e9 de mettre en place un cessez-le-feu avant toute r\u00e9union bilat\u00e9rale, alors que la Maison-Blanche a indiqu\u00e9 ne plus en faire une priorit\u00e9. L&rsquo;Ukraine et ses partenaires plaident par ailleurs pour le maintien d&rsquo;une arm\u00e9e nationale cons\u00e9quente, en opposition \u00e0 la demande russe d&rsquo;une \u00ab\u00a0d\u00e9militarisation\u00a0\u00bb.<\/p>\n<p><a href=\"https:\/\/www.lalibre.be\/international\/europe\/guerre-ukraine-russie\/2025\/08\/18\/direct-guerre-en-ukraine-zelensky-est-arrive-a-washington-pour-son-sommet-avec-trump-KQHX5FSPO5DGRPL2AFQOPRMRWY\/\" target=\"_blank\" rel=\"noopener noreferrer nofollow\" class=\"ap-StoryInterstitialLink ap-StoryElement ap-StoryElement--mb\">DIRECT \u2013 Guerre en Ukraine : Poutine veut rencontrer Zelensky \u00e0 Moscou<\/a><\/p>\n<p class=\"ap-StoryElement ap-StoryElement--mb ap-StoryText\">Les partenaires europ\u00e9ens de Kiev d\u00e9battent, enfin, depuis des mois de l&rsquo;envoi de troupes europ\u00e9ennes en Ukraine, mais il y a peu de chances que cette modalit\u00e9 se concr\u00e9tise tant que les \u00c9tats-Unis ne pr\u00e9ciseront pas la port\u00e9e de leur propre engagement, et les fameuses \u00ab\u00a0garanties similaires \u00e0 celles de l&rsquo;article 5 de l&rsquo;Otan\u00a0\u00bb annonc\u00e9es fin de semaine derni\u00e8re par Donald Trump.<\/p>\n<p class=\"ap-StoryElement ap-StoryElement--mb ap-StoryText\">\u00ab\u00a0Les \u00e9quipes de planification de la \u00ab\u00a0coalition des volontaires\u00a0\u00bb rencontreront leurs homologues am\u00e9ricains dans les prochains jours afin de renforcer davantage les plans visant \u00e0 fournir des garanties de s\u00e9curit\u00e9 solides et \u00e0 pr\u00e9parer le d\u00e9ploiement d&rsquo;une force de r\u00e9assurance si les hostilit\u00e9s prenaient fin\u00a0\u00bb a annonc\u00e9 mardi le Premier ministre britannique Keir Starmer. \u00ab\u00a0La pression sur la Russie devra se poursuivre aussi longtemps que cette paix n&rsquo;aura pas \u00e9t\u00e9 \u00e9tablie\u00a0\u00bb, a ajout\u00e9 Emmanuel Macron.<\/p>\n<p><a href=\"https:\/\/www.lalibre.be\/international\/europe\/guerre-ukraine-russie\/2025\/08\/19\/guerre-en-ukraine-costa-fait-remarquer-un-constat-dunite-et-determination-dans-lue-en-soutien-de-lukraine-TCUNODTK5FFDFJFF2GQPB5OX5E\/\" target=\"_blank\" rel=\"noopener noreferrer nofollow\" class=\"ap-StoryInterstitialLink ap-StoryElement ap-StoryElement--mb\">Guerre en Ukraine : Costa fait remarquer un constat \u00ab\u00a0d&rsquo;unit\u00e9 et d\u00e9termination\u00a0\u00bb dans l&rsquo;UE en soutien de l&rsquo;Ukraine<\/a><\/p>\n","protected":false},"excerpt":{"rendered":"\u00ab\u00a0Nous sommes pr\u00eats \u00e0 une rencontre bilat\u00e9rale avec Poutine\u00ab\u00a0, lui a prestement r\u00e9pondu Volodymyr Zelensky, qui a pris&hellip;\n","protected":false},"author":2,"featured_media":330014,"comment_status":"","ping_status":"","sticky":false,"template":"","format":"standard","meta":{"footnotes":""},"categories":[1586],"tags":[11,1777,674,1011,27,1227,12,25],"class_list":{"0":"post-330013","1":"post","2":"type-post","3":"status-publish","4":"format-standard","5":"has-post-thumbnail","7":"category-europe","8":"tag-actualites","9":"tag-eu","10":"tag-europe","11":"tag-fr","12":"tag-france","13":"tag-horizontal","14":"tag-news","15":"tag-republique-francaise"},"share_on_mastodon":{"url":"https:\/\/pubeurope.com\/@fr\/115057215736919302","error":""},"_links":{"self":[{"href":"https:\/\/www.europesays.com\/fr\/wp-json\/wp\/v2\/posts\/330013","targetHints":{"allow":["GET"]}}],"collection":[{"href":"https:\/\/www.europesays.com\/fr\/wp-json\/wp\/v2\/posts"}],"about":[{"href":"https:\/\/www.europesays.com\/fr\/wp-json\/wp\/v2\/types\/post"}],"author":[{"embeddable":true,"href":"https:\/\/www.europesays.com\/fr\/wp-json\/wp\/v2\/users\/2"}],"replies":[{"embeddable":true,"href":"https:\/\/www.europesays.com\/fr\/wp-json\/wp\/v2\/comments?post=330013"}],"version-history":[{"count":0,"href":"https:\/\/www.europesays.com\/fr\/wp-json\/wp\/v2\/posts\/330013\/revisions"}],"wp:featuredmedia":[{"embeddable":true,"href":"https:\/\/www.europesays.com\/fr\/wp-json\/wp\/v2\/media\/330014"}],"wp:attachment":[{"href":"https:\/\/www.europesays.com\/fr\/wp-json\/wp\/v2\/media?parent=330013"}],"wp:term":[{"taxonomy":"category","embeddable":true,"href":"https:\/\/www.europesays.com\/fr\/wp-json\/wp\/v2\/categories?post=330013"},{"taxonomy":"post_tag","embeddable":true,"href":"https:\/\/www.europesays.com\/fr\/wp-json\/wp\/v2\/tags?post=330013"}],"curies":[{"name":"wp","href":"https:\/\/api.w.org\/{rel}","templated":true}]}}