{"id":330015,"date":"2025-08-19T20:02:11","date_gmt":"2025-08-19T20:02:11","guid":{"rendered":"https:\/\/www.europesays.com\/fr\/330015\/"},"modified":"2025-08-19T20:02:11","modified_gmt":"2025-08-19T20:02:11","slug":"lacces-aux-contraceptifs-est-extremement-inegal-dans-lunion-europeenne","status":"publish","type":"post","link":"https:\/\/www.europesays.com\/fr\/330015\/","title":{"rendered":"L&rsquo;acc\u00e8s aux contraceptifs est extr\u00eamement in\u00e9gal dans l&rsquo;Union europ\u00e9enne"},"content":{"rendered":"<p>          <img decoding=\"async\" class=\"c-ad__placeholder__logo\" src=\"https:\/\/static.euronews.com\/website\/images\/logos\/logo-euronews-stacked-outlined-72x72-grey-9.svg\" width=\"72\" height=\"72\" alt=\"\" loading=\"lazy\"\/><br \/>\n          PUBLICIT\u00c9<\/p>\n<p>L&rsquo;acc\u00e8s \u00e0 une contraception efficace et abordable reste tr\u00e8s in\u00e9gal en Europe, mais la plupart des pays sont sur la bonne voie.<\/p>\n<p>Le dernier <a href=\"https:\/\/www.epfweb.org\/sites\/default\/files\/2025-02\/CCInfoEU_A3_EN_2025_FEB14%20BIS_0.pdf\" target=\"_blank\" rel=\"noreferrer noopener\"><strong>Atlas des politiques de contraception<\/strong><\/a> du Forum parlementaire europ\u00e9en pour les droits sexuels et reproductifs (EPF) indique que 22 pays sur 47 incluent d\u00e9sormais les contraceptifs dans leurs syst\u00e8mes de sant\u00e9 nationaux. Les services de conseil sont \u00e9galement couverts dans tous ces pays, \u00e0 l&rsquo;exception de l&rsquo;Autriche.<\/p>\n<p>Le rapport note \u00e9galement que pr\u00e8s d&rsquo;un quart des pays europ\u00e9ens disposent de sites web de qualit\u00e9, g\u00e9r\u00e9s par le gouvernement, qui offrent des informations claires sur la contraception. <\/p>\n<p>Dans 17 % des pays, la contraception d&rsquo;urgence est disponible gratuitement dans les pharmacies ou les centres de sant\u00e9 publique.<\/p>\n<p>Diff\u00e9rences nettes entre l&rsquo;ouest et l&rsquo;est de l&rsquo;Europe<\/p>\n<p>L&rsquo;Europe occidentale reste largement en t\u00eate en termes d&rsquo;acc\u00e8s \u00e0 la contraception. La France et le Luxembourg dominent le classement avec des scores de 93,2 %, suivis de pr\u00e8s par le Royaume-Uni (91,6 %), le Portugal (91,2 %) et la Belgique (90,3 %).<\/p>\n<p>\u00c0 l&rsquo;autre bout de la liste figurent la Pologne (33,2 %), la Hongrie (40 %), Chypre (42,1 %), la Slovaquie (44 %) et la Gr\u00e8ce (49 %), tous class\u00e9s parmi les plus mauvais \u00e9l\u00e8ves europ\u00e9ens en mati\u00e8re d&rsquo;acc\u00e8s \u00e0 la contraception.<\/p>\n<p>Les chercheurs qui ont compil\u00e9 l&rsquo;Atlas 2025 ont reconnu les d\u00e9veloppements politiques dans des pays tels que l&rsquo;Autriche, l&rsquo;Irlande et le Luxembourg.<\/p>\n<p>Ils ont \u00e9galement recommand\u00e9 aux d\u00e9cideurs politiques d&rsquo;\u00e9tendre la couverture, de renforcer les services de conseil &#8211; en particulier dans les zones rurales et isol\u00e9es &#8211; et de surveiller le d\u00e9veloppement des nouvelles technologies afin de lutter contre la d\u00e9sinformation et de garantir l&rsquo;autonomie en mati\u00e8re de procr\u00e9ation pour tous les Europ\u00e9ens.<\/p>\n<p>Selon les derniers <a href=\"https:\/\/www.statista.com\/statistics\/1268228\/women-who-have-unmet-needs-for-family-planning-europe\/#statisticContainer\" target=\"_blank\" rel=\"noreferrer noopener\"><strong>chiffres disponibles<\/strong><\/a>, 8,5 % des femmes europ\u00e9ennes \u00e2g\u00e9es de 15 \u00e0 49 ans souhaitent arr\u00eater ou retarder la procr\u00e9ation, mais n&rsquo;utilisent pas de moyens de contraception.<\/p>\n","protected":false},"excerpt":{"rendered":"PUBLICIT\u00c9 L&rsquo;acc\u00e8s \u00e0 une contraception efficace et abordable reste tr\u00e8s in\u00e9gal en Europe, mais la plupart des pays&hellip;\n","protected":false},"author":2,"featured_media":330016,"comment_status":"","ping_status":"","sticky":false,"template":"","format":"standard","meta":{"footnotes":""},"categories":[1586],"tags":[11,46743,1777,674,1779,1011,27,12,3886,25,3670,46742,1778,364],"class_list":{"0":"post-330015","1":"post","2":"type-post","3":"status-publish","4":"format-standard","5":"has-post-thumbnail","7":"category-europe","8":"tag-actualites","9":"tag-droit-a-lavortement","10":"tag-eu","11":"tag-europe","12":"tag-european-union","13":"tag-fr","14":"tag-france","15":"tag-news","16":"tag-politique-de-lue","17":"tag-republique-francaise","18":"tag-sante-des-femmes","19":"tag-sante-sexuelle","20":"tag-ue","21":"tag-union-europeenne"},"share_on_mastodon":{"url":"https:\/\/pubeurope.com\/@fr\/115057219614049228","error":""},"_links":{"self":[{"href":"https:\/\/www.europesays.com\/fr\/wp-json\/wp\/v2\/posts\/330015","targetHints":{"allow":["GET"]}}],"collection":[{"href":"https:\/\/www.europesays.com\/fr\/wp-json\/wp\/v2\/posts"}],"about":[{"href":"https:\/\/www.europesays.com\/fr\/wp-json\/wp\/v2\/types\/post"}],"author":[{"embeddable":true,"href":"https:\/\/www.europesays.com\/fr\/wp-json\/wp\/v2\/users\/2"}],"replies":[{"embeddable":true,"href":"https:\/\/www.europesays.com\/fr\/wp-json\/wp\/v2\/comments?post=330015"}],"version-history":[{"count":0,"href":"https:\/\/www.europesays.com\/fr\/wp-json\/wp\/v2\/posts\/330015\/revisions"}],"wp:featuredmedia":[{"embeddable":true,"href":"https:\/\/www.europesays.com\/fr\/wp-json\/wp\/v2\/media\/330016"}],"wp:attachment":[{"href":"https:\/\/www.europesays.com\/fr\/wp-json\/wp\/v2\/media?parent=330015"}],"wp:term":[{"taxonomy":"category","embeddable":true,"href":"https:\/\/www.europesays.com\/fr\/wp-json\/wp\/v2\/categories?post=330015"},{"taxonomy":"post_tag","embeddable":true,"href":"https:\/\/www.europesays.com\/fr\/wp-json\/wp\/v2\/tags?post=330015"}],"curies":[{"name":"wp","href":"https:\/\/api.w.org\/{rel}","templated":true}]}}