{"id":330017,"date":"2025-08-19T20:03:13","date_gmt":"2025-08-19T20:03:13","guid":{"rendered":"https:\/\/www.europesays.com\/fr\/330017\/"},"modified":"2025-08-19T20:03:13","modified_gmt":"2025-08-19T20:03:13","slug":"lom-pret-a-garder-rabiot-un-an-sans-jouer-si-le-club-ne-recoit-pas-loffre-souhaitee","status":"publish","type":"post","link":"https:\/\/www.europesays.com\/fr\/330017\/","title":{"rendered":"l&rsquo;OM pr\u00eat \u00e0 garder Rabiot un an sans jouer si le club ne re\u00e7oit pas l&rsquo;offre souhait\u00e9e"},"content":{"rendered":"<p>En effet, Pablo Longoria et Medhi Benatia ont fix\u00e9 un prix de vente, qui n&rsquo;a pour l&rsquo;instant pas fuit\u00e9, et estiment que l&rsquo;ancien Parisien, \u00e2g\u00e9 de 30 ans, garde une cote int\u00e9ressante sur le march\u00e9 des transferts. Selon nos informations, si ce tarif n&rsquo;est pas atteint, ils sont pr\u00eats \u00e0 conserver l&rsquo;ex-pensionnaire de la Juventus jusqu&rsquo;\u00e0 la fin de son contrat, en juin 2026. Il passerait alors un an sans jouer, comme l&rsquo;a fait Chancel Mbemba en 2024-25.<\/p>\n","protected":false},"excerpt":{"rendered":"En effet, Pablo Longoria et Medhi Benatia ont fix\u00e9 un prix de vente, qui n&rsquo;a pour l&rsquo;instant pas&hellip;\n","protected":false},"author":2,"featured_media":330018,"comment_status":"","ping_status":"","sticky":false,"template":"","format":"standard","meta":{"footnotes":""},"categories":[2],"tags":[17,11,1011,27,45385,5236,4056,1434,12,149,468,4029,25,4561],"class_list":{"0":"post-330017","1":"post","2":"type-post","3":"status-publish","4":"format-standard","5":"has-post-thumbnail","7":"category-actualites","8":"tag-17","9":"tag-actualites","10":"tag-fr","11":"tag-france","12":"tag-garder","13":"tag-jouer","14":"tag-lom","15":"tag-mercato","16":"tag-news","17":"tag-om","18":"tag-pret","19":"tag-rabiot","20":"tag-republique-francaise","21":"tag-sans"},"share_on_mastodon":{"url":"https:\/\/pubeurope.com\/@fr\/115057223596374690","error":""},"_links":{"self":[{"href":"https:\/\/www.europesays.com\/fr\/wp-json\/wp\/v2\/posts\/330017","targetHints":{"allow":["GET"]}}],"collection":[{"href":"https:\/\/www.europesays.com\/fr\/wp-json\/wp\/v2\/posts"}],"about":[{"href":"https:\/\/www.europesays.com\/fr\/wp-json\/wp\/v2\/types\/post"}],"author":[{"embeddable":true,"href":"https:\/\/www.europesays.com\/fr\/wp-json\/wp\/v2\/users\/2"}],"replies":[{"embeddable":true,"href":"https:\/\/www.europesays.com\/fr\/wp-json\/wp\/v2\/comments?post=330017"}],"version-history":[{"count":0,"href":"https:\/\/www.europesays.com\/fr\/wp-json\/wp\/v2\/posts\/330017\/revisions"}],"wp:featuredmedia":[{"embeddable":true,"href":"https:\/\/www.europesays.com\/fr\/wp-json\/wp\/v2\/media\/330018"}],"wp:attachment":[{"href":"https:\/\/www.europesays.com\/fr\/wp-json\/wp\/v2\/media?parent=330017"}],"wp:term":[{"taxonomy":"category","embeddable":true,"href":"https:\/\/www.europesays.com\/fr\/wp-json\/wp\/v2\/categories?post=330017"},{"taxonomy":"post_tag","embeddable":true,"href":"https:\/\/www.europesays.com\/fr\/wp-json\/wp\/v2\/tags?post=330017"}],"curies":[{"name":"wp","href":"https:\/\/api.w.org\/{rel}","templated":true}]}}