{"id":330019,"date":"2025-08-19T20:04:24","date_gmt":"2025-08-19T20:04:24","guid":{"rendered":"https:\/\/www.europesays.com\/fr\/330019\/"},"modified":"2025-08-19T20:04:24","modified_gmt":"2025-08-19T20:04:24","slug":"louragan-erin-bientot-une-tempete-en-france-rafales-a-170-km-h-vagues-de-10-m-les-premieres-previsions","status":"publish","type":"post","link":"https:\/\/www.europesays.com\/fr\/330019\/","title":{"rendered":"L&rsquo;ouragan Erin, bient\u00f4t une temp\u00eate en France ? Rafales \u00e0 170 km\/h, vagues de 10 m\u2026 Les premi\u00e8res pr\u00e9visions"},"content":{"rendered":"<p>            Par<br \/>\n        <strong><br \/>\n            <a href=\"https:\/\/actu.fr\/auteur\/briac-trebert\" title=\"Consulter tous les articles de Briac Tr\u00e9bert\" target=\"_blank\" rel=\"noopener\">Briac Tr\u00e9bert<\/a><br \/>\n        <\/strong><\/p>\n<p>        Publi\u00e9 le<\/p>\n<p>            19 ao\u00fbt 2025 \u00e0 15h32        <\/p>\n<p>Les mod\u00e8les <a href=\"https:\/\/actu.fr\/meteo\" target=\"_blank\" rel=\"noopener\">m\u00e9t\u00e9o<\/a> sont d\u00e9j\u00e0 \u00e0 l\u2019unisson sur ce point. La fa\u00e7ade de l\u2019oc\u00e9an Atlantique, en France, va recevoir sa premi\u00e8re houle cyclonique de la saison 2025. Les sc\u00e9narios d\u2019ensemble, comme les mod\u00e8les d\u00e9terministes, sont sur cette m\u00eame trajectoire.<\/p>\n<p class=\" wall-content\">En cause : les restes de l\u2019<a href=\"https:\/\/actu.fr\/meteo\/ouragan-erin-des-vents-a-120-km-h-prevus-la-guadeloupe-saint-martin-et-saint-barthelemy-en-alerte_63042335.html\" target=\"_blank\" rel=\"noopener\">ouragan Erin<\/a>, qui devrait passer au large des c\u00f4tes am\u00e9ricaines ces prochaines heures. De la houle, seule cons\u00e9quence en France ? Encore difficile \u00e0 dire.<\/p>\n<p class=\" wall-content\">\u00ab L\u2019ex-ouragan Erin devrait \u00eatre au nord des A\u00e7ores le mardi 26 ao\u00fbt 2025 puis remonter vers l\u2019Irlande. La p\u00e9riode <strong>du mardi 26 au jeudi 28 ao\u00fbt devrait \u00eatre sous son empreinte en France<\/strong>, au moins au niveau des vagues sur la c\u00f4te, et sans doute, dans le nord-ouest, par ses restes, vent et pluie, et il provoquera aussi du chaud dans le sud-est, encore \u00bb, anticipe, sur actu.fr, le m\u00e9t\u00e9orologue et oc\u00e9anographe Yann Amice, qui veut n\u00e9anmoins rester tr\u00e8s prudent \u00e0 cette \u00e9ch\u00e9ance lointaine.\u00a0<\/p>\n<p>O\u00f9 en est Erin en ce moment ?<\/p>\n<p>Actuellement, Erin est \u00ab inhabituellement gros \u00bb, soufflant des rafales de la puissance d&rsquo;un ouragan jusqu&rsquo;\u00e0 pr\u00e8s de 130 kilom\u00e8tres au-del\u00e0 de son \u0153il, et de l&rsquo;ordre d&rsquo;une temp\u00eate tropicale jusqu&rsquo;\u00e0 370 kilom\u00e8tres, d&rsquo;apr\u00e8s le National Hurricane Center (NHC).<\/p>\n<p>Bien qu&rsquo;il ne soit pas pr\u00e9vu qu&rsquo;il touche terre, les services m\u00e9t\u00e9orologiques ont exhort\u00e9 ce lundi apr\u00e8s-midi, 18 ao\u00fbt 2025, la population am\u00e9ricaine \u00e0 ne pas prendre Erin \u00e0 la l\u00e9g\u00e8re. Idem sur la fa\u00e7ade ouest de la France, pour un peu plus tard, donc.<\/p>\n<p>Erin arrivera-t-il en France (et quand) ?<\/p>\n<p class=\" wall-content\">Premier ouragan de la saison en Atlantique nord, Erin s\u2019est tr\u00e8s rapidement renforc\u00e9, atteignant <a href=\"https:\/\/actu.fr\/meteo\/vents-de-255-km-h-l-ouragan-erin-atteint-la-categorie-maximale-vigilance-sur-saint-martin-et-saint-barth_63043318.html\" target=\"_blank\" rel=\"noopener\">en un peu plus de 24 heures le niveau maximal d\u2019intensit\u00e9<\/a>.<\/p>\n<p class=\" wall-content\">\u00ab Il va, d\u2019apr\u00e8s les trajectoires mod\u00e9lis\u00e9es, r\u00e9int\u00e9grer le courant g\u00e9n\u00e9ral Atlantique au cours <strong>du week-end du samedi 23 ao\u00fbt et dimanche 24 ao\u00fbt 2025<\/strong> \u00bb, d\u00e9taille Yann Amice. Et il devrait ensuite prendre la direction de l\u2019Irlande, voire de la <strong><a href=\"https:\/\/actu.fr\/bretagne\/\" target=\"_blank\" rel=\"noopener\">Bretagne<\/a><\/strong>.<\/p>\n<blockquote class=\"ac-article-quote wall-content\">\n<p>D\u00e8s dimanche soir, 24 ao\u00fbt 2025, les premiers trains de houle toucheront la fa\u00e7ade aquitaine. Les pr\u00e9visions annoncent ensuite des vagues de 3 \u00e0 5 m\u00e8tres au large d\u00e8s le mercredi 27 ao\u00fbt, se combinant \u00e0 de forts coefficients de mar\u00e9e (80 \u00e0 90). Ce cocktail rendra les conditions particuli\u00e8rement dangereuses sur le littoral pour la navigation, et courants de ba\u00efnes renforc\u00e9s conjugu\u00e9s \u00e0 de puissantes vagues.\n<\/p>\n<p>    <strong>Yann Amice<\/strong><br \/>\n        Oc\u00e9anographe     <\/p><\/blockquote>\n<p>Votre r\u00e9gion, votre actu !<\/p>\n<p>Recevez chaque jour les infos qui comptent pour vous.<\/p>\n<p>\t<a href=\"https:\/\/actu.fr\/newsletter\" class=\"ac-btn ac-btn--corner ac-btn--medium ac-btn--blue800\" target=\"_blank\" rel=\"noopener\">S&rsquo;incrire<\/a><br \/>\nRafales \u00e0 170 km\/h, vagues de dix m\u00e8tres\u2026<\/p>\n<p class=\" wall-content\">\u00ab Les diff\u00e9rents ensembles de pr\u00e9visions (EPS, GEFS, UKMET) s\u2019accordent pour dire que <strong>son influence se fera sentir au large de l\u2019Europe de l\u2019ouest<\/strong> : des rafales de 150 \u00e0 170 km\/h sont attendues, g\u00e9n\u00e9rant une mer tr\u00e8s forte.<\/p>\n<p class=\" wall-content\">Dans le quadrant sud-ouest de cette profonde d\u00e9pression, la hauteur significative <strong>des vagues pourrait approcher dix m\u00e8tres<\/strong>, et atteindre localement le double pour les plus hautes vagues \u00bb, d\u00e9taille Yann Amice.<\/p>\n<p class=\" wall-content\">\n    <img   decoding=\"async\" loading=\"lazy\" src=\"https:\/\/www.europesays.com\/fr\/wp-content\/uploads\/2025\/08\/exerin-960x640.png\" alt=\"ddd\" width=\"960\" height=\"640\"\/><br \/>\n    L\u2019ombre d\u2019Erin plane sur les pr\u00e9visions m\u00e9t\u00e9o de la semaine prochaine. (\u00a9WeatherNCo avec Meteologix)<br \/>\n    <img   decoding=\"async\" loading=\"lazy\" src=\"https:\/\/www.europesays.com\/fr\/wp-content\/uploads\/2025\/08\/trajectoireserin-960x640.png\" alt=\"ddd\" width=\"960\" height=\"640\"\/><br \/>\n    Les trajectoires d\u2019Erin, envisag\u00e9es d\u2019ici le mercredi 27 ao\u00fbt 2025. (\u00a9WeatherNCo avec Meteologix)<\/p>\n<p class=\" wall-content\">Erin a travers\u00e9 dans l\u2019oc\u00e9an Atlantique des <strong>eaux exceptionnellement chaudes<\/strong>, ce qui a permis une telle mont\u00e9e en puissance. En r\u00e9chauffant les mers, le <a href=\"https:\/\/actu.fr\/tag\/rechauffement-climatique\" target=\"_blank\" rel=\"noopener\">changement climatique<\/a> rend plus probable l\u2019intensification rapide de telles temp\u00eates et augmente le risque de ph\u00e9nom\u00e8nes plus puissants.<\/p>\n<p class=\" wall-content\">Et ce que montre la trajectoire d\u2019Erin vers l\u2019Europe, c\u2019est que l\u2019activit\u00e9 cyclonique ne se limite pas qu\u2019aux tropiques, mais qu\u2019elle int\u00e9resse les r\u00e9gions temp\u00e9r\u00e9es sous forme de d\u00e9pression extra-tropicales.<\/p>\n<blockquote class=\"ac-article-quote wall-content\">\n<p>Les phases de transition, qui sont un grand classique de la fin ao\u00fbt, se produisent d\u00e9sormais dans un contexte plus chaud. Erin va ainsi r\u00e9activer le rail des perturbations. Il ouvre une porte ouest pour une d\u00e9gradation plus humide sur le quart nord-ouest de la France tandis que le sud-est va se situer \u00e0 l&rsquo;avant d&rsquo;une nouvelle pulsion d&rsquo;air chaud, ponctuelle. <\/p>\n<p>    <strong>Yann Amice<\/strong><br \/>\n        M\u00e9t\u00e9orologue      <\/p><\/blockquote>\n<p>Son intensit\u00e9 diminuera mais ne \u00ab s\u2019\u00e9teindra pas pour autant \u00bb<\/p>\n<p class=\" wall-content\">\u00c0 mesure qu\u2019Erin entrera dans des eaux plus froides, <strong>son intensit\u00e9 diminuera progressivement<\/strong>, mais ne \u00ab s\u2019\u00e9teindra pas pour autant \u00bb, met en garde Yann Amice.<\/p>\n<p class=\" wall-content\">Si les eaux plus froides ne fourniront pas l\u2019\u00e9nergie n\u00e9cessaire pour maintenir la circulation convective caract\u00e9ristique des ouragans, \u00e0 cette p\u00e9riode de l\u2019ann\u00e9e, en plein mois d\u2019ao\u00fbt, apr\u00e8s une seconde <a href=\"https:\/\/actu.fr\/tag\/canicule\" target=\"_blank\" rel=\"noopener\">canicule<\/a>, les eaux sont anormalement chaudes aussi \u00e0 nos latitudes.<\/p>\n<p class=\" wall-content\">Et ce qui retient l\u2019attention, dans ce sc\u00e9nario qui se dessine la semaine prochaine, c\u2019est surtout l\u2019<strong>interaction possible entre la circulation de surface de l\u2019ex-ouragan Erin et le jet en altitude<\/strong>, cet axe de vent d\u2019altitude tr\u00e8s puissant circulant autour de la Terre d\u2019ouest en est. Cette configuration pourrait acc\u00e9l\u00e9rer le creusement de la d\u00e9pression et redonner de la vigueur au syst\u00e8me.<\/p>\n<p class=\" wall-content\">Ces temp\u00eates extra-tropicales issues de la transformation des ouragans peuvent encore g\u00e9n\u00e9rer des ph\u00e9nom\u00e8nes marqu\u00e9s et causer des conditions m\u00e9t\u00e9orologiques, telles que des vents forts, des pluies abondantes et des inondations, lorsqu\u2019elles touchent les r\u00e9gions c\u00f4ti\u00e8res en Europe de l\u2019ouest.<\/p>\n<p class=\" wall-content\">Malgr\u00e9 des d\u00e9buts calmes, la saison des ouragans, qui s\u2019\u00e9tire de d\u00e9but juin \u00e0 fin novembre, devrait cette ann\u00e9e \u00eatre <strong>plus intense que la normale<\/strong>, selon les pr\u00e9visions des autorit\u00e9s m\u00e9t\u00e9orologiques am\u00e9ricaines.<\/p>\n<p class=\" wall-content\">Personnalisez votre actualit\u00e9 en ajoutant vos villes et m\u00e9dias en favori avec <a href=\"https:\/\/moncompte.actu.fr\" title=\"D\u00e9couvez Mon Actu\" rel=\"nofollow noopener\" data-trk=\"{&quot;cta&quot;:{&quot;action&quot;:&quot;https:\\\/\\\/moncompte.actu.fr&quot;,&quot;category&quot;:&quot;mon compte&quot;,&quot;from&quot;:&quot;article footer&quot;,&quot;name&quot;:&quot;Mon actu&quot;,&quot;type&quot;:&quot;cta&quot;}}\" target=\"_blank\">Mon Actu<\/a>.<\/p>\n","protected":false},"excerpt":{"rendered":"Par Briac Tr\u00e9bert Publi\u00e9 le 19 ao\u00fbt 2025 \u00e0 15h32 Les mod\u00e8les m\u00e9t\u00e9o sont d\u00e9j\u00e0 \u00e0 l\u2019unisson sur&hellip;\n","protected":false},"author":2,"featured_media":330020,"comment_status":"","ping_status":"","sticky":false,"template":"","format":"standard","meta":{"footnotes":""},"categories":[2],"tags":[11,1011,27,2487,2357,12,46266,25],"class_list":{"0":"post-330019","1":"post","2":"type-post","3":"status-publish","4":"format-standard","5":"has-post-thumbnail","7":"category-actualites","8":"tag-actualites","9":"tag-fr","10":"tag-france","11":"tag-meteo","12":"tag-meteo-france","13":"tag-news","14":"tag-ouragan","15":"tag-republique-francaise"},"share_on_mastodon":{"url":"https:\/\/pubeurope.com\/@fr\/115057227527703743","error":""},"_links":{"self":[{"href":"https:\/\/www.europesays.com\/fr\/wp-json\/wp\/v2\/posts\/330019","targetHints":{"allow":["GET"]}}],"collection":[{"href":"https:\/\/www.europesays.com\/fr\/wp-json\/wp\/v2\/posts"}],"about":[{"href":"https:\/\/www.europesays.com\/fr\/wp-json\/wp\/v2\/types\/post"}],"author":[{"embeddable":true,"href":"https:\/\/www.europesays.com\/fr\/wp-json\/wp\/v2\/users\/2"}],"replies":[{"embeddable":true,"href":"https:\/\/www.europesays.com\/fr\/wp-json\/wp\/v2\/comments?post=330019"}],"version-history":[{"count":0,"href":"https:\/\/www.europesays.com\/fr\/wp-json\/wp\/v2\/posts\/330019\/revisions"}],"wp:featuredmedia":[{"embeddable":true,"href":"https:\/\/www.europesays.com\/fr\/wp-json\/wp\/v2\/media\/330020"}],"wp:attachment":[{"href":"https:\/\/www.europesays.com\/fr\/wp-json\/wp\/v2\/media?parent=330019"}],"wp:term":[{"taxonomy":"category","embeddable":true,"href":"https:\/\/www.europesays.com\/fr\/wp-json\/wp\/v2\/categories?post=330019"},{"taxonomy":"post_tag","embeddable":true,"href":"https:\/\/www.europesays.com\/fr\/wp-json\/wp\/v2\/tags?post=330019"}],"curies":[{"name":"wp","href":"https:\/\/api.w.org\/{rel}","templated":true}]}}