{"id":330021,"date":"2025-08-19T20:05:12","date_gmt":"2025-08-19T20:05:12","guid":{"rendered":"https:\/\/www.europesays.com\/fr\/330021\/"},"modified":"2025-08-19T20:05:12","modified_gmt":"2025-08-19T20:05:12","slug":"apres-questions-pour-un-champion-un-autre-jeu-phare-de-france-tele-est-mis-a-la-diete","status":"publish","type":"post","link":"https:\/\/www.europesays.com\/fr\/330021\/","title":{"rendered":"Apr\u00e8s \u00ab\u00a0Questions pour un champion\u00a0\u00bb, un autre jeu phare de France t\u00e9l\u00e9 est mis \u00e0 la di\u00e8te"},"content":{"rendered":"<p>        <img decoding=\"async\" loading=\"lazy\" src=\"https:\/\/www.europesays.com\/fr\/wp-content\/uploads\/2025\/08\/3df693f_upload-1-kkpiwx0dkpi7-afp-20250401-hl-rmilani-2721219-v1-highres-fraparisfrancetv.jpg\"  width=\"728\" height=\"486\" alt=\"France T\u00e9l\u00e9vision a annonc\u00e9 que l\u2019\u00e9mission Slam sera diffus\u00e9e uniquement le week-end \u00e0 partir de la rentr\u00e9e.\"\/>  <\/p>\n<p>RICCARDO MILANI \/ Hans Lucas via AFP<\/p>\n<p>France T\u00e9l\u00e9vision a annonc\u00e9 que l\u2019\u00e9mission Slam sera diffus\u00e9e uniquement le week-end \u00e0 partir de la rentr\u00e9e.<\/p>\n<p class=\"asset asset-text\">T\u00c9L\u00c9VISION &#8211; Nouveau coup dur pour les jeux t\u00e9l\u00e9vis\u00e9s de <a href=\"https:\/\/www.huffingtonpost.fr\/medias\/article\/prime-video-et-france-televisions-contre-attaquent-apres-le-deal-de-tf1-et-netflix_252176.html\" target=\"_blank\" rel=\"noopener nofollow\" title=\"Nouvelle fen\u00eatre\">France T\u00e9l\u00e9visions<\/a>. La productrice du jeu Slam a annonc\u00e9 ce mardi 15\u00a0ao\u00fbt dans les colonnes de <a href=\"https:\/\/www.programme-tv.net\/news\/tv\/385648-exclu-slam-deprogramme-le-week-end-des-la-rentree-sur-france-3-la-production-s-explique\/\" target=\"_blank\" rel=\"noopener nofollow\" title=\"Nouvelle fen\u00eatre\">T\u00e9l\u00e9 Loisirs<\/a> la suppression \u00e0 venir de l\u2019\u00e9mission le week-end, seulement quelques semaines apr\u00e8s l\u2019annonce de l\u2019arr\u00eat de la quotidienne de <a href=\"https:\/\/www.huffingtonpost.fr\/medias\/article\/questions-pour-un-champion-ne-sera-plus-diffuse-en-semaine-mais-seulement-le-week-end_251951.html\" target=\"_blank\" rel=\"noopener nofollow\" title=\"Nouvelle fen\u00eatre\">Questions pour un champion<\/a>.<\/p>\n<p class=\"asset asset-text\">Alors que Slam \u00e9tait diffus\u00e9 sept jours sur sept la saison derni\u00e8re, le jeu sera d\u00e9sormais disponible uniquement en semaine. Ce nouveau mode de diffusion\u00a0s\u2019appliquera d\u00e8s le samedi 6\u00a0septembre.<\/p>\n<p class=\"asset asset-text\">\u00ab\u00a0C\u2019est pour des raisons d\u2019\u00e9conomie. Il y aura deux \u00e9missions en moins par semaine pour \u201cSlam\u201d et cinq en moins pour \u201cQuestions pour un champion\u201d\u00a0\u00bb, a d\u00e9clar\u00e9 la productrice du jeu Simone Harari Baulieu, aupr\u00e8s de T\u00e9l\u00e9 Loisirs. \u00ab\u00a0Nous aurions aim\u00e9 que cela continue mais nous comprenons que France T\u00e9l\u00e9visions soit dans une situation de restriction budg\u00e9taire et d\u2019efforts demand\u00e9s \u00e0 tous. \u00c0 nous de nous adapter\u00a0\u00bb, a-t-elle poursuivi.<\/p>\n<p>    \u00ab\u00a0Un contexte budg\u00e9taire particuli\u00e8rement contraint\u00a0\u00bb    <\/p>\n<p class=\"asset asset-text\">Fin juin, France T\u00e9l\u00e9visions avait annonc\u00e9 la suppression de la quotidienne de Questions pour champion, \u00ab\u00a0dans un contexte budg\u00e9taire particuli\u00e8rement contraint\u00a0\u00bb.<\/p>\n<p class=\"asset asset-text\">Cette d\u00e9cision avait \u00e9t\u00e9 vivement d\u00e9nonc\u00e9e par l\u2019animateur du jeu depuis 2016, Samuel \u00c9tienne. Plusieurs d\u00e9put\u00e9s avaient \u00e9galement \u00e9crit \u00e0 la pr\u00e9sidente du groupe audiovisuel Delphine Ernotte, pour lui faire part de leur \u00ab\u00a0profonde \u00e9motion\u00a0\u00bb face \u00e0 ce choix, et lui demander de revenir sur sa d\u00e9cision.<\/p>\n","protected":false},"excerpt":{"rendered":"RICCARDO MILANI \/ Hans Lucas via AFP France T\u00e9l\u00e9vision a annonc\u00e9 que l\u2019\u00e9mission Slam sera diffus\u00e9e uniquement le&hellip;\n","protected":false},"author":2,"featured_media":330022,"comment_status":"","ping_status":"","sticky":false,"template":"","format":"standard","meta":{"footnotes":""},"categories":[4],"tags":[11,58,1011,27,1198,12,25,252],"class_list":{"0":"post-330021","1":"post","2":"type-post","3":"status-publish","4":"format-standard","5":"has-post-thumbnail","7":"category-france","8":"tag-actualites","9":"tag-divertissement","10":"tag-fr","11":"tag-france","12":"tag-jeu-televise","13":"tag-news","14":"tag-republique-francaise","15":"tag-television"},"share_on_mastodon":{"url":"https:\/\/pubeurope.com\/@fr\/115057231791723960","error":""},"_links":{"self":[{"href":"https:\/\/www.europesays.com\/fr\/wp-json\/wp\/v2\/posts\/330021","targetHints":{"allow":["GET"]}}],"collection":[{"href":"https:\/\/www.europesays.com\/fr\/wp-json\/wp\/v2\/posts"}],"about":[{"href":"https:\/\/www.europesays.com\/fr\/wp-json\/wp\/v2\/types\/post"}],"author":[{"embeddable":true,"href":"https:\/\/www.europesays.com\/fr\/wp-json\/wp\/v2\/users\/2"}],"replies":[{"embeddable":true,"href":"https:\/\/www.europesays.com\/fr\/wp-json\/wp\/v2\/comments?post=330021"}],"version-history":[{"count":0,"href":"https:\/\/www.europesays.com\/fr\/wp-json\/wp\/v2\/posts\/330021\/revisions"}],"wp:featuredmedia":[{"embeddable":true,"href":"https:\/\/www.europesays.com\/fr\/wp-json\/wp\/v2\/media\/330022"}],"wp:attachment":[{"href":"https:\/\/www.europesays.com\/fr\/wp-json\/wp\/v2\/media?parent=330021"}],"wp:term":[{"taxonomy":"category","embeddable":true,"href":"https:\/\/www.europesays.com\/fr\/wp-json\/wp\/v2\/categories?post=330021"},{"taxonomy":"post_tag","embeddable":true,"href":"https:\/\/www.europesays.com\/fr\/wp-json\/wp\/v2\/tags?post=330021"}],"curies":[{"name":"wp","href":"https:\/\/api.w.org\/{rel}","templated":true}]}}