{"id":330025,"date":"2025-08-19T20:08:10","date_gmt":"2025-08-19T20:08:10","guid":{"rendered":"https:\/\/www.europesays.com\/fr\/330025\/"},"modified":"2025-08-19T20:08:10","modified_gmt":"2025-08-19T20:08:10","slug":"une-vente-de-billets-record","status":"publish","type":"post","link":"https:\/\/www.europesays.com\/fr\/330025\/","title":{"rendered":"une vente de billets record"},"content":{"rendered":"<p>Les organisateurs de la 10e Coupe du monde de rugby f\u00e9minin, qui d\u00e9bute ce vendredi avec la rencontre entre l\u2019Angleterre, pays h\u00f4te, et les \u00c9tats-Unis, ont d\u00e9voil\u00e9 des chiffres qui d\u00e9passent de loin les \u00e9ditions pr\u00e9c\u00e9dentes<\/p>\n<p class=\"fig-paragraph\">Lors d\u2019une conf\u00e9rence de presse, ce mardi, il a \u00e9t\u00e9 annonc\u00e9 que 375.000 des 470.000 billets disponibles avaient \u00e9t\u00e9 vendus. C\u2019est trois fois plus que lors de la Coupe du monde 2022 en Nouvelle-Z\u00e9lande et 12 fois plus les 30.000 vendus lors de la derni\u00e8re Coupe du monde organis\u00e9e par l\u2019Angleterre, en 2010.<\/p>\n<p class=\"fig-paragraph\">Par exemple, il y a 15 ans, la finale s\u2019\u00e9tait d\u00e9roul\u00e9e au Twickenham Stoop devant 13.253 personnes. Celle de cette ann\u00e9e, qui se disputera le 27 septembre, se jouera \u00e0 guichets ferm\u00e9s dans le \u00abtemple\u00bb de Twickenham, les 82.000 billets ayant trouv\u00e9 preneurs.<\/p>\n<blockquote class=\"fig-quote&#10;    \">\n<p class=\"fig-quote__text\">Ce sera la plus grande c\u00e9l\u00e9bration mondiale des femmes que nous ayons jamais vue.<\/p>\n<p>            Sarah Massey, directrice g\u00e9n\u00e9rale de WRWC\n    <\/p><\/blockquote>\n<p>                                    <a class=\"fig-a11y-skip a11y-hidden\" href=\"#fig-a11y-skip-main-inarticle\"><br \/>\n        Passer la publicit\u00e9<br \/>\n    <\/a><\/p>\n<p class=\"fig-paragraph\">Le record d\u2019un match international de rugby f\u00e9minin, qui est de 58.498 dans le m\u00eame stade pour Angleterre-France lors du Tournoi des six nations 2023, sera donc largement battu.<\/p>\n<p class=\"fig-body-link\">\n            \u00c0 lire aussi<br \/>\n        <a class=\"fig-body-link__link\" href=\"http:\/\/www.lefigaro.fr\/sports\/rugby\/rugby-feminin-les-joueuses-porteront-des-protege-dents-lumineux-pour-signaler-les-chocs-violents-a-la-tete-lors-de-la-coupe-du-monde-20250811\" data-fig-type=\"NewsFlash\" data-gtm-custom-categorie=\"navigation\" data-gtm-custom-action=\"crossclick\" data-gtm-custom-label=\"Contextuel\" data-gtm-event=\"customEventSPE\" data-fig-domain=\"LEFIGARO\" target=\"_blank\" rel=\"noopener\">Rugby f\u00e9minin\u00a0: les joueuses porteront des prot\u00e8ge-dents lumineux pour signaler les chocs violents \u00e0 la t\u00eate lors de la Coupe du monde<br \/>\n    <\/a>\n<\/p>\n<p class=\"fig-paragraph\">Plus de 40.000 personnes seront \u00e9galement pr\u00e9sentes vendredi soir au Stadium of Light de Sunderland pour voir le match d\u2019ouverture entre les Red Roses et les Am\u00e9ricaines.<\/p>\n<p class=\"fig-paragraph\">\u00abNous sommes pr\u00eats \u00e0 battre des records de fr\u00e9quentation, d\u2019audience et d\u2019engagement, a d\u00e9clar\u00e9 Sarah Massey, directrice g\u00e9n\u00e9rale de WRWC. Ce sera la plus grande c\u00e9l\u00e9bration mondiale des femmes que nous ayons jamais vue.\u00bb<\/p>\n","protected":false},"excerpt":{"rendered":"Les organisateurs de la 10e Coupe du monde de rugby f\u00e9minin, qui d\u00e9bute ce vendredi avec la rencontre&hellip;\n","protected":false},"author":2,"featured_media":330026,"comment_status":"","ping_status":"","sticky":false,"template":"","format":"standard","meta":{"footnotes":""},"categories":[1416],"tags":[13070,1011,27,479,12042,1468,60],"class_list":{"0":"post-330025","1":"post","2":"type-post","3":"status-publish","4":"format-standard","5":"has-post-thumbnail","7":"category-rugby","8":"tag-coupe-du-monde-de-rugby-feminine","9":"tag-fr","10":"tag-france","11":"tag-rugby","12":"tag-rugby-feminin","13":"tag-rugby-football","14":"tag-sports"},"share_on_mastodon":{"url":"https:\/\/pubeurope.com\/@fr\/115057243230715044","error":""},"_links":{"self":[{"href":"https:\/\/www.europesays.com\/fr\/wp-json\/wp\/v2\/posts\/330025","targetHints":{"allow":["GET"]}}],"collection":[{"href":"https:\/\/www.europesays.com\/fr\/wp-json\/wp\/v2\/posts"}],"about":[{"href":"https:\/\/www.europesays.com\/fr\/wp-json\/wp\/v2\/types\/post"}],"author":[{"embeddable":true,"href":"https:\/\/www.europesays.com\/fr\/wp-json\/wp\/v2\/users\/2"}],"replies":[{"embeddable":true,"href":"https:\/\/www.europesays.com\/fr\/wp-json\/wp\/v2\/comments?post=330025"}],"version-history":[{"count":0,"href":"https:\/\/www.europesays.com\/fr\/wp-json\/wp\/v2\/posts\/330025\/revisions"}],"wp:featuredmedia":[{"embeddable":true,"href":"https:\/\/www.europesays.com\/fr\/wp-json\/wp\/v2\/media\/330026"}],"wp:attachment":[{"href":"https:\/\/www.europesays.com\/fr\/wp-json\/wp\/v2\/media?parent=330025"}],"wp:term":[{"taxonomy":"category","embeddable":true,"href":"https:\/\/www.europesays.com\/fr\/wp-json\/wp\/v2\/categories?post=330025"},{"taxonomy":"post_tag","embeddable":true,"href":"https:\/\/www.europesays.com\/fr\/wp-json\/wp\/v2\/tags?post=330025"}],"curies":[{"name":"wp","href":"https:\/\/api.w.org\/{rel}","templated":true}]}}