{"id":330027,"date":"2025-08-19T20:09:10","date_gmt":"2025-08-19T20:09:10","guid":{"rendered":"https:\/\/www.europesays.com\/fr\/330027\/"},"modified":"2025-08-19T20:09:10","modified_gmt":"2025-08-19T20:09:10","slug":"atp-magnus-norman-coach-de-stan-wawrinka-on-esperait-une-wild-card-pour-lus-open-mais-nous-allons-revenir-a-la-maison-et-nous-ameliorer","status":"publish","type":"post","link":"https:\/\/www.europesays.com\/fr\/330027\/","title":{"rendered":"ATP > Magnus Norman, coach de Stan Wawrinka : \u00ab\u00a0On esp\u00e9rait une wild card pour l\u2019US Open, mais nous allons revenir \u00e0 la maison et nous am\u00e9liorer\u00a0\u00bb"},"content":{"rendered":"<p>Stanislas Wawrinka continue de jouer avec la m\u00eame passion qui a marqu\u00e9 toute sa carri\u00e8re. Le Suisse, battu en demi\u2010finales du Challenger de Canc\u00fan, a toute\u00adfois connu une d\u00e9cep\u00adtion\u00a0: il n\u2019a pas b\u00e9n\u00e9\u00adfici\u00e9 d\u2019une wild card pour l\u2019US Open, tournoi qu\u2019il avait remport\u00e9 en\u00a02016.<\/p>\n<p><strong>\u00ab\u202fOn esp\u00e9\u00adrait une wild card pour l\u2019US Open, mais nous allons revenir \u00e0 la maison et nous am\u00e9liorer\u202f\u00bb<\/strong>, a \u00e9crit le coach de \u00ab\u202fStan the Man\u202f\u00bb, Magnus Norman, sur Instagram.<\/p>\n<blockquote class=\"twitter-tweet\">\n<p lang=\"en\" dir=\"ltr\">Magnus latest story in IG. Confirmation that Stan did asked for the Wild Card and hasn\u2019t been awarded one.<\/p>\n<p>A shame for a past US Open cham\u00adpion\u2026 <a href=\"https:\/\/twitter.com\/usopen?ref_src=twsrc%5Etfw\" data-wpel-link=\"external\" target=\"_blank\" rel=\"nofollow external noopener\">@usopen<\/a> \ud83d\udc4e\ud83c\udffc <a href=\"https:\/\/t.co\/DPINiM4LdV\" data-wpel-link=\"external\" target=\"_blank\" rel=\"nofollow external noopener\">pic.twitter.com\/DPINiM4LdV<\/a><\/p>\n<p>\u2014 Lisa #RForever \u2764\ufe0f (@lisa_wawrinka) <a href=\"https:\/\/twitter.com\/lisa_wawrinka\/status\/1957716856401285547?ref_src=twsrc%5Etfw\" data-wpel-link=\"external\" target=\"_blank\" rel=\"nofollow external noopener\">August 19,\u00a02025<\/a><\/p><\/blockquote>\n<p><strong>La liste des invi\u00adta\u00adtions pour l\u2019US\u00a0Open\u00a0:\u00a0<\/strong><\/p>\n<blockquote class=\"twitter-tweet\">\n<p lang=\"en\" dir=\"ltr\">\ud83d\udea8 \ud835\udde2\ud835\uddd9\ud835\uddd9\ud835\udddc\ud835\uddd6\ud835\udddc\ud835\uddd8\ud835\udddf\u202f! Les wild\u2010cards pour l\u2019US Open 2025 \ud83c\uddfa\ud83c\uddf8<\/p>\n<p>\ud83d\udd35 ATP<br \/>\ud83c\uddfa\ud83c\uddf8 Basavareddy<br \/>\ud83c\uddfa\ud83c\uddf8 Holt<br \/>\ud83c\uddfa\ud83c\uddf8 Blanch<br \/>\ud83c\uddfa\ud83c\uddf8 Boyer<br \/>\ud83c\uddfa\ud83c\uddf8 Nava<br \/>\ud83c\uddfa\ud83c\uddf8 Dostanic<br \/>\ud83c\uddeb\ud83c\uddf7 Royer<br \/>\ud83c\udde6\ud83c\uddfa Schoolkate<\/p>\n<p>\ud83d\udfe3 WTA<br \/>\ud83c\uddfa\ud83c\uddf8 Venus Williams <br \/>\ud83c\uddfa\ud83c\uddf8 Pareja<br \/>\ud83c\uddfa\ud83c\uddf8 Ngounoue<br \/>\ud83c\uddfa\ud83c\uddf8 McNally<br \/>\ud83c\uddfa\ud83c\uddf8 Ahn<br \/>\ud83c\uddfa\ud83c\uddf8 Glozman<br \/>\ud83c\uddeb\ud83c\uddf7 Garcia<br \/>\ud83c\udde6\ud83c\uddfa Gibson <a href=\"https:\/\/t.co\/INzJGVEek3\" data-wpel-link=\"external\" target=\"_blank\" rel=\"nofollow external noopener\">pic.twitter.com\/INzJGVEek3<\/a><\/p>\n<p>\u2014 Univers Tennis \ud83c\udfbe (@UniversTennis) <a href=\"https:\/\/twitter.com\/UniversTennis\/status\/1955653774405444011?ref_src=twsrc%5Etfw\" data-wpel-link=\"external\" target=\"_blank\" rel=\"nofollow external noopener\">August 13,\u00a02025<\/a><\/p><\/blockquote>\n<p>J\u20115 avant le d\u00e9but du dernier Grand Chelem de l\u2019ann\u00e9e.\u00a0<\/p>\n<p class=\"post-published-date\" style=\"color: silver; font-size: 75%; text-align: left;\">Publi\u00e9 le mardi 19 ao\u00fbt 2025 \u00e0 17:36<\/p>\n<p><script async src=\"https:\/\/platform.twitter.com\/widgets.js\" charset=\"utf-8\"><\/script><\/p>\n","protected":false},"excerpt":{"rendered":"Stanislas Wawrinka continue de jouer avec la m\u00eame passion qui a marqu\u00e9 toute sa carri\u00e8re. Le Suisse, battu&hellip;\n","protected":false},"author":2,"featured_media":330028,"comment_status":"","ping_status":"","sticky":false,"template":"","format":"standard","meta":{"footnotes":""},"categories":[1415],"tags":[1011,27,2201,60,1754,1467],"class_list":{"0":"post-330027","1":"post","2":"type-post","3":"status-publish","4":"format-standard","5":"has-post-thumbnail","7":"category-tennis","8":"tag-fr","9":"tag-france","10":"tag-serena-williams","11":"tag-sports","12":"tag-stan-wawrinka","13":"tag-tennis"},"share_on_mastodon":{"url":"https:\/\/pubeurope.com\/@fr\/115057247012116589","error":""},"_links":{"self":[{"href":"https:\/\/www.europesays.com\/fr\/wp-json\/wp\/v2\/posts\/330027","targetHints":{"allow":["GET"]}}],"collection":[{"href":"https:\/\/www.europesays.com\/fr\/wp-json\/wp\/v2\/posts"}],"about":[{"href":"https:\/\/www.europesays.com\/fr\/wp-json\/wp\/v2\/types\/post"}],"author":[{"embeddable":true,"href":"https:\/\/www.europesays.com\/fr\/wp-json\/wp\/v2\/users\/2"}],"replies":[{"embeddable":true,"href":"https:\/\/www.europesays.com\/fr\/wp-json\/wp\/v2\/comments?post=330027"}],"version-history":[{"count":0,"href":"https:\/\/www.europesays.com\/fr\/wp-json\/wp\/v2\/posts\/330027\/revisions"}],"wp:featuredmedia":[{"embeddable":true,"href":"https:\/\/www.europesays.com\/fr\/wp-json\/wp\/v2\/media\/330028"}],"wp:attachment":[{"href":"https:\/\/www.europesays.com\/fr\/wp-json\/wp\/v2\/media?parent=330027"}],"wp:term":[{"taxonomy":"category","embeddable":true,"href":"https:\/\/www.europesays.com\/fr\/wp-json\/wp\/v2\/categories?post=330027"},{"taxonomy":"post_tag","embeddable":true,"href":"https:\/\/www.europesays.com\/fr\/wp-json\/wp\/v2\/tags?post=330027"}],"curies":[{"name":"wp","href":"https:\/\/api.w.org\/{rel}","templated":true}]}}