{"id":330029,"date":"2025-08-19T20:11:11","date_gmt":"2025-08-19T20:11:11","guid":{"rendered":"https:\/\/www.europesays.com\/fr\/330029\/"},"modified":"2025-08-19T20:11:11","modified_gmt":"2025-08-19T20:11:11","slug":"motogp-2025-accord-concorde-que-dalle-motoservices","status":"publish","type":"post","link":"https:\/\/www.europesays.com\/fr\/330029\/","title":{"rendered":"MotoGP 2025 : Accord Concorde, que dalle ! &#8211; Motoservices"},"content":{"rendered":"<ol>\n<li><a href=\"https:\/\/news.google.com\/rss\/articles\/CBMilwFBVV95cUxQNXM3N3dsdEk5YWJ3RGdFQUhaSTBlOVdNQzdScTR2OVpvZEdIYWk0STlIaVJxNkhqdTJuOUhtSHMxTk5YMkp1WjVKMDV2bXduOTZhTHJndTZLYzN5MVlHWVFDaHl4N3ZPcjNPTkFYUURtY1g1VENmOU9JcGk3cmpYd3JZR2JHMHNyQWRReUNBSXlCRWZTaWlz?oc=5\" target=\"_blank\" rel=\"noopener\">MotoGP 2025 : Accord Concorde, que dalle !<\/a>&nbsp;&nbsp;Motoservices<\/li>\n<li><a href=\"https:\/\/news.google.com\/rss\/articles\/CBMiwgFBVV95cUxNcmpEd0hOXzRfWDVvTVdTX2lhRlB5ZmowSVk0Y2lBSWZsSjc2bnQ4aWVzb2FEcnpTR2JZMnZJWXlpeXcwcm5xWllUeng1M2d6WUNhRGR0T3BuQmE2MmNBM1ZhLU5HWmtoTzVTTjJ4bEdjTFdKTFdlWmsxMEFFcDFUZVVDOUtHZHFmU2dBckhNRmRrTEpzUXBST3BjUmEzUjFhMkpmd3pXX2lmVTBRaUstcjBaX0g2NUVibFJpMHpvWEpJZw?oc=5\" target=\"_blank\" rel=\"noopener\">Liberty Media : la filiale MotoGP refinance ses facilit\u00e9s de dette<\/a>&nbsp;&nbsp;Zonebourse Suisse<\/li>\n<li><a href=\"https:\/\/news.google.com\/rss\/articles\/CBMi3AFBVV95cUxPUHRyX2lmdmRwbG9Hb0hTS2djQzFkZzJucnlFU0dOTHl5aWNncFp1WXd4TTVBUjBoYk0yUVJiLVhibXFjNzUySmVwVkNoR2R2UTdnck5hLU1TcEpYZWl1Qm5Gc0M2VWVZX0hsWU10cXdjVzMxZnJoNEtrZmlod0FJZnZYR043NHh2ZW9YcU1teTg1WTdUaHdTVEZfZXVOTzkwUWZveDNrQjVhWjIzY2I5UEJmWWxsaFBHOThfSFNzVmdyVE5yaXpQaHdWU0ZlaUpUdEJ2YmlkelpfelVq?oc=5\" target=\"_blank\" rel=\"noopener\">MotoGP : l\u2019icone de la F1 Fernando Alonso pr\u00e9vient les pilotes de Grand Prix que leur vie va changer avec Liberty Media<\/a>&nbsp;&nbsp;Paddock GP<\/li>\n<li><a href=\"https:\/\/news.google.com\/rss\/articles\/CBMimgFBVV95cUxNSGVOMERaYnkyRTlELUlSazNoUHNCTGozNUZLd1RRRkhScFRQOVVPY1VweTZhWVQxMUg1R19Fb3VtNHBUTkl3RkxvMlh2VzlxSExPaUg0VnBPdlB0NFdoY2lzU2FWc2IwNzBSWXd0V0RXcFJqN1NmbFEwcEY4N0xaM3dfQVlIMk5TR0VTY1JCS3RQU2UxQlo2Z3Rn?oc=5\" target=\"_blank\" rel=\"noopener\">MotoGP 2025 : Liberty, cauchemar ou vision?<\/a>&nbsp;&nbsp;Motoservices<\/li>\n<li><a href=\"https:\/\/news.google.com\/rss\/articles\/CBMivAFBVV95cUxQSUJCNllPazlOeGxiUWRkUm1JaldYVjZuVFJudXlFQVd5T3dIcGdwZU9MZkdjSlVSc1hWd3N1dW5xcEM4WUpGRmE2RGZWMmhaOHN0SXNfMGtaX3RpOHRJU2NXV2NQMjcwbGNUcVZaZ0phanc2aWlkOFVmdGpXV1duZHpVbWtDeEVFZDQ4RDF6c2ppRDRlZW5XejVXM09nRFJWUGhkNTVjOURDaXJBYWJIZVRIT2tYZnBsajQtWA?oc=5\" target=\"_blank\" rel=\"noopener\">MotoGP : Liberty Media pr\u00e9pare une r\u00e9volution \u00e9conomique avec les constructeurs<\/a>&nbsp;&nbsp;Sports Auto Moto<\/li>\n<\/ol>\n","protected":false},"excerpt":{"rendered":"MotoGP 2025 : Accord Concorde, que dalle !&nbsp;&nbsp;Motoservices Liberty Media : la filiale MotoGP refinance ses facilit\u00e9s de&hellip;\n","protected":false},"author":2,"featured_media":330030,"comment_status":"","ping_status":"","sticky":false,"template":"","format":"standard","meta":{"footnotes":""},"categories":[1413],"tags":[1011,27,1457,1456,60],"class_list":{"0":"post-330029","1":"post","2":"type-post","3":"status-publish","4":"format-standard","5":"has-post-thumbnail","7":"category-moto","8":"tag-fr","9":"tag-france","10":"tag-moto","11":"tag-motocycle","12":"tag-sports"},"share_on_mastodon":{"url":"https:\/\/pubeurope.com\/@fr\/115057254964746585","error":""},"_links":{"self":[{"href":"https:\/\/www.europesays.com\/fr\/wp-json\/wp\/v2\/posts\/330029","targetHints":{"allow":["GET"]}}],"collection":[{"href":"https:\/\/www.europesays.com\/fr\/wp-json\/wp\/v2\/posts"}],"about":[{"href":"https:\/\/www.europesays.com\/fr\/wp-json\/wp\/v2\/types\/post"}],"author":[{"embeddable":true,"href":"https:\/\/www.europesays.com\/fr\/wp-json\/wp\/v2\/users\/2"}],"replies":[{"embeddable":true,"href":"https:\/\/www.europesays.com\/fr\/wp-json\/wp\/v2\/comments?post=330029"}],"version-history":[{"count":0,"href":"https:\/\/www.europesays.com\/fr\/wp-json\/wp\/v2\/posts\/330029\/revisions"}],"wp:featuredmedia":[{"embeddable":true,"href":"https:\/\/www.europesays.com\/fr\/wp-json\/wp\/v2\/media\/330030"}],"wp:attachment":[{"href":"https:\/\/www.europesays.com\/fr\/wp-json\/wp\/v2\/media?parent=330029"}],"wp:term":[{"taxonomy":"category","embeddable":true,"href":"https:\/\/www.europesays.com\/fr\/wp-json\/wp\/v2\/categories?post=330029"},{"taxonomy":"post_tag","embeddable":true,"href":"https:\/\/www.europesays.com\/fr\/wp-json\/wp\/v2\/tags?post=330029"}],"curies":[{"name":"wp","href":"https:\/\/api.w.org\/{rel}","templated":true}]}}