{"id":330039,"date":"2025-08-19T20:16:19","date_gmt":"2025-08-19T20:16:19","guid":{"rendered":"https:\/\/www.europesays.com\/fr\/330039\/"},"modified":"2025-08-19T20:16:19","modified_gmt":"2025-08-19T20:16:19","slug":"un-photographe-ponot-a-passe-lete-a-immortaliser-les-bals-de-haute-loire-et-dailleurs","status":"publish","type":"post","link":"https:\/\/www.europesays.com\/fr\/330039\/","title":{"rendered":"Un photographe ponot a pass\u00e9 l&rsquo;\u00e9t\u00e9 \u00e0 immortaliser les bals de Haute-Loire et d&rsquo;ailleurs"},"content":{"rendered":"<p>\t\t\t\t\t\t\t\t\t\t\t\t\t\t\t\t\t\t\t\t\t\t\t\t\t\t\t\t\t\t\t\t\t\t\t\t\t\t\t\t\t\t\t\t\t\t\t\t\t\t\t\t\t\t\t\t\t\t\t\t\t\t\t<a href=\"https:\/\/www.lacommere43.fr\/component\/banners\/click\/1803.html\" target=\"_blank\" title=\"Tence Rural Master ao\u00fbt 2025\" rel=\"noopener\"><br \/>\n\t\t\t\t\t\t\t<img decoding=\"async\" loading=\"lazy\" src=\"https:\/\/www.europesays.com\/fr\/wp-content\/uploads\/2025\/08\/rural2025-5.gif\" alt=\"Tence Rural Master ao\u00fbt 2025\"\/><br \/>\n\t\t\t\t\t\t<\/a><\/p>\n<p><strong>Sylvain Nambot, alias Sylvain Nambs, a pass\u00e9 son \u00e9t\u00e9 en tant que photographe b\u00e9n\u00e9vole pour les bals organis\u00e9s en Haute-Loire, Ard\u00e8che et sur le Massif Central. Il porte un regard \u00e9pat\u00e9 de ces f\u00eates de villages qui ont battu des records d&rsquo;affluence.<\/strong><\/p>\n<p>Le Ponot a 23 ans et a choisi de passer son \u00e9t\u00e9 \u00e0 aller photographier les f\u00eates locales au b\u00e9n\u00e9fice des organisateurs, associations et mairies. Il en fait aussi profiter ses followers <a href=\"https:\/\/www.instagram.com\/SylvainNambs\" target=\"_blank\" rel=\"noopener\">sur Instagram<\/a>.<\/p>\n<p>Cet \u00e9t\u00e9, la Haute-Loire, l\u2019Ard\u00e8che et bien d\u2019autres coins du Massif central ont connu un ph\u00e9nom\u00e8ne festif sans pr\u00e9c\u00e9dent : les bals populaires ont battu tous les records. Chaque week-end \u2014 du vendredi au dimanche \u2014 les villages se sont transform\u00e9s en lieux de f\u00eate, rassemblant des centaines, parfois des milliers de personnes. Une renaissance de la f\u00eate de village, moderne, dynamique, interg\u00e9n\u00e9rationnelle. \u00ab\u00a0En tant que photographe, j\u2019ai eu la chance d\u2019\u00eatre pr\u00e9sent dans de nombreux bals cette saison : \u00e0 Langeac (Saint-Gal), Saint-Christophe-sur-Dolaizon, Landos, Vazeilles Limandre, Coucouron, Saint-Cirgues-en-Montagne\u2026 et bient\u00f4t Saint-Jean-de-Nay.\u00a0\u00bb Partout, il a fait le m\u00eame constat : \u00ab\u00a0Du monde, de l\u2019ambiance, du coeur.\u00a0\u00bb<\/p>\n<p>\u00a0<\/p>\n<p><strong>Des soir\u00e9es qui marquent les esprits<\/strong> <\/p>\n<p>Il a multipli\u00e9 les clich\u00e9s et les anecdotes de soir\u00e9es. \u00ab\u00a0\u00c0 Vazeilles-Limandre, l\u2019\u00e9nergie \u00e9tait folle, les looks m\u00e9morables, et la chute d\u2019Oc\u00e9ane restera une l\u00e9gende locale. \u00c0 Coucouron, c\u2019est tout un village qui a vibr\u00e9 jusqu\u2019au bout de la nuit, avec un bal devenu carr\u00e9ment l\u00e9gendaire. \u00c0 Landos, nouveau record d\u2019entr\u00e9e. M\u00eame chose \u00e0 Saint-Christophe, o\u00f9 le samedi soir a \u00e9t\u00e9 \u00e9lectrique. Et \u00e0 Saint-Cirgues-en-Montagne, la feria a \u00e9t\u00e9 un concentr\u00e9 d\u2019\u00e9motion, de moments fous, et de sourires inoubliables. J\u2019ai m\u00eame failli me faire courser par une vachette\u2026 Je suis photographe, pas torero !<\/p>\n<p><strong>2025 : l\u2019ann\u00e9e des records\u2026\u00a0<\/strong><\/p>\n<p>Cette saison, les bals ont pris une ampleur incroyable selon le jeune photographe ponot. Il a constat\u00e9 \u00ab\u00a0une affluence record dans tous les villages, une ambiance survolt\u00e9e mais bienveillante, des comit\u00e9s des f\u00eates jeunes et organis\u00e9s, et surtout, une volont\u00e9 collective de faire revivre la f\u00eate comme jamais\u00a0\u00bb. Selon Sylvain Nambot, \u00ab\u00a0il ne s\u2019agit pas simplement de s\u2019amuser. Ces bals racontent quelque chose de plus profond : le besoin de lien, d\u2019ancrage, de f\u00eate partag\u00e9e dans un monde parfois trop fragment\u00e9.\u00a0\u00bb<\/p>\n<p>\u00a0<\/p>\n<p><strong>Il capte et raconte<\/strong><\/p>\n<p>Chaque week-end, il s&rsquo;est plong\u00e9 en immersion avec son Nikon en bandouli\u00e8re. \u00ab\u00a0Je photographie l\u2019\u00e9v\u00e9nement au plus pr\u00e8s, et chaque lundi, je partage 20 photos sur Instagram, accompagn\u00e9es d\u2019un texte d\u00e9di\u00e9 au village, au comit\u00e9, aux b\u00e9n\u00e9voles, aux artistes. Je propose aussi un lien vers l\u2019album complet regroupant toutes les photos du week-end pour chaque village. Ainsi, chacun peut retrouver tous ces moments, tous ses amis, tous les instants de f\u00eate, dans une galerie compl\u00e8te et accessible. Ces publications sont massivement repartag\u00e9es, et mon compte Instagram est devenu un lieu o\u00f9 se rejoue la f\u00eate apr\u00e8s le week-end. Je ne cherche pas \u00e0 \u00eatre vu, mais \u00e0 rendre visible ce qui est fait. Cette ann\u00e9e 2025 m\u00e9rite d\u2019\u00eatre racont\u00e9e.\u00a0\u00bb<\/p>\n<p><strong>Un \u00e9t\u00e9 \u00e0 garder en m\u00e9moire<\/strong> <\/p>\n<p>Sylvain Nambs ajoute : \u00ab\u00a0Au-del\u00e0 de mon travail, ce que je souhaite, c\u2019est que l\u2019on se rende compte \u00e0 quel point ces bals populaires sont pr\u00e9cieux. Ils f\u00e9d\u00e8rent, ils font vibrer, ils redonnent vie \u00e0 nos villages. Ils sont l\u2019expression d\u2019une ruralit\u00e9 joyeuse, moderne, inventive. Et 2025 aura marqu\u00e9 un tournant : un retour puissant du collectif, de la f\u00eate vraie, simple et belle.\u00a0\u00bb<\/p>\n<p>        <script async src=\"\/\/www.instagram.com\/embed.js\"><\/script><\/p>\n","protected":false},"excerpt":{"rendered":"Sylvain Nambot, alias Sylvain Nambs, a pass\u00e9 son \u00e9t\u00e9 en tant que photographe b\u00e9n\u00e9vole pour les bals organis\u00e9s&hellip;\n","protected":false},"author":2,"featured_media":330040,"comment_status":"","ping_status":"","sticky":false,"template":"","format":"standard","meta":{"footnotes":""},"categories":[1358],"tags":[2281,1348,1384,1385,1386,58,59,2282,1011,27,2280,2284,2285,2283],"class_list":{"0":"post-330039","1":"post","2":"type-post","3":"status-publish","4":"format-standard","5":"has-post-thumbnail","7":"category-arts-et-design","8":"tag-actualite-43","9":"tag-arts","10":"tag-arts-and-design","11":"tag-arts-et-design","12":"tag-design","13":"tag-divertissement","14":"tag-entertainment","15":"tag-faits-divers-auvergne","16":"tag-fr","17":"tag-france","18":"tag-information-haute-loire","19":"tag-infos-43","20":"tag-journal-haute-loire","21":"tag-la-commere-43"},"share_on_mastodon":{"url":"https:\/\/pubeurope.com\/@fr\/115057275269101952","error":""},"_links":{"self":[{"href":"https:\/\/www.europesays.com\/fr\/wp-json\/wp\/v2\/posts\/330039","targetHints":{"allow":["GET"]}}],"collection":[{"href":"https:\/\/www.europesays.com\/fr\/wp-json\/wp\/v2\/posts"}],"about":[{"href":"https:\/\/www.europesays.com\/fr\/wp-json\/wp\/v2\/types\/post"}],"author":[{"embeddable":true,"href":"https:\/\/www.europesays.com\/fr\/wp-json\/wp\/v2\/users\/2"}],"replies":[{"embeddable":true,"href":"https:\/\/www.europesays.com\/fr\/wp-json\/wp\/v2\/comments?post=330039"}],"version-history":[{"count":0,"href":"https:\/\/www.europesays.com\/fr\/wp-json\/wp\/v2\/posts\/330039\/revisions"}],"wp:featuredmedia":[{"embeddable":true,"href":"https:\/\/www.europesays.com\/fr\/wp-json\/wp\/v2\/media\/330040"}],"wp:attachment":[{"href":"https:\/\/www.europesays.com\/fr\/wp-json\/wp\/v2\/media?parent=330039"}],"wp:term":[{"taxonomy":"category","embeddable":true,"href":"https:\/\/www.europesays.com\/fr\/wp-json\/wp\/v2\/categories?post=330039"},{"taxonomy":"post_tag","embeddable":true,"href":"https:\/\/www.europesays.com\/fr\/wp-json\/wp\/v2\/tags?post=330039"}],"curies":[{"name":"wp","href":"https:\/\/api.w.org\/{rel}","templated":true}]}}