{"id":330043,"date":"2025-08-19T20:18:22","date_gmt":"2025-08-19T20:18:22","guid":{"rendered":"https:\/\/www.europesays.com\/fr\/330043\/"},"modified":"2025-08-19T20:18:22","modified_gmt":"2025-08-19T20:18:22","slug":"s-w-a-t-deux-acteurs-emblematiques-vont-quitter-la-serie-avec-shemar-moore-cette-saison","status":"publish","type":"post","link":"https:\/\/www.europesays.com\/fr\/330043\/","title":{"rendered":"\u00ab\u00a0S.W.A.T.\u00a0\u00bb : Deux acteurs embl\u00e9matiques vont quitter la s\u00e9rie avec Shemar Moore cette saison"},"content":{"rendered":"<p>La suite apr\u00e8s la publicit\u00e9<\/p>\n<p>Ce mardi 19 ao\u00fbt, TF1 entame la diffusion de la septi\u00e8me saison de \u00ab\u00a0<a href=\"https:\/\/www.ozap.com\/actu\/-swat-la-serie-veut-mieux-representer-les-relations-entre-la-police-et-la-communaute-noire\/593602\" rel=\"nofollow noopener\" target=\"_blank\">S.W.A.T.<\/a>\u00a0\u00bb Mais cette avant-derni\u00e8re salve d&rsquo;\u00e9pisodes, diffus\u00e9e au printemps dernier aux \u00c9tats-Unis, marque un tournant pour les fans, avec le d\u00e9part de deux personnages phares de la s\u00e9rie. <strong>Attention, spoilers.\u00a0<\/strong><\/p>\n<p><strong>\u00ab\u00a0<\/strong>Nous vous r\u00e9servons une fin grandiose\u00a0\u00bb<\/p>\n<p>D\u00e8s l&rsquo;\u00e9pisode 5, les t\u00e9l\u00e9spectateurs disent adieu \u00e0 l&rsquo;officier Jim Street (Alex Russell), pr\u00e9sent depuis le lancement en 2017. Selon \u00ab\u00a0TV Line\u00a0\u00bb, son d\u00e9part est d\u00fb \u00e0 une d\u00e9cision des sc\u00e9naristes, prise avant m\u00eame le tournage de la saison 7. Alors qu&rsquo;il devait revenir de mani\u00e8re r\u00e9currente, son personnage n&rsquo;appara\u00eet finalement qu&rsquo;une seule fois, dans l&rsquo;\u00e9pisode qui marque ses adieux d\u00e9finitifs.<\/p>\n<p>Intitul\u00e9 \u00ab\u00a0End of the Road\u00a0\u00bb, cet \u00e9pisode voit Jim Street d\u00e9couvrir qu&rsquo;un gang de bikers s&rsquo;est empar\u00e9 de balles perforantes et entra\u00eener l&rsquo;\u00e9quipe du 20-Squad dans une chasse \u00e0 l&rsquo;homme pour \u00e9viter un braquage sanglant. Un d\u00e9part bref, qui d\u00e9\u00e7oit certains fans tant le policier \u00e9tait pr\u00e9sent depuis la premi\u00e8re saison.<\/p>\n<p>Malgr\u00e9 la frustration, Alex Russell a quitt\u00e9 \u00ab\u00a0S.W.A.T.\u00a0\u00bb sans rancune. Sur Instagram, il a tenu \u00e0 remercier l&rsquo;\u00e9quipe et les spectateurs : \u00ab\u00a0Je suis tr\u00e8s reconnaissant d&rsquo;avoir eu la chance d&rsquo;incarner Jim Street et de partager cette aventure incroyable avec ma famille &lsquo;S.W.A.T.&rsquo; (\u2026) Nous vous r\u00e9servons une fin grandiose et rassurez-vous, ce n&rsquo;est pas la derni\u00e8re fois que vous le verrez !\u00a0\u00bb<\/p>\n<p><a href=\"https:\/\/www.ozap.com\/actu\/tracker-tf1-annonce-la-date-de-lancement-de-sa-nouvelle-serie-americaine-evenement-avec-justin-hartley-this-is-us\/651125\" rel=\"nofollow noopener\" target=\"_blank\"><strong>\u00c0 LIRE AUSSI : \u00ab\u00a0Tracker\u00a0\u00bb : TF1 annonce la date de lancement de sa nouvelle s\u00e9rie am\u00e9ricaine \u00e9v\u00e9nement avec Justin Hartley (\u00ab\u00a0This is Us\u00a0\u00bb)<\/strong><\/a><\/p>\n<p>Deux \u00e9pisodes plus tard, c&rsquo;est Dominique Luca (Kenny Johnson), autre figure de la premi\u00e8re heure, qui quitte la s\u00e9rie dans des circonstances poignantes. Gravement bless\u00e9 lors d&rsquo;un assaut, Luca survit, mais se voit diagnostiquer des l\u00e9sions nerveuses irr\u00e9versibles \u00e0 l&rsquo;\u00e9paule. Refusant une reconversion administrative, il choisit la retraite au terme d&rsquo;une c\u00e9r\u00e9monie \u00e9mouvante.<\/p>\n<p>Dans une interview \u00e9galement accord\u00e9e \u00e0 \u00ab\u00a0TV Line\u00a0\u00bb, Kenny Johnson a confi\u00e9 la difficult\u00e9 de tourner ces sc\u00e8nes : \u00ab\u00a0Oh mon Dieu\u2026 Juste regarder Jay [Harrington], David [Lim], Anna [Enger Ritch] ou Odie [Gallop]\u2026 Le regard qu&rsquo;ils avaient, parce qu&rsquo;ils savaient ce que cela signifiait\u2026 Nous avons tous \u00e9t\u00e9 si proches pendant toutes ces ann\u00e9es. Chaque fois que je les regardais, c&rsquo;\u00e9tait dur, parce que c&rsquo;\u00e9tait Luca qui partait, mais pour moi, je perdais ces amis avec lesquels j&rsquo;\u00e9tais li\u00e9 depuis six ans. \u00c7a m&rsquo;a fait mal. C&rsquo;\u00e9tait un au revoir, mais aussi un &lsquo;je vous aime&rsquo; \u00e0 tout le monde.\u00a0\u00bb<\/p>\n<p>Le showrunner Andrew Dettmann a assur\u00e9 avoir voulu donner \u00e0 chacun \u00ab\u00a0son v\u00e9ritable baisser de rideau\u00a0\u00bb dans ces 13 derniers \u00e9pisodes, pens\u00e9s comme un hommage aux personnages et \u00e0 leur \u00e9volution. Une volont\u00e9 partag\u00e9e par CBS, qui avait d\u00e9cid\u00e9 du retour de la s\u00e9rie pour une saison 7 puis une saison 8 apr\u00e8s une premi\u00e8re annulation en 2023, en raison de \u00ab\u00a0l&rsquo;attachement du public et la n\u00e9cessit\u00e9 d&rsquo;apporter une vraie conclusion\u00a0\u00bb. La huiti\u00e8me saison, diffus\u00e9e en mai dernier aux \u00c9tats-Unis, sera donc la derni\u00e8re.<\/p>\n","protected":false},"excerpt":{"rendered":"La suite apr\u00e8s la publicit\u00e9 Ce mardi 19 ao\u00fbt, TF1 entame la diffusion de la septi\u00e8me saison de&hellip;\n","protected":false},"author":2,"featured_media":330044,"comment_status":"","ping_status":"","sticky":false,"template":"","format":"standard","meta":{"footnotes":""},"categories":[1356],"tags":[58,59,1011,27,252,1364],"class_list":{"0":"post-330043","1":"post","2":"type-post","3":"status-publish","4":"format-standard","5":"has-post-thumbnail","7":"category-television","8":"tag-divertissement","9":"tag-entertainment","10":"tag-fr","11":"tag-france","12":"tag-television","13":"tag-tv"},"share_on_mastodon":{"url":"https:\/\/pubeurope.com\/@fr\/115057282890159349","error":""},"_links":{"self":[{"href":"https:\/\/www.europesays.com\/fr\/wp-json\/wp\/v2\/posts\/330043","targetHints":{"allow":["GET"]}}],"collection":[{"href":"https:\/\/www.europesays.com\/fr\/wp-json\/wp\/v2\/posts"}],"about":[{"href":"https:\/\/www.europesays.com\/fr\/wp-json\/wp\/v2\/types\/post"}],"author":[{"embeddable":true,"href":"https:\/\/www.europesays.com\/fr\/wp-json\/wp\/v2\/users\/2"}],"replies":[{"embeddable":true,"href":"https:\/\/www.europesays.com\/fr\/wp-json\/wp\/v2\/comments?post=330043"}],"version-history":[{"count":0,"href":"https:\/\/www.europesays.com\/fr\/wp-json\/wp\/v2\/posts\/330043\/revisions"}],"wp:featuredmedia":[{"embeddable":true,"href":"https:\/\/www.europesays.com\/fr\/wp-json\/wp\/v2\/media\/330044"}],"wp:attachment":[{"href":"https:\/\/www.europesays.com\/fr\/wp-json\/wp\/v2\/media?parent=330043"}],"wp:term":[{"taxonomy":"category","embeddable":true,"href":"https:\/\/www.europesays.com\/fr\/wp-json\/wp\/v2\/categories?post=330043"},{"taxonomy":"post_tag","embeddable":true,"href":"https:\/\/www.europesays.com\/fr\/wp-json\/wp\/v2\/tags?post=330043"}],"curies":[{"name":"wp","href":"https:\/\/api.w.org\/{rel}","templated":true}]}}