{"id":330049,"date":"2025-08-19T20:21:18","date_gmt":"2025-08-19T20:21:18","guid":{"rendered":"https:\/\/www.europesays.com\/fr\/330049\/"},"modified":"2025-08-19T20:21:18","modified_gmt":"2025-08-19T20:21:18","slug":"le-vapotage-meilleur-que-la-cigarette-selon-les-scientifiques-vapoter-represente-un-vrai-danger-pour-la-sante","status":"publish","type":"post","link":"https:\/\/www.europesays.com\/fr\/330049\/","title":{"rendered":"Le vapotage, meilleur que la cigarette ? Selon les scientifiques, vapoter repr\u00e9sente un vrai danger pour la sant\u00e9"},"content":{"rendered":"<p> <img decoding=\"async\" fetchpriority=\"high\" src=\"https:\/\/www.europesays.com\/fr\/wp-content\/uploads\/2025\/08\/vapotage-pas-meilleur-que-la-cigarette-selon-les-scientifiques-1755429703782_1024.jpg\"  width=\"768\" height=\"432\" alt=\"Les dangers de la nicotine sont d\u00e9j\u00e0 connus\" title=\"Les dangers de la nicotine sont d\u00e9j\u00e0 connus\" data-image=\"2i7rkvtw19bm\"\/>Les dangers de la nicotine sont d\u00e9j\u00e0 connus   <img decoding=\"async\" fetchpriority=\"high\" src=\"https:\/\/www.europesays.com\/fr\/wp-content\/uploads\/2025\/05\/cindy-neves.jpg\" alt=\"Cindy Neves\" width=\"40\" height=\"40\"\/>    <a class=\"nombre text-hv\" href=\"https:\/\/www.tameteo.com\/auteur\/cindy-neves\/\" title=\"Cindy Neves\" target=\"_blank\" rel=\"noopener\">Cindy Neves<\/a>       19\/08\/2025 09:02   4 min   <\/p>\n<p>Le <strong>vapotage<\/strong>, meilleur que la nicotine ? Pas vraiment. Plusieurs \u00e9tudes se sont succ\u00e9d\u00e9es concernant les e-cigarettes ou<strong> cigarettes \u00e9lectroniques<\/strong> et ont contr\u00e9 l\u2019id\u00e9e selon laquelle le vapotage \u00e9tait une sorte d\u2019alternative douce au tabac. Les e-cigarettes repr\u00e9sentent bel et bien un danger pour les <strong>vapoteurs<\/strong>. Une r\u00e9cente \u00e9tude, men\u00e9e sur des <strong>souris <\/strong>gestantes, a m\u00eame mis en lumi\u00e8re un danger encore m\u00e9connu : les risques que le vapotage engendre sur le f\u0153tus.<\/p>\n<p>Non, le vapotage n\u2019est pas meilleur que la nicotine<\/p>\n<p>C\u2019est aux <a href=\"https:\/\/www.tameteo.com\/meteo-Amerique+du+Nord-Etats+Unis-1-3-58.html\" data-mrf-recirculation=\"cuerpo_intext\" target=\"_blank\" rel=\"noopener\">Etats-Unis<\/a>, \u00e0 l\u2019<a href=\"https:\/\/www.tameteo.com\/meteo-amerique-du-nord-etats-unis-ohio-1-3-58-85.html\" data-mrf-recirculation=\"cuerpo_intext\" target=\"_blank\" rel=\"noopener\">Ohio<\/a> State University College of Medicine, que le professeur James Cray et son \u00e9quipe ont fait des <strong>recherches <\/strong>concernant les dangers li\u00e9s \u00e0 cette cigarette 2.0. Leur \u00e9tude, publi\u00e9e dans la revue PLOS One, souligne comment le <strong>vapotage <\/strong>peut \u00eatre un facteur de modifications du cr\u00e2ne chez un f\u0153tus. Pour ce test, ils ont utilis\u00e9 des souris gestantes, qu\u2019ils ont expos\u00e9 \u00e0 un ratio de 30 % de <strong>propyl\u00e8ne glycol<\/strong> pour 70 % de <strong>glyc\u00e9rine v\u00e9g\u00e9tale<\/strong>, les principaux composants des e-liquides.<\/p>\n<p>Des malformations cr\u00e2niennes li\u00e9es au vapotage<\/p>\n<p>Les femelles expos\u00e9es \u00e0 ce m\u00e9lange ont eu des souriceaux avec des <strong>cr\u00e2nes <\/strong>plus \u00e9troits, mais aussi, n\u00e9s avec un poids plus l\u00e9ger que les souriceaux non expos\u00e9s. Ces <strong>alt\u00e9rations <\/strong>ont \u00e9t\u00e9 constat\u00e9es environ deux semaines apr\u00e8s la naissance des rongeurs. De m\u00eame, les modifications s\u2019observent sur diff\u00e9rentes port\u00e9es d\u2019animaux et sur les deux sexes. Cela semble prouver que la <strong>nicotine <\/strong>pourrait ne pas \u00eatre la seule responsable de ces <strong>malformations<\/strong>.<\/p>\n<p><a class=\"imagen \" href=\"https:\/\/www.tameteo.com\/actualites\/actualite\/economie-circulaire-l-europe-passe-t-elle-enfin-a-l-action-transition-ecologique.html\" title=\"Economie circulaire : l&#039;Europe passe-t-elle enfin \u00e0 l&#039;action ?\" target=\"_blank\" rel=\"noopener\"><img loading=\"lazy\" decoding=\"async\" fetchpriority=\"low\" class=\"lazy img-body non-editable\" src=\"https:\/\/www.europesays.com\/fr\/wp-content\/uploads\/2025\/08\/economie-circulaire-l-europe-passe-t-elle-enfin-a-l-action-transition-ecologique-1755387818657_320.j.jpeg\"  width=\"320\" height=\"225\" alt=\"Economie circulaire : l'Europe passe-t-elle enfin \u00e0 l'action ?\"\/><\/a><\/p>\n<p>En effet, le vapotage sans trace de <strong>nicotine <\/strong>est souvent pr\u00e9sent\u00e9 comme b\u00e9nin. C\u2019est d\u2019ailleurs souvent le point cl\u00e9 utilis\u00e9 par les fabricants. Selon eux, pas de nicotine, pas de <strong>danger<\/strong>. R\u00e9sultat : pour de tr\u00e8s nombreux utilisateurs de la cigarette \u00e9lectronique, la <strong>brume aromatis\u00e9e <\/strong>est totalement inoffensive. Seulement voil\u00e0, les substances utilis\u00e9es pour cr\u00e9er les e-liquides peuvent se r\u00e9v\u00e9ler irritantes, voire <strong>canc\u00e9rig\u00e8nes<\/strong>, selon les travaux synth\u00e9tis\u00e9s de la National Library of Medicine.<\/p>\n<p><img loading=\"lazy\" decoding=\"async\" fetchpriority=\"low\" class=\"lazy \" src=\"https:\/\/www.europesays.com\/fr\/wp-content\/uploads\/2025\/08\/vapotage-pas-meilleur-que-la-cigarette-selon-les-scientifiques-1755429746534_1024.jpg\"  width=\"768\" height=\"432\" alt=\"Le vapotage n'est pas meilleur pour la sant\u00e9\" title=\"Le vapotage n'est pas meilleur pour la sant\u00e9\" data-image=\"h6m9c52knzqe\"\/>Le vapotage n&rsquo;est pas meilleur pour la sant\u00e9<\/p>\n<p>Probl\u00e8me : le vapotage est entr\u00e9 dans les m\u0153urs, notamment chez les plus jeunes et les adolescents. Et d\u00e9sormais, nous savons que les <strong>vapeurs <\/strong>ne sont pas de simples vapeurs d\u2019eau, mais des <strong>substances <\/strong><strong>toxiques <\/strong>qui peuvent \u00eatre dangereuses non seulement pour les utilisateurs, mais \u00e9galement pour un f\u0153tus \u00e0 l\u2019\u00e9tat embryonnaire. Le <strong>d\u00e9veloppement du cr\u00e2ne <\/strong>commence durant cet \u00e9tat. Souvent, la future m\u00e8re n\u2019est m\u00eame pas encore au courant qu\u2019elle est enceinte.<\/p>\n<p><a class=\"imagen \" href=\"https:\/\/www.tameteo.com\/actualites\/actualite\/le-csic-et-le-creaf-le-confirment-dans-nature-les-forets-d-europe-perdent-leur-capacite-a-absorber-du-carbone-environnement.html\" title=\"Le CSIC et le CREAF le confirment dans la revue Nature : les for\u00eats d\u2019Europe perdent leur capacit\u00e9 \u00e0 absorber du carbone\" target=\"_blank\" rel=\"noopener\"><img loading=\"lazy\" decoding=\"async\" fetchpriority=\"low\" class=\"lazy img-body non-editable\" src=\"https:\/\/www.europesays.com\/fr\/wp-content\/uploads\/2025\/08\/el-csic-y-el-creaf-lo-confirman-en-nature-los-bosques-de-europa-estan-perdiendo-la-capacidad-de-abos.png\"  width=\"320\" height=\"225\" alt=\"Le CSIC et le CREAF le confirment dans la revue Nature : les for\u00eats d\u2019Europe perdent leur capacit\u00e9 \u00e0 absorber du carbone\"\/><\/a><\/p>\n<p>Des <strong>risques r\u00e9els<\/strong>, souvent effac\u00e9s par les commer\u00e7ants, qui soulignent l\u2019absence de nicotine ou encore, l&rsquo;<strong>absence de d\u00e9pendance<\/strong> de ces produits. Mais les substances utilis\u00e9es se r\u00e9v\u00e8lent toutes aussi d\u00e9l\u00e9t\u00e8res pour la sant\u00e9. Plusieurs m\u00e9decins plaident pour une <strong>v\u00e9ritable campagne de pr\u00e9vention<\/strong> li\u00e9e au vapotage, d\u2019autant plus qu\u2019il tente les plus jeunes.<\/p>\n<p>R\u00e9f\u00e9rences de l\u2019article : <\/p>\n<p><a href=\"https:\/\/info-tabac.ca\/il-est-faux-de-pretendre-que-le-vapotage-est-95-moins-nocif-que-la-cigarette\/\" target=\"_blank\" rel=\"noopener\">Il est faux de pr\u00e9tendre que le vapotage est 95 % moins nocif que la cigarette <\/a><\/p>\n<p><a href=\"https:\/\/www.science-et-vie.com\/corps-et-sante\/une-etude-preoccupante-revele-que-le-vapotage-sans-nicotine-pourrait-modifier-le-crane-du-foetus-208128.html\" target=\"_blank\" rel=\"noopener\">Une \u00e9tude pr\u00e9occupante r\u00e9v\u00e8le que les composantes des e-liquides pourraient modifier le cr\u00e2ne du f\u0153tus chez la souris <\/a><\/p>\n","protected":false},"excerpt":{"rendered":"Les dangers de la nicotine sont d\u00e9j\u00e0 connus Cindy Neves 19\/08\/2025 09:02 4 min Le vapotage, meilleur que&hellip;\n","protected":false},"author":2,"featured_media":330050,"comment_status":"","ping_status":"","sticky":false,"template":"","format":"standard","meta":{"footnotes":""},"categories":[10],"tags":[6583,1011,27,72,71,6582],"class_list":{"0":"post-330049","1":"post","2":"type-post","3":"status-publish","4":"format-standard","5":"has-post-thumbnail","7":"category-sante","8":"tag-cigarette","9":"tag-fr","10":"tag-france","11":"tag-health","12":"tag-sante","13":"tag-tabac"},"share_on_mastodon":{"url":"https:\/\/pubeurope.com\/@fr\/115057294483050752","error":""},"_links":{"self":[{"href":"https:\/\/www.europesays.com\/fr\/wp-json\/wp\/v2\/posts\/330049","targetHints":{"allow":["GET"]}}],"collection":[{"href":"https:\/\/www.europesays.com\/fr\/wp-json\/wp\/v2\/posts"}],"about":[{"href":"https:\/\/www.europesays.com\/fr\/wp-json\/wp\/v2\/types\/post"}],"author":[{"embeddable":true,"href":"https:\/\/www.europesays.com\/fr\/wp-json\/wp\/v2\/users\/2"}],"replies":[{"embeddable":true,"href":"https:\/\/www.europesays.com\/fr\/wp-json\/wp\/v2\/comments?post=330049"}],"version-history":[{"count":0,"href":"https:\/\/www.europesays.com\/fr\/wp-json\/wp\/v2\/posts\/330049\/revisions"}],"wp:featuredmedia":[{"embeddable":true,"href":"https:\/\/www.europesays.com\/fr\/wp-json\/wp\/v2\/media\/330050"}],"wp:attachment":[{"href":"https:\/\/www.europesays.com\/fr\/wp-json\/wp\/v2\/media?parent=330049"}],"wp:term":[{"taxonomy":"category","embeddable":true,"href":"https:\/\/www.europesays.com\/fr\/wp-json\/wp\/v2\/categories?post=330049"},{"taxonomy":"post_tag","embeddable":true,"href":"https:\/\/www.europesays.com\/fr\/wp-json\/wp\/v2\/tags?post=330049"}],"curies":[{"name":"wp","href":"https:\/\/api.w.org\/{rel}","templated":true}]}}