{"id":330056,"date":"2025-08-19T20:25:14","date_gmt":"2025-08-19T20:25:14","guid":{"rendered":"https:\/\/www.europesays.com\/fr\/330056\/"},"modified":"2025-08-19T20:25:14","modified_gmt":"2025-08-19T20:25:14","slug":"le-fonds-souverain-de-norvege-va-sortir-du-capital-de-six-entreprises-israeliennes","status":"publish","type":"post","link":"https:\/\/www.europesays.com\/fr\/330056\/","title":{"rendered":"Le fonds souverain de Norv\u00e8ge va sortir du capital de six entreprises isra\u00e9liennes"},"content":{"rendered":"<p>                         <img loading=\"lazy\" decoding=\"async\" src=\"https:\/\/www.europesays.com\/fr\/wp-content\/uploads\/2025\/08\/25e9015_upload-1-v0uwwejmhekv-000-36wh6mk.jpg\" alt=\"Nicolai Tangen, patron du fonds souverain norv\u00e9gien, lors d\u2019une conf\u00e9rence de presse, \u00e0 Oslo, le 29\u00a0janvier\u00a02025.\"   width=\"664\" height=\"443\"\/>    Nicolai Tangen, patron du fonds souverain norv\u00e9gien, lors d\u2019une conf\u00e9rence de presse, \u00e0 Oslo, le 29\u00a0janvier\u00a02025.  OLE BERG-RUSTEN \/ AFP                 <\/p>\n<p class=\"article__paragraph  \">Pesant plus de 20\u00a0000\u00a0milliards de couronnes (1\u00a0670\u00a0milliards d\u2019euros), le fonds souverain norv\u00e9gien, aliment\u00e9 par les revenus du royaume scandinave tir\u00e9s de l\u2019exploitation du gaz et du p\u00e9trole, est le plus grand fonds d\u2019investissement du monde. Depuis le printemps, des voix, toujours plus nombreuses, en Norv\u00e8ge et \u00e0 l\u2019\u00e9tranger, s\u2019\u00e9l\u00e8vent pour r\u00e9clamer qu\u2019il renonce \u00e0 ses actifs dans des entreprises isra\u00e9liennes. Lundi 18\u00a0ao\u00fbt, le fonds a annonc\u00e9 qu\u2019il allait exclure de son portefeuille six d\u2019entre elles, \u00ab\u00a0en lien avec la bande de Gaza et la Cisjordanie\u00a0\u00bb, sur la base des recommandations de son comit\u00e9 d\u2019\u00e9thique.<\/p>\n<p class=\"article__paragraph  \">Dans une lettre adress\u00e9e au minist\u00e8re des finances, <a href=\"https:\/\/www.lemonde.fr\/economie\/article\/2020\/08\/28\/un-milliardaire-a-la-tete-du-fonds-petrolier-norvegien_6050170_3234.html\" rel=\"nofollow noopener\" target=\"_blank\">Nicolai Tangen, le patron du fonds<\/a>, et Ida Wolden Bache, la gouverneure de la Banque de Norv\u00e8ge, pr\u00e9cisent que le fonds a c\u00e9d\u00e9 ses parts dans 23 soci\u00e9t\u00e9s cot\u00e9es en Bourse en Isra\u00ebl, pour une valeur de 4\u00a0milliards de couronnes, depuis le 30\u00a0juin. Le 14\u00a0ao\u00fbt, il d\u00e9tenait encore 19\u00a0milliards de couronnes, investies dans 38\u00a0soci\u00e9t\u00e9s isra\u00e9liennes, sur plus de 8\u00a0600\u00a0\u00e0 travers le monde.<\/p>\n<p class=\"article__paragraph  \">Lors d\u2019une conf\u00e9rence de presse, lundi, le ministre travailliste des finances, Jens Stoltenberg, n\u2019a pas exclu que les actions d\u2019autres entreprises soient vendues, si le comit\u00e9 d\u2019\u00e9thique du fonds, charg\u00e9 de garantir une strat\u00e9gie d\u2019investissement responsable, le jugeait n\u00e9cessaire. Le ministre a d\u00e9menti au passage que ces d\u00e9sinvestissements constituent \u00ab\u00a0une politisation\u00a0\u00bb du fonds, assurant que la d\u00e9cision avait \u00e9t\u00e9 prise sur la base de \u00ab\u00a0proc\u00e9dures \u00e9tablies\u00a0\u00bb.<\/p>\n<p class=\"reading-mode-only \"><strong>Il vous reste 70.23% de cet article \u00e0 lire. La suite est r\u00e9serv\u00e9e aux abonn\u00e9s.<\/strong><\/p>\n","protected":false},"excerpt":{"rendered":"Nicolai Tangen, patron du fonds souverain norv\u00e9gien, lors d\u2019une conf\u00e9rence de presse, \u00e0 Oslo, le 29\u00a0janvier\u00a02025. OLE BERG-RUSTEN&hellip;\n","protected":false},"author":2,"featured_media":330057,"comment_status":"","ping_status":"","sticky":false,"template":"","format":"standard","meta":{"footnotes":""},"categories":[6],"tags":[35,33,34,1011,27],"class_list":{"0":"post-330056","1":"post","2":"type-post","3":"status-publish","4":"format-standard","5":"has-post-thumbnail","7":"category-economie","8":"tag-business","9":"tag-economie","10":"tag-economy","11":"tag-fr","12":"tag-france"},"share_on_mastodon":{"url":"https:\/\/pubeurope.com\/@fr\/115057310265714325","error":""},"_links":{"self":[{"href":"https:\/\/www.europesays.com\/fr\/wp-json\/wp\/v2\/posts\/330056","targetHints":{"allow":["GET"]}}],"collection":[{"href":"https:\/\/www.europesays.com\/fr\/wp-json\/wp\/v2\/posts"}],"about":[{"href":"https:\/\/www.europesays.com\/fr\/wp-json\/wp\/v2\/types\/post"}],"author":[{"embeddable":true,"href":"https:\/\/www.europesays.com\/fr\/wp-json\/wp\/v2\/users\/2"}],"replies":[{"embeddable":true,"href":"https:\/\/www.europesays.com\/fr\/wp-json\/wp\/v2\/comments?post=330056"}],"version-history":[{"count":0,"href":"https:\/\/www.europesays.com\/fr\/wp-json\/wp\/v2\/posts\/330056\/revisions"}],"wp:featuredmedia":[{"embeddable":true,"href":"https:\/\/www.europesays.com\/fr\/wp-json\/wp\/v2\/media\/330057"}],"wp:attachment":[{"href":"https:\/\/www.europesays.com\/fr\/wp-json\/wp\/v2\/media?parent=330056"}],"wp:term":[{"taxonomy":"category","embeddable":true,"href":"https:\/\/www.europesays.com\/fr\/wp-json\/wp\/v2\/categories?post=330056"},{"taxonomy":"post_tag","embeddable":true,"href":"https:\/\/www.europesays.com\/fr\/wp-json\/wp\/v2\/tags?post=330056"}],"curies":[{"name":"wp","href":"https:\/\/api.w.org\/{rel}","templated":true}]}}