{"id":330060,"date":"2025-08-19T20:27:11","date_gmt":"2025-08-19T20:27:11","guid":{"rendered":"https:\/\/www.europesays.com\/fr\/330060\/"},"modified":"2025-08-19T20:27:11","modified_gmt":"2025-08-19T20:27:11","slug":"apres-la-lettre-de-netanyahu-sur-lantisemitisme-la-reponse-cinglante-de-lelysee","status":"publish","type":"post","link":"https:\/\/www.europesays.com\/fr\/330060\/","title":{"rendered":"Apr\u00e8s la lettre de Netanyahu sur l\u2019antis\u00e9mitisme, la r\u00e9ponse cinglante de l\u2019\u00c9lys\u00e9e"},"content":{"rendered":"<p>        <img decoding=\"async\" loading=\"lazy\" src=\"https:\/\/www.europesays.com\/fr\/wp-content\/uploads\/2025\/08\/7d349fe_upload-1-o1llqspy74nl-000-33yy3m7.jpg\"  width=\"728\" height=\"410\" alt=\"Le Premier ministre isra\u00e9lien Benjamin Netanyahu et Emmanuel Macron tiennent une conf\u00e9rence de presse conjointe \u00e0 J\u00e9rusalem le 24\u00a0octobre 2023.\"\/>  <\/p>\n<p>CHRISTOPHE ENA \/ AFP<\/p>\n<p>Le Premier ministre isra\u00e9lien Benjamin Netanyahu et Emmanuel Macron tiennent une conf\u00e9rence de presse conjointe \u00e0 J\u00e9rusalem le 24\u00a0octobre 2023.<\/p>\n<p class=\"asset asset-text\">INTERNATIONAL &#8211; Une mise en cause fermement rejet\u00e9e par Paris. La pr\u00e9sidence fran\u00e7aise a d\u00e9nonc\u00e9 ce mardi 19\u00a0ao\u00fbt comme \u00ab\u00a0erron\u00e9e, abjecte\u00a0\u00bb l\u2019accusation du Premier ministre isra\u00e9lien <a href=\"https:\/\/www.huffingtonpost.fr\/international\/article\/netanyahu-appelle-macron-a-renoncer-sur-la-palestine-avant-cette-date-symbolique_253759.html\" rel=\"nofollow noopener\" target=\"_blank\">Benjamin Netanyahu<\/a>, qui a estim\u00e9 que la volont\u00e9 d\u2019<a href=\"https:\/\/www.huffingtonpost.fr\/politique\/article\/face-a-l-infox-transphobe-visant-brigitte-emmanuel-macron-veut-defendre-son-honneur_253744.html\" rel=\"nofollow noopener\" target=\"_blank\">Emmanuel Macron<\/a> de reconna\u00eetre l\u2019\u00c9tat palestinien nourrissait l\u2019antis\u00e9mitisme.<\/p>\n<p class=\"asset asset-text\">La lettre du chef du gouvernement isra\u00e9lien \u00ab\u00a0ne restera pas sans r\u00e9ponse\u00a0\u00bb, a ajout\u00e9 l\u2019\u00c9lys\u00e9e, qui a aussi affirm\u00e9 que \u00ab\u00a0la R\u00e9publique prot\u00e8ge et prot\u00e9gera toujours ses compatriotes de confession juive\u00a0\u00bb. \u00ab\u00a0La p\u00e9riode exige gravit\u00e9 et responsabilit\u00e9, pas amalgames et manipulations\u00a0\u00bb, a encore indiqu\u00e9 l\u2019\u00c9lys\u00e9e.<\/p>\n<p class=\"asset asset-text\">La pr\u00e9sidence fran\u00e7aise pr\u00e9cise qu\u2019Emmanuel Macron a pris connaissance du contenu de ce courrier par voie de presse, mais qu\u2019il y r\u00e9pondra \u00e9galement par courrier.<\/p>\n<p>    La France n\u2019a \u00ab\u00a0pas de le\u00e7ons \u00e0 recevoir\u00a0\u00bb    <\/p>\n<p class=\"asset asset-text\">\u00ab\u00a0Les violences contre la communaut\u00e9 juive sont inadmissibles. C\u2019est pourquoi, au-del\u00e0 des condamnations, le Chef de l\u2019Etat a syst\u00e9matiquement demand\u00e9 \u00e0 tous ses gouvernements depuis 2017 &#8211; et encore davantage apr\u00e8s les attentats terroristes du 7 octobre 2023 &#8211; la plus grande fermet\u00e9 \u00e0 l\u2019endroit des auteurs d\u2019actes antis\u00e9mites\u00a0\u00bb, souligne encore la pr\u00e9sidence fran\u00e7aise, dans un communiqu\u00e9 transmis \u00e0 la presse. Dans son \u00ab\u00a0combat contre l\u2019antis\u00e9mitisme\u00a0\u00bb, elle rappelle l\u2019inscription de la date 12\u00a0juillet au calendrier des comm\u00e9morations nationales, d\u00e8s 2026, \u00ab\u00a0pour le 120e anniversaire de la reconnaissance de l\u2019innocence du capitaine Dreyfus\u00a0\u00bb.<\/p>\n<p class=\"asset asset-text\">Plus t\u00f4t, le Premier ministre isra\u00e9lien avait accus\u00e9 le chef d\u2019\u00c9tat fran\u00e7ais \u00ab\u00a0d\u2019alimenter le feu antis\u00e9mite\u00a0\u00bb en France. \u00ab\u00a0Je vous appelle \u00e0 remplacer la faiblesse par l\u2019action, l\u2019apaisement par la volont\u00e9, et \u00e0 le faire avant une date claire\u00a0: la nouvelle ann\u00e9e juive, le 23\u00a0septembre\u00a02025\u00a0\u00bb, \u00e9crit-il dans une lettre, en date du 17\u00a0ao\u00fbt, et transmise \u00e0 l\u2019AFP mardi. \u00ab\u00a0Depuis vos d\u00e9clarations publiques attaquant Isra\u00ebl et signalant la reconnaissance d\u2019un \u00c9tat palestinien, il a augment\u00e9\u00a0[ l\u2019antis\u00e9mitisme]\u00a0\u00bb, d\u00e9nonce-t-il encore dans cette missive.<\/p>\n<p class=\"asset asset-text\">La France n\u2019a \u00ab\u00a0pas de le\u00e7ons \u00e0 recevoir dans la lutte contre l\u2019antis\u00e9mitisme\u00a0\u00bb, avait dans la foul\u00e9e r\u00e9torqu\u00e9 sur la cha\u00eene BFMTV le ministre des Affaires europ\u00e9ennes, Benjamin Haddad, qui appelle \u00e0 ne pas \u00ab\u00a0instrumentaliser\u00a0\u00bb le sujet de \u00ab\u00a0l\u2019antis\u00e9mitisme qui empoisonne nos soci\u00e9t\u00e9s europ\u00e9ennes\u00a0\u00bb. Les autorit\u00e9s fran\u00e7aises ont selon lui \u00e9t\u00e9 \u00ab\u00a0toujours extr\u00eamement mobilis\u00e9es contre l\u2019antis\u00e9mitisme\u00a0\u00bb.<\/p>\n<p class=\"asset asset-text\">Dans sa lettre, Benjamin Netanyahu liste aussi plusieurs incidents r\u00e9cents, notamment le saccage de l\u2019entr\u00e9e de bureaux de la compagnie a\u00e9rienne isra\u00e9lienne El Al \u00e0 Paris, l\u2019agression d\u2019un homme juif \u00e0 Livry-Gargan, ou des rabbins \u00ab\u00a0agress\u00e9s dans les rues de Paris\u00a0\u00bb. \u00ab\u00a0Ces incidents ne sont pas isol\u00e9s. Ils constituent une plaie\u00a0\u00bb, souligne-t-il.<\/p>\n<p>                     Donald Trump lou\u00e9 pour son \u00ab\u00a0combat\u00a0\u00bb contre les crimes antis\u00e9mites    <\/p>\n<p class=\"asset asset-text\">Il loue en contre-exemple le pr\u00e9sident am\u00e9ricain, Donald Trump, pour son \u00ab\u00a0combat\u00a0\u00bb contre les crimes antis\u00e9mites et pour \u00ab\u00a0prot\u00e9ger les Juifs am\u00e9ricains\u00a0\u00bb.<\/p>\n<p class=\"asset asset-text\">La guerre dans la bande de Gaza, d\u00e9clench\u00e9e apr\u00e8s l\u2019attaque sans pr\u00e9c\u00e9dent du mouvement islamiste palestinien Hamas en Isra\u00ebl le 7\u00a0octobre\u00a02023, a raviv\u00e9 les vell\u00e9it\u00e9s internationales \u00e0 reconna\u00eetre l\u2019\u00c9tat de Palestine.<\/p>\n<p class=\"asset asset-text\">Fin juillet, Emmanuel Macron\u00a0a annonc\u00e9 que la France allait reconna\u00eetre l\u2019\u00c9tat de Palestine \u00e0 l\u2019Assembl\u00e9e g\u00e9n\u00e9rale de l\u2019ONU en septembre. Dans la foul\u00e9e plus d\u2019une dizaine de pays occidentaux parmi lesquels le Canada, ainsi que l\u2019Australie, ont appel\u00e9 d\u2019autre pays du monde \u00e0 faire de m\u00eame. L\u2019Assembl\u00e9e g\u00e9n\u00e9rale de l\u2019ONU pr\u00e9vue en septembre prend fin pr\u00e9cis\u00e9ment le 23, date pos\u00e9e par Benjamin Netanyahu dans son courrier.<\/p>\n","protected":false},"excerpt":{"rendered":"CHRISTOPHE ENA \/ AFP Le Premier ministre isra\u00e9lien Benjamin Netanyahu et Emmanuel Macron tiennent une conf\u00e9rence de presse&hellip;\n","protected":false},"author":2,"featured_media":330061,"comment_status":"","ping_status":"","sticky":false,"template":"","format":"standard","meta":{"footnotes":""},"categories":[4],"tags":[11,6155,3448,3259,1073,1011,27,14,12,46751,3518,25],"class_list":{"0":"post-330060","1":"post","2":"type-post","3":"status-publish","4":"format-standard","5":"has-post-thumbnail","7":"category-france","8":"tag-actualites","9":"tag-antisemitisme","10":"tag-benjamin-netanyahou","11":"tag-conflit-israelo-palestinien","12":"tag-emmanuel-macron","13":"tag-fr","14":"tag-france","15":"tag-international","16":"tag-news","17":"tag-palais-de-l-elysee","18":"tag-palestine","19":"tag-republique-francaise"},"share_on_mastodon":{"url":"https:\/\/pubeurope.com\/@fr\/115057317914527676","error":""},"_links":{"self":[{"href":"https:\/\/www.europesays.com\/fr\/wp-json\/wp\/v2\/posts\/330060","targetHints":{"allow":["GET"]}}],"collection":[{"href":"https:\/\/www.europesays.com\/fr\/wp-json\/wp\/v2\/posts"}],"about":[{"href":"https:\/\/www.europesays.com\/fr\/wp-json\/wp\/v2\/types\/post"}],"author":[{"embeddable":true,"href":"https:\/\/www.europesays.com\/fr\/wp-json\/wp\/v2\/users\/2"}],"replies":[{"embeddable":true,"href":"https:\/\/www.europesays.com\/fr\/wp-json\/wp\/v2\/comments?post=330060"}],"version-history":[{"count":0,"href":"https:\/\/www.europesays.com\/fr\/wp-json\/wp\/v2\/posts\/330060\/revisions"}],"wp:featuredmedia":[{"embeddable":true,"href":"https:\/\/www.europesays.com\/fr\/wp-json\/wp\/v2\/media\/330061"}],"wp:attachment":[{"href":"https:\/\/www.europesays.com\/fr\/wp-json\/wp\/v2\/media?parent=330060"}],"wp:term":[{"taxonomy":"category","embeddable":true,"href":"https:\/\/www.europesays.com\/fr\/wp-json\/wp\/v2\/categories?post=330060"},{"taxonomy":"post_tag","embeddable":true,"href":"https:\/\/www.europesays.com\/fr\/wp-json\/wp\/v2\/tags?post=330060"}],"curies":[{"name":"wp","href":"https:\/\/api.w.org\/{rel}","templated":true}]}}