{"id":330062,"date":"2025-08-19T20:28:15","date_gmt":"2025-08-19T20:28:15","guid":{"rendered":"https:\/\/www.europesays.com\/fr\/330062\/"},"modified":"2025-08-19T20:28:15","modified_gmt":"2025-08-19T20:28:15","slug":"le-sursaut-des-europeens-pour-ramener-trump-dans-leur-camp","status":"publish","type":"post","link":"https:\/\/www.europesays.com\/fr\/330062\/","title":{"rendered":"le sursaut des Europ\u00e9ens pour ramener Trump dans leur camp"},"content":{"rendered":"<p><strong>ANALYSE<\/strong> &#8211; Les discussions vont commencer entre Europ\u00e9ens et Am\u00e9ricains sur les garanties de s\u00e9curit\u00e9 qui pourraient \u00eatre propos\u00e9es \u00e0 l\u2019Ukraine en cas d\u2019accord de paix avec la Russie.<\/p>\n<p class=\"fig-paragraph\">Apr\u00e8s son entretien avec Vladimir Poutine, Donald Trump a r\u00e9uni ses partenaires europ\u00e9ens &#8211;\u00a0<a href=\"http:\/\/www.lefigaro.fr\/international\/discussions-sur-l-ukraine-trump-qualifie-les-dirigeants-europeens-de-gens-formidables-20250813\" target=\"_blank\" data-fig-type=\"NewsFlash\" rel=\"noopener nofollow\" data-gtm-custom-categorie=\"navigation\" data-gtm-custom-action=\"crossclick\" data-gtm-custom-label=\"Contextuel\" data-gtm-event=\"customEventSPE\" data-fig-domain=\"LEFIGARO\">qu\u2019il trouve formidables<\/a>, comme il le leur a r\u00e9p\u00e9t\u00e9 jusqu\u2019\u00e0 la caricature &#8211; dans le Bureau ovale. Leur r\u00e9union avait \u00e9t\u00e9 interrompue peu auparavant pour permettre un entretien avec le pr\u00e9sident russe, Vladimir Poutine, alors que le tempo diplomatique venait encore de s\u2019acc\u00e9l\u00e9rer ce\u00a0lundi. Tous tentent de trouver une issue \u00e0 la\u00a0<a href=\"http:\/\/www.lefigaro.fr\/international\/dossier\/tensions-entre-la-russie-et-l-ukraine-tout-comprendre-a-la-menace-d-une-invasion-russe\" target=\"_blank\" data-fig-type=\"Topic\" rel=\"noopener nofollow\" data-gtm-custom-categorie=\"navigation\" data-gtm-custom-action=\"crossclick\" data-gtm-custom-label=\"Contextuel\" data-gtm-event=\"customEventSPE\" data-fig-domain=\"LEFIGARO\">guerre en Ukraine<\/a>, parfois avec des id\u00e9es diff\u00e9rentes.<\/p>\n<p class=\"fig-paragraph\">Le milliardaire leur a racont\u00e9 la discussion et la r\u00e9ponse du Russe \u00e0 la proposition d\u2019une rencontre bilat\u00e9rale entre le pr\u00e9sident ukrainien, Volodymyr Zelensky, et lui. La Russie dit accepter l\u2019id\u00e9e sous conditions. Vladimir Poutine a aussi propos\u00e9 de l\u2019organiser \u00e0 Moscou\u2026 Les leaders europ\u00e9ens autour de Donald Trump &#8211; Emmanuel Macron, Keir Starmer, Friedrich Merz, Giorgia Meloni, Ursula von\u00a0der\u00a0Leyen, Mark Rutte et\u00a0<a href=\"http:\/\/www.lefigaro.fr\/international\/alexander-stubb-nous-devons-nous-assurer-que-poutine-perde-la-guerre-20250124\" target=\"_blank\" data-fig-type=\"Article\" rel=\"noopener nofollow\" data-gtm-custom-categorie=\"navigation\" data-gtm-custom-action=\"crossclick\" data-gtm-custom-label=\"Contextuel\" data-gtm-event=\"customEventSPE\" data-fig-domain=\"LEFIGARO\">Alexander Stubb<\/a>\u00a0&#8211; qui avaient tous fait le d\u00e9placement express jusqu\u2019\u00e0 Washington pour soutenir le pr\u00e9sident\u2026<\/p>\n<p class=\"fig-premium-paywall__infos\">\n        Cet article est r\u00e9serv\u00e9 aux abonn\u00e9s.        Il vous reste 87% \u00e0 d\u00e9couvrir.\n    <\/p>\n<p>                <img  data- alt=\"Le Figaro\" class=\"fig-img--complete fig-img\"\/><\/p>\n<p class=\"fig-premium-paywall__title\">Vente Flash<\/p>\n<p class=\"fig-premium-paywall__subtitle\">4,99\u20ac par mois pendant 12 mois. Sans engagement<\/p>\n<p class=\"fig-premium-paywall__connect\">\n                D\u00e9j\u00e0 abonn\u00e9\u00a0?                <a class=\"fig-premium-paywall__connect-link\" href=\"https:\/\/connect.lefigaro.fr\/login?client=horizon_web&amp;type=main&amp;redirect_uri=https%3A%2F%2Fwww.lefigaro.fr%2Finternational%2Fguerre-en-ukraine-le-sursaut-des-europeens-pour-ramener-trump-dans-leur-camp-20250819\" data-js-gtm=\"{&quot;customCategorie&quot;: &quot;conversion&quot;, &quot;customAction&quot;: &quot;before_Landing_Connexion_paywall_auto&quot;, &quot;customLabel&quot;: &quot;bGVmaWdhcm8uZnJfXzFmMDdkMDM0LWIwMDYtNmRkZS04NmU5LWI1ZWQxYTFiY2JhN19fQXJ0aWNsZQ==_Guerre en Ukraine\u00a0: le sursaut des Europ\u00e9ens pour ramener Trump dans leur camp_525&quot;, &quot;customIDSPE&quot;: &quot;bGVmaWdhcm8uZnJfXzFmMDdkMDM0LWIwMDYtNmRkZS04NmU5LWI1ZWQxYTFiY2JhN19fQXJ0aWNsZQ==&quot;, &quot;event&quot;: &quot;customEventSPE&quot;}\" rel=\"nofollow noopener\" target=\"_blank\"><br \/>\n                    Connectez-vous<br \/>\n                <\/a>\n            <\/p>\n","protected":false},"excerpt":{"rendered":"ANALYSE &#8211; Les discussions vont commencer entre Europ\u00e9ens et Am\u00e9ricains sur les garanties de s\u00e9curit\u00e9 qui pourraient \u00eatre&hellip;\n","protected":false},"author":2,"featured_media":330063,"comment_status":"","ping_status":"","sticky":false,"template":"","format":"standard","meta":{"footnotes":""},"categories":[2],"tags":[11,75,674,1011,27,12,220],"class_list":{"0":"post-330062","1":"post","2":"type-post","3":"status-publish","4":"format-standard","5":"has-post-thumbnail","7":"category-actualites","8":"tag-actualites","9":"tag-donald-trump","10":"tag-europe","11":"tag-fr","12":"tag-france","13":"tag-news","14":"tag-ukraine"},"share_on_mastodon":{"url":"https:\/\/pubeurope.com\/@fr\/115057321783646794","error":""},"_links":{"self":[{"href":"https:\/\/www.europesays.com\/fr\/wp-json\/wp\/v2\/posts\/330062","targetHints":{"allow":["GET"]}}],"collection":[{"href":"https:\/\/www.europesays.com\/fr\/wp-json\/wp\/v2\/posts"}],"about":[{"href":"https:\/\/www.europesays.com\/fr\/wp-json\/wp\/v2\/types\/post"}],"author":[{"embeddable":true,"href":"https:\/\/www.europesays.com\/fr\/wp-json\/wp\/v2\/users\/2"}],"replies":[{"embeddable":true,"href":"https:\/\/www.europesays.com\/fr\/wp-json\/wp\/v2\/comments?post=330062"}],"version-history":[{"count":0,"href":"https:\/\/www.europesays.com\/fr\/wp-json\/wp\/v2\/posts\/330062\/revisions"}],"wp:featuredmedia":[{"embeddable":true,"href":"https:\/\/www.europesays.com\/fr\/wp-json\/wp\/v2\/media\/330063"}],"wp:attachment":[{"href":"https:\/\/www.europesays.com\/fr\/wp-json\/wp\/v2\/media?parent=330062"}],"wp:term":[{"taxonomy":"category","embeddable":true,"href":"https:\/\/www.europesays.com\/fr\/wp-json\/wp\/v2\/categories?post=330062"},{"taxonomy":"post_tag","embeddable":true,"href":"https:\/\/www.europesays.com\/fr\/wp-json\/wp\/v2\/tags?post=330062"}],"curies":[{"name":"wp","href":"https:\/\/api.w.org\/{rel}","templated":true}]}}